{"id":58621,"date":"2025-11-20T08:00:00","date_gmt":"2025-11-20T08:00:00","guid":{"rendered":"https:\/\/addinformatica.com\/?p=58621"},"modified":"2025-11-11T08:28:31","modified_gmt":"2025-11-11T08:28:31","slug":"abordatge-multidisciplinar-clau-per-a-la-deteccio-precoc-i-maneig-de-la-fragilitat-en-persones-grans","status":"publish","type":"post","link":"https:\/\/addinformatica.com\/ca\/noticies\/abordatge-multidisciplinar-clau-per-a-la-deteccio-precoc-i-maneig-de-la-fragilitat-en-persones-grans\/","title":{"rendered":"Abordatge multidisciplinar: clau per a la detecci\u00f3 preco\u00e7 i maneig de la fragilitat en persones grans"},"content":{"rendered":"\n<figure class=\"wp-block-image aligncenter size-large\"><img loading=\"lazy\" decoding=\"async\" width=\"1024\" height=\"684\" src=\"https:\/\/addinformatica.com\/wp-content\/uploads\/2025\/11\/el-abordaje-multidisplinar-como-clave-para-la-deteccion-precoz-y-manejo-de-la-fragilidad-en-personas-mayores-1024x684.jpg\" alt=\"el-abordatge-multidisplinar-com-clau-per-la-deteccio-preco\u00e7-i-maneig-de-la-fragilitat-en-persones-majors\" class=\"wp-image-58564\" srcset=\"https:\/\/addinformatica.com\/wp-content\/uploads\/2025\/11\/el-abordaje-multidisplinar-como-clave-para-la-deteccion-precoz-y-manejo-de-la-fragilidad-en-personas-mayores-1024x684.jpg 1024w, https:\/\/addinformatica.com\/wp-content\/uploads\/2025\/11\/el-abordaje-multidisplinar-como-clave-para-la-deteccion-precoz-y-manejo-de-la-fragilidad-en-personas-mayores-300x200.jpg 300w, https:\/\/addinformatica.com\/wp-content\/uploads\/2025\/11\/el-abordaje-multidisplinar-como-clave-para-la-deteccion-precoz-y-manejo-de-la-fragilidad-en-personas-mayores-768x513.jpg 768w, https:\/\/addinformatica.com\/wp-content\/uploads\/2025\/11\/el-abordaje-multidisplinar-como-clave-para-la-deteccion-precoz-y-manejo-de-la-fragilidad-en-personas-mayores.jpg 1200w\" sizes=\"auto, (max-width: 1024px) 100vw, 1024px\" \/><\/figure>\n\n\n\n<p>L&#8217;envelliment comporta nombrosos reptes. Un dels m\u00e9s importants \u00e9s <strong>la fragilitat com a patiment que compromet la funcionalitat i la independ\u00e8ncia <\/strong>de la gent gran, afectant significativament la seva salut f\u00edsica i mental i, per descomptat, la seva qualitat de vida.<\/p>\n\n\n\n<p>El m\u00e9s ressaltant \u00e9s que el nombre de persones grans que resulta afectat per la s\u00edndrome de fragilitat \u00e9s elevat, igual que la seva prevalen\u00e7a amb l&#8217;edat, per la qual cosa la seva <strong>detecci\u00f3 i tractament primerencs <\/strong>s\u00f3n fonamentals.<\/p>\n\n\n\n<p>En aquest sentit, l&#8217; <strong>abordatge multidisciplinari centrat en la persona <\/strong>es posiciona com una estrat\u00e8gia efica\u00e7 que no nom\u00e9s permet identificar s\u00edmptomes a temps, sin\u00f3 que tamb\u00e9 ajuda a prevenir o endarrerir la progressi\u00f3 de la fragilitat, millorar la qualitat de la gent gran i reduir la c\u00e0rrega de cuidadors, de familiars i del sistema de salut.<\/p>\n\n\n\n<figure class=\"wp-block-image aligncenter size-large\"><img loading=\"lazy\" decoding=\"async\" width=\"1024\" height=\"683\" src=\"https:\/\/addinformatica.com\/wp-content\/uploads\/2025\/11\/que-es-la-fragilidad-en-personas-mayores-y-por-que-es-importante-su-deteccion-temprana-1024x683.jpg\" alt=\"que-\u00e9s-la-fragilitat-en-persones-majors-i-per-que-\u00e9s-important-la seva-detecci\u00f3-primera\" class=\"wp-image-58566\" srcset=\"https:\/\/addinformatica.com\/wp-content\/uploads\/2025\/11\/que-es-la-fragilidad-en-personas-mayores-y-por-que-es-importante-su-deteccion-temprana-1024x683.jpg 1024w, https:\/\/addinformatica.com\/wp-content\/uploads\/2025\/11\/que-es-la-fragilidad-en-personas-mayores-y-por-que-es-importante-su-deteccion-temprana-300x200.jpg 300w, https:\/\/addinformatica.com\/wp-content\/uploads\/2025\/11\/que-es-la-fragilidad-en-personas-mayores-y-por-que-es-importante-su-deteccion-temprana-768x512.jpg 768w, https:\/\/addinformatica.com\/wp-content\/uploads\/2025\/11\/que-es-la-fragilidad-en-personas-mayores-y-por-que-es-importante-su-deteccion-temprana.jpg 1200w\" sizes=\"auto, (max-width: 1024px) 100vw, 1024px\" \/><\/figure>\n\n\n\n<h2 class=\"wp-block-heading\">Qu\u00e8 \u00e9s fragilitat en gent gran i per qu\u00e8 \u00e9s important la seva detecci\u00f3 primerenca?<\/h2>\n\n\n\n<p>La fragilitat en persones grans \u00e9s una <strong>condici\u00f3 complexa i multifactorial <\/strong>que implica la disminuci\u00f3 de les funcions i reserves fisiol\u00f2giques de l&#8217;organisme.<\/p>\n\n\n\n<p>No es tracta d\u2019una discapacitat o d\u2019una malaltia, sin\u00f3 d\u2019un estat precl\u00ednic que antecedeix a la discapacitat. Es considera una <strong>persona gran fr\u00e0gil aquelles persones grans en risc de deteriorament funcional: <\/strong>els qui conserven la seva independ\u00e8ncia, per\u00f2 tenen probabilitats de perdre-la a causa del risc de patir accidents que puguin deteriorar la seva salut; i tamb\u00e9 els qui ja presenten un deteriorament incipient o recent, per\u00f2 reversible, de les seves funcionalitats.<\/p>\n\n\n\n<p>Alguns <strong>factors de risc <\/strong>s\u00f3n el sedentarisme, la desnutrici\u00f3, o la p\u00e8rdua de la massa muscular, l&#8217;\u00fas simultani de m\u00faltiples medicaments o el patiment de malalties cr\u00f2niques no controlades. Entre els <strong>indicadors que se solen avaluar per fer un diagn\u00f2stic de fragilitat <\/strong>hi ha: la velocitat de marxa, la din\u00e0mica de guany\/p\u00e8rdua de pes, la for\u00e7a de pressi\u00f3 manual, l&#8217;equilibri, la capacitat per aixecar-se d&#8217;una cadira i la resist\u00e8ncia.<\/p>\n\n\n\n<p>La <strong>detecci\u00f3 preco\u00e7 de la fragilitat <\/strong>\u00e9s fonamental perqu\u00e8 permet implementar intervencions oportunes per revertir-ne o mitigar-ne els efectes, evitant que es converteixi en una discapacitat o en condicions adverses greus que puguin limitar les opcions de tractament, deteriorar la qualitat de vida i empitjorar el pron\u00f2stic de les persones.<\/p>\n\n\n\n<h2 class=\"wp-block-heading\">Com \u00e9s l&#8217;abordatge multidisciplinari de la fragilitat i quins professionals hi intervenen?<\/h2>\n\n\n\n<p>L&#8217; <strong>abordatge multidisciplinari de la fragilitat involucra diferents professionals de la salut, <\/strong>que treballen de manera col\u00b7laborativa per fer una valoraci\u00f3 geri\u00e0trica integral de manera individualitzada (atenci\u00f3 centrada en la persona), per tal de planificar i dur a terme el tractament personalitzat i idoni per a la persona gran fr\u00e0gil.<\/p>\n\n\n\n<p>En aquest <strong>treball articulat, la fam\u00edlia tamb\u00e9 compleix un rol fonamental. <\/strong>Tota aquesta sinergia de coneixementspermet tenir una visi\u00f3 integral de la persona, per abordar no nom\u00e9s els aspectes m\u00e8dics, sin\u00f3 tamb\u00e9 els funcionals, psicol\u00f2gics i socials que tamb\u00e9 incideixen de manera considerable a la salut de les persones.<\/p>\n\n\n\n<p>Els principals professionals involucrats en un <strong>equip multidisciplinar per al maneig de la fragilitat s\u00f3n:<\/strong><\/p>\n\n\n\n<ul class=\"wp-block-list\">\n<li><strong>Metge Geriatre: <\/strong>usualment \u00e9s el <strong>metge principal de l&#8217;equip, <\/strong>at\u00e8s que la seva especialitzaci\u00f3 se centra en la cura de persones grans. La seva experi\u00e8ncia en el tractament de s\u00edndromes geri\u00e0triques us permet valorar l&#8217;estat funcional, identificar i diagnosticar la fragilitat, avaluar comorbiditats, medicar i elaborar de forma coordinada el pla d&#8217;atenci\u00f3 global.<\/li>\n\n\n\n<li><strong>Infermer\/a especialista en Geriatria: <\/strong>es fa c\u00e0rrec de la valoraci\u00f3 integral i cont\u00ednua; a m\u00e9s de proporcionar educaci\u00f3 sanit\u00e0ria, suport i orientaci\u00f3; administrar medicaments i coordinar les cures. Normalment, t\u00e9 una relaci\u00f3 propera amb la persona gran i la fam\u00edlia.<\/li>\n\n\n\n<li><strong>Fisioterapeuta: <\/strong>la seva funci\u00f3 \u00e9s dissenyar programes d&#8217;exercicis personalitzats per millorar la flexibilitat, la marxa, la for\u00e7a muscular, l&#8217;equilibri, entre altres condicions f\u00edsiques.<\/li>\n\n\n\n<li><strong>Nutricionista\/Dietista: <\/strong>avalua l&#8217;estat nutricional i a partir d&#8217;all\u00e0 elabora plans d&#8217;alimentaci\u00f3 que cobreixin les necessitats aliment\u00e0ries i que s&#8217;adaptin a la seva condici\u00f3 f\u00edsica.<\/li>\n\n\n\n<li><strong>Terapeuta Ocupacional: <\/strong>millora la capacitat de la persona gran per desenvolupar-se sense inconvenients a la seva quotidianitat, i per realitzar activitats significatives per al seu benestar integral.<\/li>\n\n\n\n<li><strong>Psic\u00f2leg: <\/strong>avalua i promou el benestar emocional de la persona gran. A m\u00e9s d&#8217;orientar i donar suport al llarg del proc\u00e9s.<\/li>\n\n\n\n<li><strong>Neuropsic\u00f2leg: <\/strong>monitoritza la salut cognitiva i posa en pr\u00e0ctica estrat\u00e8gies per exercitar la funci\u00f3 cerebral i mantenir l&#8217;autonomia.<\/li>\n\n\n\n<li><strong>Treballador Social: <\/strong>avalua les condicions socioecon\u00f2miques i facilita l&#8217;acc\u00e9s a recursos p\u00fablics.<\/li>\n<\/ul>\n\n\n\n<p>Un concepte molt important dins de l&#8217;abordatge integral de la fragilitat \u00e9s el d&#8217; <strong>envelliment actiu <\/strong>, on l&#8217;activitat f\u00edsica, la bona alimentaci\u00f3 i l&#8217;activitat cognitiva s\u00f3n elements essencials..<\/p>\n\n\n\n<figure class=\"wp-block-image aligncenter size-large\"><img loading=\"lazy\" decoding=\"async\" width=\"1024\" height=\"682\" src=\"https:\/\/addinformatica.com\/wp-content\/uploads\/2025\/11\/como-es-el-abordaje-multidisciplinar-de-la-fragilidad-y-cuales-profesionales-intervienen-1024x682.jpg\" alt=\"com-ca-l'abordatge-multidisciplinar-de-la-fragilitat-i-quals-professionals-intervenen\" class=\"wp-image-58562\" srcset=\"https:\/\/addinformatica.com\/wp-content\/uploads\/2025\/11\/como-es-el-abordaje-multidisciplinar-de-la-fragilidad-y-cuales-profesionales-intervienen-1024x682.jpg 1024w, https:\/\/addinformatica.com\/wp-content\/uploads\/2025\/11\/como-es-el-abordaje-multidisciplinar-de-la-fragilidad-y-cuales-profesionales-intervienen-300x200.jpg 300w, https:\/\/addinformatica.com\/wp-content\/uploads\/2025\/11\/como-es-el-abordaje-multidisciplinar-de-la-fragilidad-y-cuales-profesionales-intervienen-768x511.jpg 768w, https:\/\/addinformatica.com\/wp-content\/uploads\/2025\/11\/como-es-el-abordaje-multidisciplinar-de-la-fragilidad-y-cuales-profesionales-intervienen.jpg 1200w\" sizes=\"auto, (max-width: 1024px) 100vw, 1024px\" \/><\/figure>\n\n\n\n<h2 class=\"wp-block-heading\">Sistemes d&#8217;informaci\u00f3 integrats com a eines d&#8217;abordatge multidisciplinar de la fragilitat<\/h2>\n\n\n\n<p>L&#8217;abordatge multidisciplinari de la fragilitat en persones grans pot fer front a desafiaments. Un \u00e9s la <strong>dificultat de comunicaci\u00f3 i coordinaci\u00f3 <\/strong>que hi pot haver entre tots els professionals involucrats en el disseny i l&#8217;execuci\u00f3 dels plans d&#8217;atenci\u00f3 integral.<\/p>\n\n\n\n<p>No obstant aix\u00f2, actualment existeixen <a href=\"https:\/\/addinformatica.com\/ca\/programari-gestio-centres-gent-gran\/\"><strong>sistemes de gesti\u00f3 i informaci\u00f3 integrats <\/strong><\/a>que s\u00f3n implementats en centres de salut i centres de gent gran, i que faciliten al m\u00e0xim aquesta tasca.<\/p>\n\n\n\n<p>Per exemple, <strong>a <em>ADD Inform\u00e0tica <\/em>hem dissenyat <\/strong><a href=\"https:\/\/addinformatica.com\/ca\/\"><strong>Resiplus\u00ae <\/strong><\/a>, una eina que no nom\u00e9s facilita la gesti\u00f3 de centres de cures, sin\u00f3 que tamb\u00e9 permet l&#8217;actualitzaci\u00f3 en temps real i personalitzada dels expedients, millorant la tra\u00e7abilitat perqu\u00e8 tots els membres de l&#8217;equip multidisciplinar puguin actualitzar i fer seguiment dia a dia del proc\u00e9s de cadasc\u00fa.<\/p>\n\n\n\n<h2 class=\"wp-block-heading\">Combatre la fragilitat per construir una societat m\u00e9s saludable i resilient davant de l&#8217;envelliment<\/h2>\n\n\n\n<p>Sens dubte, l&#8217;abordatge multidisciplinari \u00e9s necessari per a la prevenci\u00f3, la detecci\u00f3 preco\u00e7 i el maneig adequat de la fragilitat en persones grans. Ara b\u00e9, m\u00e9s enll\u00e0 d&#8217;aix\u00f2, es tracta una <strong>resposta pertinent per construir una societat m\u00e9s saludable i resilient davant de l&#8217;envelliment de la poblaci\u00f3 <\/strong>, en qu\u00e8 la qualitat de vida, la cura i el benestar de les persones de la tercera edat estiguin garantits.<\/p>\n","protected":false},"excerpt":{"rendered":"<p>L&#8217;envelliment comporta nombrosos reptes. Un dels m\u00e9s importants \u00e9s la fragilitat com a patiment que compromet la funcionalitat i la independ\u00e8ncia de la gent gran, afectant significativament la seva salut f\u00edsica i mental i, per descomptat, la seva qualitat de vida. El m\u00e9s ressaltant \u00e9s que el nombre de persones grans que resulta afectat per [&#8230;]\n","protected":false},"author":1,"featured_media":58565,"comment_status":"closed","ping_status":"closed","sticky":false,"template":"","format":"standard","meta":{"_acf_changed":false,"footnotes":""},"categories":[298],"tags":[],"video-cat":[],"class_list":["post-58621","post","type-post","status-publish","format-standard","has-post-thumbnail","hentry","category-noticies"],"acf":[],"yoast_head":"<!-- This site is optimized with the Yoast SEO plugin v27.4 - https:\/\/yoast.com\/product\/yoast-seo-wordpress\/ -->\n<title>Abordatge multidisciplinar: clau per a la detecci\u00f3 preco\u00e7 i maneig de la fragilitat en persones grans - ResiPlus<\/title>\n<meta name=\"robots\" content=\"index, follow, max-snippet:-1, max-image-preview:large, max-video-preview:-1\" \/>\n<link rel=\"canonical\" href=\"https:\/\/addinformatica.com\/noticias\/abordaje-multidisciplinar-clave-para-la-deteccion-precoz-y-manejo-de-la-fragilidad-en-personas-mayores\/\" \/>\n<meta property=\"og:locale\" content=\"ca_ES\" \/>\n<meta property=\"og:type\" content=\"article\" \/>\n<meta property=\"og:title\" content=\"Abordatge multidisciplinar: clau per a la detecci\u00f3 preco\u00e7 i maneig de la fragilitat en persones grans - ResiPlus\" \/>\n<meta property=\"og:description\" content=\"L&#8217;envelliment comporta nombrosos reptes. Un dels m\u00e9s importants \u00e9s la fragilitat com a patiment que compromet la funcionalitat i la independ\u00e8ncia de la gent gran, afectant significativament la seva salut f\u00edsica i mental i, per descomptat, la seva qualitat de vida. El m\u00e9s ressaltant \u00e9s que el nombre de persones grans que resulta afectat per [...]\" \/>\n<meta property=\"og:url\" content=\"https:\/\/addinformatica.com\/noticias\/abordaje-multidisciplinar-clave-para-la-deteccion-precoz-y-manejo-de-la-fragilidad-en-personas-mayores\/\" \/>\n<meta property=\"og:site_name\" content=\"ResiPlus\" \/>\n<meta property=\"article:published_time\" content=\"2025-11-20T08:00:00+00:00\" \/>\n<meta property=\"og:image\" content=\"https:\/\/addinformatica.com\/wp-content\/uploads\/2025\/11\/el-abordaje-multidisplinar-como-clave-para-la-deteccion-precoz-y-manejo-de-la-fragilidad-en-personas-mayores.jpg\" \/>\n\t<meta property=\"og:image:width\" content=\"1200\" \/>\n\t<meta property=\"og:image:height\" content=\"801\" \/>\n\t<meta property=\"og:image:type\" content=\"image\/jpeg\" \/>\n<meta name=\"author\" content=\"ADD_es_admin\" \/>\n<meta name=\"twitter:card\" content=\"summary_large_image\" \/>\n<meta name=\"twitter:label1\" content=\"Escrit per\" \/>\n\t<meta name=\"twitter:data1\" content=\"ADD_es_admin\" \/>\n\t<meta name=\"twitter:label2\" content=\"Temps estimat de lectura\" \/>\n\t<meta name=\"twitter:data2\" content=\"6 minuts\" \/>\n<script type=\"application\/ld+json\" class=\"yoast-schema-graph\">{\"@context\":\"https:\\\/\\\/schema.org\",\"@graph\":[{\"@type\":\"Article\",\"@id\":\"https:\\\/\\\/addinformatica.com\\\/noticias\\\/abordaje-multidisciplinar-clave-para-la-deteccion-precoz-y-manejo-de-la-fragilidad-en-personas-mayores\\\/#article\",\"isPartOf\":{\"@id\":\"https:\\\/\\\/addinformatica.com\\\/noticias\\\/abordaje-multidisciplinar-clave-para-la-deteccion-precoz-y-manejo-de-la-fragilidad-en-personas-mayores\\\/\"},\"author\":{\"name\":\"ADD_es_admin\",\"@id\":\"https:\\\/\\\/addinformatica.com\\\/#\\\/schema\\\/person\\\/063f1036d6af39f34b17382e1b7fdd24\"},\"headline\":\"Abordatge multidisciplinar: clau per a la detecci\u00f3 preco\u00e7 i maneig de la fragilitat en persones grans\",\"datePublished\":\"2025-11-20T08:00:00+00:00\",\"mainEntityOfPage\":{\"@id\":\"https:\\\/\\\/addinformatica.com\\\/noticias\\\/abordaje-multidisciplinar-clave-para-la-deteccion-precoz-y-manejo-de-la-fragilidad-en-personas-mayores\\\/\"},\"wordCount\":1074,\"image\":{\"@id\":\"https:\\\/\\\/addinformatica.com\\\/noticias\\\/abordaje-multidisciplinar-clave-para-la-deteccion-precoz-y-manejo-de-la-fragilidad-en-personas-mayores\\\/#primaryimage\"},\"thumbnailUrl\":\"https:\\\/\\\/addinformatica.com\\\/wp-content\\\/uploads\\\/2025\\\/11\\\/el-abordaje-multidisplinar-como-clave-para-la-deteccion-precoz-y-manejo-de-la-fragilidad-en-personas-mayores.jpg\",\"articleSection\":[\"Noticies\"],\"inLanguage\":\"ca\"},{\"@type\":\"WebPage\",\"@id\":\"https:\\\/\\\/addinformatica.com\\\/noticias\\\/abordaje-multidisciplinar-clave-para-la-deteccion-precoz-y-manejo-de-la-fragilidad-en-personas-mayores\\\/\",\"url\":\"https:\\\/\\\/addinformatica.com\\\/noticias\\\/abordaje-multidisciplinar-clave-para-la-deteccion-precoz-y-manejo-de-la-fragilidad-en-personas-mayores\\\/\",\"name\":\"Abordatge multidisciplinar: clau per a la detecci\u00f3 preco\u00e7 i maneig de la fragilitat en persones grans - ResiPlus\",\"isPartOf\":{\"@id\":\"https:\\\/\\\/addinformatica.com\\\/#website\"},\"primaryImageOfPage\":{\"@id\":\"https:\\\/\\\/addinformatica.com\\\/noticias\\\/abordaje-multidisciplinar-clave-para-la-deteccion-precoz-y-manejo-de-la-fragilidad-en-personas-mayores\\\/#primaryimage\"},\"image\":{\"@id\":\"https:\\\/\\\/addinformatica.com\\\/noticias\\\/abordaje-multidisciplinar-clave-para-la-deteccion-precoz-y-manejo-de-la-fragilidad-en-personas-mayores\\\/#primaryimage\"},\"thumbnailUrl\":\"https:\\\/\\\/addinformatica.com\\\/wp-content\\\/uploads\\\/2025\\\/11\\\/el-abordaje-multidisplinar-como-clave-para-la-deteccion-precoz-y-manejo-de-la-fragilidad-en-personas-mayores.jpg\",\"datePublished\":\"2025-11-20T08:00:00+00:00\",\"author\":{\"@id\":\"https:\\\/\\\/addinformatica.com\\\/#\\\/schema\\\/person\\\/063f1036d6af39f34b17382e1b7fdd24\"},\"breadcrumb\":{\"@id\":\"https:\\\/\\\/addinformatica.com\\\/noticias\\\/abordaje-multidisciplinar-clave-para-la-deteccion-precoz-y-manejo-de-la-fragilidad-en-personas-mayores\\\/#breadcrumb\"},\"inLanguage\":\"ca\",\"potentialAction\":[{\"@type\":\"ReadAction\",\"target\":[\"https:\\\/\\\/addinformatica.com\\\/noticias\\\/abordaje-multidisciplinar-clave-para-la-deteccion-precoz-y-manejo-de-la-fragilidad-en-personas-mayores\\\/\"]}]},{\"@type\":\"ImageObject\",\"inLanguage\":\"ca\",\"@id\":\"https:\\\/\\\/addinformatica.com\\\/noticias\\\/abordaje-multidisciplinar-clave-para-la-deteccion-precoz-y-manejo-de-la-fragilidad-en-personas-mayores\\\/#primaryimage\",\"url\":\"https:\\\/\\\/addinformatica.com\\\/wp-content\\\/uploads\\\/2025\\\/11\\\/el-abordaje-multidisplinar-como-clave-para-la-deteccion-precoz-y-manejo-de-la-fragilidad-en-personas-mayores.jpg\",\"contentUrl\":\"https:\\\/\\\/addinformatica.com\\\/wp-content\\\/uploads\\\/2025\\\/11\\\/el-abordaje-multidisplinar-como-clave-para-la-deteccion-precoz-y-manejo-de-la-fragilidad-en-personas-mayores.jpg\",\"width\":1200,\"height\":801},{\"@type\":\"BreadcrumbList\",\"@id\":\"https:\\\/\\\/addinformatica.com\\\/noticias\\\/abordaje-multidisciplinar-clave-para-la-deteccion-precoz-y-manejo-de-la-fragilidad-en-personas-mayores\\\/#breadcrumb\",\"itemListElement\":[{\"@type\":\"ListItem\",\"position\":1,\"name\":\"Portada\",\"item\":\"https:\\\/\\\/addinformatica.com\\\/ca\\\/\"},{\"@type\":\"ListItem\",\"position\":2,\"name\":\"Abordatge multidisciplinar: clau per a la detecci\u00f3 preco\u00e7 i maneig de la fragilitat en persones grans\"}]},{\"@type\":\"WebSite\",\"@id\":\"https:\\\/\\\/addinformatica.com\\\/#website\",\"url\":\"https:\\\/\\\/addinformatica.com\\\/\",\"name\":\"ResiPlus\",\"description\":\"Software de gesti\u00f3n de residencias, centros de d\u00eda y discapacitados | ResiPlus\",\"potentialAction\":[{\"@type\":\"SearchAction\",\"target\":{\"@type\":\"EntryPoint\",\"urlTemplate\":\"https:\\\/\\\/addinformatica.com\\\/?s={search_term_string}\"},\"query-input\":{\"@type\":\"PropertyValueSpecification\",\"valueRequired\":true,\"valueName\":\"search_term_string\"}}],\"inLanguage\":\"ca\"},{\"@type\":\"Person\",\"@id\":\"https:\\\/\\\/addinformatica.com\\\/#\\\/schema\\\/person\\\/063f1036d6af39f34b17382e1b7fdd24\",\"name\":\"ADD_es_admin\",\"image\":{\"@type\":\"ImageObject\",\"inLanguage\":\"ca\",\"@id\":\"https:\\\/\\\/secure.gravatar.com\\\/avatar\\\/f24b1ca4e9d4f6821988e85d4d11d5a5a70c73477e7bd56eb713e4abc2e4ab23?s=96&d=mm&r=g\",\"url\":\"https:\\\/\\\/secure.gravatar.com\\\/avatar\\\/f24b1ca4e9d4f6821988e85d4d11d5a5a70c73477e7bd56eb713e4abc2e4ab23?s=96&d=mm&r=g\",\"contentUrl\":\"https:\\\/\\\/secure.gravatar.com\\\/avatar\\\/f24b1ca4e9d4f6821988e85d4d11d5a5a70c73477e7bd56eb713e4abc2e4ab23?s=96&d=mm&r=g\",\"caption\":\"ADD_es_admin\"},\"sameAs\":[\"https:\\\/\\\/resiplus.dagocreativo.com\"],\"url\":\"https:\\\/\\\/addinformatica.com\\\/ca\\\/author\\\/add_es_admin\\\/\"}]}<\/script>\n<!-- \/ Yoast SEO plugin. -->","yoast_head_json":{"title":"Abordatge multidisciplinar: clau per a la detecci\u00f3 preco\u00e7 i maneig de la fragilitat en persones grans - ResiPlus","robots":{"index":"index","follow":"follow","max-snippet":"max-snippet:-1","max-image-preview":"max-image-preview:large","max-video-preview":"max-video-preview:-1"},"canonical":"https:\/\/addinformatica.com\/noticias\/abordaje-multidisciplinar-clave-para-la-deteccion-precoz-y-manejo-de-la-fragilidad-en-personas-mayores\/","og_locale":"ca_ES","og_type":"article","og_title":"Abordatge multidisciplinar: clau per a la detecci\u00f3 preco\u00e7 i maneig de la fragilitat en persones grans - ResiPlus","og_description":"L&#8217;envelliment comporta nombrosos reptes. Un dels m\u00e9s importants \u00e9s la fragilitat com a patiment que compromet la funcionalitat i la independ\u00e8ncia de la gent gran, afectant significativament la seva salut f\u00edsica i mental i, per descomptat, la seva qualitat de vida. El m\u00e9s ressaltant \u00e9s que el nombre de persones grans que resulta afectat per [...]","og_url":"https:\/\/addinformatica.com\/noticias\/abordaje-multidisciplinar-clave-para-la-deteccion-precoz-y-manejo-de-la-fragilidad-en-personas-mayores\/","og_site_name":"ResiPlus","article_published_time":"2025-11-20T08:00:00+00:00","og_image":[{"width":1200,"height":801,"url":"https:\/\/addinformatica.com\/wp-content\/uploads\/2025\/11\/el-abordaje-multidisplinar-como-clave-para-la-deteccion-precoz-y-manejo-de-la-fragilidad-en-personas-mayores.jpg","type":"image\/jpeg"}],"author":"ADD_es_admin","twitter_card":"summary_large_image","twitter_misc":{"Escrit per":"ADD_es_admin","Temps estimat de lectura":"6 minuts"},"schema":{"@context":"https:\/\/schema.org","@graph":[{"@type":"Article","@id":"https:\/\/addinformatica.com\/noticias\/abordaje-multidisciplinar-clave-para-la-deteccion-precoz-y-manejo-de-la-fragilidad-en-personas-mayores\/#article","isPartOf":{"@id":"https:\/\/addinformatica.com\/noticias\/abordaje-multidisciplinar-clave-para-la-deteccion-precoz-y-manejo-de-la-fragilidad-en-personas-mayores\/"},"author":{"name":"ADD_es_admin","@id":"https:\/\/addinformatica.com\/#\/schema\/person\/063f1036d6af39f34b17382e1b7fdd24"},"headline":"Abordatge multidisciplinar: clau per a la detecci\u00f3 preco\u00e7 i maneig de la fragilitat en persones grans","datePublished":"2025-11-20T08:00:00+00:00","mainEntityOfPage":{"@id":"https:\/\/addinformatica.com\/noticias\/abordaje-multidisciplinar-clave-para-la-deteccion-precoz-y-manejo-de-la-fragilidad-en-personas-mayores\/"},"wordCount":1074,"image":{"@id":"https:\/\/addinformatica.com\/noticias\/abordaje-multidisciplinar-clave-para-la-deteccion-precoz-y-manejo-de-la-fragilidad-en-personas-mayores\/#primaryimage"},"thumbnailUrl":"https:\/\/addinformatica.com\/wp-content\/uploads\/2025\/11\/el-abordaje-multidisplinar-como-clave-para-la-deteccion-precoz-y-manejo-de-la-fragilidad-en-personas-mayores.jpg","articleSection":["Noticies"],"inLanguage":"ca"},{"@type":"WebPage","@id":"https:\/\/addinformatica.com\/noticias\/abordaje-multidisciplinar-clave-para-la-deteccion-precoz-y-manejo-de-la-fragilidad-en-personas-mayores\/","url":"https:\/\/addinformatica.com\/noticias\/abordaje-multidisciplinar-clave-para-la-deteccion-precoz-y-manejo-de-la-fragilidad-en-personas-mayores\/","name":"Abordatge multidisciplinar: clau per a la detecci\u00f3 preco\u00e7 i maneig de la fragilitat en persones grans - ResiPlus","isPartOf":{"@id":"https:\/\/addinformatica.com\/#website"},"primaryImageOfPage":{"@id":"https:\/\/addinformatica.com\/noticias\/abordaje-multidisciplinar-clave-para-la-deteccion-precoz-y-manejo-de-la-fragilidad-en-personas-mayores\/#primaryimage"},"image":{"@id":"https:\/\/addinformatica.com\/noticias\/abordaje-multidisciplinar-clave-para-la-deteccion-precoz-y-manejo-de-la-fragilidad-en-personas-mayores\/#primaryimage"},"thumbnailUrl":"https:\/\/addinformatica.com\/wp-content\/uploads\/2025\/11\/el-abordaje-multidisplinar-como-clave-para-la-deteccion-precoz-y-manejo-de-la-fragilidad-en-personas-mayores.jpg","datePublished":"2025-11-20T08:00:00+00:00","author":{"@id":"https:\/\/addinformatica.com\/#\/schema\/person\/063f1036d6af39f34b17382e1b7fdd24"},"breadcrumb":{"@id":"https:\/\/addinformatica.com\/noticias\/abordaje-multidisciplinar-clave-para-la-deteccion-precoz-y-manejo-de-la-fragilidad-en-personas-mayores\/#breadcrumb"},"inLanguage":"ca","potentialAction":[{"@type":"ReadAction","target":["https:\/\/addinformatica.com\/noticias\/abordaje-multidisciplinar-clave-para-la-deteccion-precoz-y-manejo-de-la-fragilidad-en-personas-mayores\/"]}]},{"@type":"ImageObject","inLanguage":"ca","@id":"https:\/\/addinformatica.com\/noticias\/abordaje-multidisciplinar-clave-para-la-deteccion-precoz-y-manejo-de-la-fragilidad-en-personas-mayores\/#primaryimage","url":"https:\/\/addinformatica.com\/wp-content\/uploads\/2025\/11\/el-abordaje-multidisplinar-como-clave-para-la-deteccion-precoz-y-manejo-de-la-fragilidad-en-personas-mayores.jpg","contentUrl":"https:\/\/addinformatica.com\/wp-content\/uploads\/2025\/11\/el-abordaje-multidisplinar-como-clave-para-la-deteccion-precoz-y-manejo-de-la-fragilidad-en-personas-mayores.jpg","width":1200,"height":801},{"@type":"BreadcrumbList","@id":"https:\/\/addinformatica.com\/noticias\/abordaje-multidisciplinar-clave-para-la-deteccion-precoz-y-manejo-de-la-fragilidad-en-personas-mayores\/#breadcrumb","itemListElement":[{"@type":"ListItem","position":1,"name":"Portada","item":"https:\/\/addinformatica.com\/ca\/"},{"@type":"ListItem","position":2,"name":"Abordatge multidisciplinar: clau per a la detecci\u00f3 preco\u00e7 i maneig de la fragilitat en persones grans"}]},{"@type":"WebSite","@id":"https:\/\/addinformatica.com\/#website","url":"https:\/\/addinformatica.com\/","name":"ResiPlus","description":"Software de gesti\u00f3n de residencias, centros de d\u00eda y discapacitados | ResiPlus","potentialAction":[{"@type":"SearchAction","target":{"@type":"EntryPoint","urlTemplate":"https:\/\/addinformatica.com\/?s={search_term_string}"},"query-input":{"@type":"PropertyValueSpecification","valueRequired":true,"valueName":"search_term_string"}}],"inLanguage":"ca"},{"@type":"Person","@id":"https:\/\/addinformatica.com\/#\/schema\/person\/063f1036d6af39f34b17382e1b7fdd24","name":"ADD_es_admin","image":{"@type":"ImageObject","inLanguage":"ca","@id":"https:\/\/secure.gravatar.com\/avatar\/f24b1ca4e9d4f6821988e85d4d11d5a5a70c73477e7bd56eb713e4abc2e4ab23?s=96&d=mm&r=g","url":"https:\/\/secure.gravatar.com\/avatar\/f24b1ca4e9d4f6821988e85d4d11d5a5a70c73477e7bd56eb713e4abc2e4ab23?s=96&d=mm&r=g","contentUrl":"https:\/\/secure.gravatar.com\/avatar\/f24b1ca4e9d4f6821988e85d4d11d5a5a70c73477e7bd56eb713e4abc2e4ab23?s=96&d=mm&r=g","caption":"ADD_es_admin"},"sameAs":["https:\/\/resiplus.dagocreativo.com"],"url":"https:\/\/addinformatica.com\/ca\/author\/add_es_admin\/"}]}},"_links":{"self":[{"href":"https:\/\/addinformatica.com\/ca\/wp-json\/wp\/v2\/posts\/58621","targetHints":{"allow":["GET"]}}],"collection":[{"href":"https:\/\/addinformatica.com\/ca\/wp-json\/wp\/v2\/posts"}],"about":[{"href":"https:\/\/addinformatica.com\/ca\/wp-json\/wp\/v2\/types\/post"}],"author":[{"embeddable":true,"href":"https:\/\/addinformatica.com\/ca\/wp-json\/wp\/v2\/users\/1"}],"replies":[{"embeddable":true,"href":"https:\/\/addinformatica.com\/ca\/wp-json\/wp\/v2\/comments?post=58621"}],"version-history":[{"count":4,"href":"https:\/\/addinformatica.com\/ca\/wp-json\/wp\/v2\/posts\/58621\/revisions"}],"predecessor-version":[{"id":58663,"href":"https:\/\/addinformatica.com\/ca\/wp-json\/wp\/v2\/posts\/58621\/revisions\/58663"}],"wp:featuredmedia":[{"embeddable":true,"href":"https:\/\/addinformatica.com\/ca\/wp-json\/wp\/v2\/media\/58565"}],"wp:attachment":[{"href":"https:\/\/addinformatica.com\/ca\/wp-json\/wp\/v2\/media?parent=58621"}],"wp:term":[{"taxonomy":"category","embeddable":true,"href":"https:\/\/addinformatica.com\/ca\/wp-json\/wp\/v2\/categories?post=58621"},{"taxonomy":"post_tag","embeddable":true,"href":"https:\/\/addinformatica.com\/ca\/wp-json\/wp\/v2\/tags?post=58621"},{"taxonomy":"video-cat","embeddable":true,"href":"https:\/\/addinformatica.com\/ca\/wp-json\/wp\/v2\/video-cat?post=58621"}],"curies":[{"name":"wp","href":"https:\/\/api.w.org\/{rel}","templated":true}]}}