{"id":56671,"date":"2025-09-15T08:00:00","date_gmt":"2025-09-15T08:00:00","guid":{"rendered":"https:\/\/addinformatica.com\/?p=56671"},"modified":"2025-09-09T05:44:58","modified_gmt":"2025-09-09T05:44:58","slug":"com-estimular-la-creativitat-en-adolescents","status":"publish","type":"post","link":"https:\/\/addinformatica.com\/ca\/noticies\/com-estimular-la-creativitat-en-adolescents\/","title":{"rendered":"Com estimular la creativitat en adolescents?"},"content":{"rendered":"\n<figure class=\"wp-block-image aligncenter size-large\"><img loading=\"lazy\" decoding=\"async\" width=\"1024\" height=\"683\" src=\"https:\/\/addinformatica.com\/wp-content\/uploads\/2025\/09\/como-estimular-la-creatividad-en-adolescentes-1024x683.jpg\" alt=\"com-estimular-la-creativitat-en-adolescents\" class=\"wp-image-56572\" srcset=\"https:\/\/addinformatica.com\/wp-content\/uploads\/2025\/09\/como-estimular-la-creatividad-en-adolescentes-1024x683.jpg 1024w, https:\/\/addinformatica.com\/wp-content\/uploads\/2025\/09\/como-estimular-la-creatividad-en-adolescentes-300x200.jpg 300w, https:\/\/addinformatica.com\/wp-content\/uploads\/2025\/09\/como-estimular-la-creatividad-en-adolescentes-768x512.jpg 768w, https:\/\/addinformatica.com\/wp-content\/uploads\/2025\/09\/como-estimular-la-creatividad-en-adolescentes.jpg 1200w\" sizes=\"auto, (max-width: 1024px) 100vw, 1024px\" \/><\/figure>\n\n\n\n<p>L&#8217;adolesc\u00e8ncia \u00e9s l&#8217;etapa del desenvolupament hum\u00e0 que s&#8217;ubica entre la inf\u00e0ncia i l&#8217;adultesa, aproximadament entre els 10 i els 19 anys, que es caracteritza per nombroses transformacions sexuals, socials i psicol\u00f2giques que contribueixen a la <strong>definici\u00f3 de la identitat ia la formaci\u00f3 d&#8217;una persona madura.<\/strong><\/p>\n\n\n\n<p>\u00c9s a dir, no \u00e9s un per\u00edode senzill, \u00e9s ple de desafiaments. Per tant, el m\u00e9s recomanable \u00e9s dotar les joves d&#8217;eines que els permetin transitar el cam\u00ed d&#8217;autoafirmaci\u00f3 i de creixement cap a l&#8217;adultesa de manera adequada. En aquest sentit, <strong>la creativitat \u00e9s un gran recurs a causa de tots els beneficis que pot aportar <\/strong>durant l\u201fadolesc\u00e8ncia si s\u201festimula de la manera correcta.<\/p>\n\n\n\n<figure class=\"wp-block-image size-large\"><img loading=\"lazy\" decoding=\"async\" width=\"1024\" height=\"683\" src=\"https:\/\/addinformatica.com\/wp-content\/uploads\/2025\/09\/que-es-la-creatividad-y-que-beneficios-trae-1024x683.jpg\" alt=\"que-\u00e9s-la-creativitat-i-que-beneficis-porta-durant-la-adolesc\u00e8ncia\" class=\"wp-image-56570\" srcset=\"https:\/\/addinformatica.com\/wp-content\/uploads\/2025\/09\/que-es-la-creatividad-y-que-beneficios-trae-1024x683.jpg 1024w, https:\/\/addinformatica.com\/wp-content\/uploads\/2025\/09\/que-es-la-creatividad-y-que-beneficios-trae-300x200.jpg 300w, https:\/\/addinformatica.com\/wp-content\/uploads\/2025\/09\/que-es-la-creatividad-y-que-beneficios-trae-768x512.jpg 768w, https:\/\/addinformatica.com\/wp-content\/uploads\/2025\/09\/que-es-la-creatividad-y-que-beneficios-trae.jpg 1200w\" sizes=\"auto, (max-width: 1024px) 100vw, 1024px\" \/><\/figure>\n\n\n\n<h2 class=\"wp-block-heading\">Qu\u00e8 \u00e9s la creativitat?<\/h2>\n\n\n\n<p>La creativitat est\u00e0 relacionada amb la <strong>capacitat de generar idees noves o de donar respostes originals i no convencionals <\/strong>a situacions quotidianes o amb problemes. Es tracta d&#8217;un proc\u00e9s de pensament en qu\u00e8 la l\u00f2gica i la ra\u00f3 s\u00f3n factors importants, per\u00f2 tamb\u00e9 s\u00f3n essencials altres components que aporten una perspectiva \u00fanica, originalitat i innovaci\u00f3.<\/p>\n\n\n\n<p>Aquests components s\u00f3n la <strong>flexibilitat cognitiva <\/strong>o habilitat per adaptar el nostre enfocament d&#8217;acord amb la situaci\u00f3, <strong>la flu\u00efdesa <\/strong>que ens permet generar idees en lapses breus de temps, la <strong>destresa per desenvolupar <\/strong>i donar forma a les idees inicials i, finalment, <strong>l&#8217;originalitat <\/strong>o la capacitat de proposar solucions o vies \u00faniques i innovadores.<\/p>\n\n\n\n<p><strong>La creativitat es pot manifestar de m\u00faltiples maneres i en qualsevol escenari <\/strong>, des de l&#8217;art fins a la ci\u00e8ncia. A la nostra vida quotidiana tamb\u00e9 es pot reflectir en preparar un berenar especial, en decorar de manera perfecta una habitaci\u00f3 o en realitzar un treball escolar.<\/p>\n\n\n\n<h2 class=\"wp-block-heading\">Beneficis de la creativitat a l&#8217;adolesc\u00e8ncia ia la vida di\u00e0ria<\/h2>\n\n\n\n<p>Conrear la creativitat en la nostra quotidianitat pot aportar grans avantatges, especialment durant l&#8217;adolesc\u00e8ncia, perqu\u00e8 es converteix en un gran recurs per gestionar i travessar efectivament tots els desafiaments que aquesta etapa de la vida comporta.<\/p>\n\n\n\n<p>A continuaci\u00f3 t&#8217;expliquem alguns <strong>beneficis d&#8217;estimular la creativitat a l&#8217;adolesc\u00e8ncia:<\/strong><\/p>\n\n\n\n<h3 class=\"wp-block-heading\">Major facilitat per resoldre problemes<\/h3>\n\n\n\n<p>La creativitat permet abordar problemes o situacions amb una perspectiva diferent, m\u00e9s \u00e0mplia i innovadora, permetent trobar <strong>solucions m\u00e9s assertives, efectives i fins i tot senzilles d&#8217;aplicar <\/strong>. A m\u00e9s a m\u00e9s, el pensament creatiu estimula la mentalitat proactiva tan important durant l&#8217;adolesc\u00e8ncia.<\/p>\n\n\n\n<h3 class=\"wp-block-heading\">Afavoreix l&#8217;autoconeixement i estimula l&#8217;expressi\u00f3 personal<\/h3>\n\n\n\n<p>Desenvolupar la creativitat <strong>\u00e9s una forma d&#8217;autoexploraci\u00f3 <\/strong>que permet con\u00e8ixer-se a si mateix, autoafirmar-se, comprendre trets de la personalitat i trobar la manera m\u00e9s id\u00f2nia d&#8217;expressar els pensaments, els sentiments, les idees i les emocions. \u00c9s la manera de definir la identitat personal i exposar-la sense pressions, ni inconvenients.<\/p>\n\n\n\n<h3 class=\"wp-block-heading\">Estimula el pensament cr\u00edtic<\/h3>\n\n\n\n<p>Una ment creativa es mant\u00e9 <strong>en constant activitat, en recerca constant i, per tant, en constant evoluci\u00f3. <\/strong>A m\u00e9s, quan es desenvolupen els processos creatius s&#8217;estimulen \u00e0rees del cervell que usualment no solen ser utilitzades de manera rutin\u00e0ria i es fomenta el pensament cr\u00edtic.<\/p>\n\n\n\n<h3 class=\"wp-block-heading\">Millora de la salut mental i el benestar emocional<\/h3>\n\n\n\n<p>Les activitats creatives <strong>funcionen com una mena de ter\u00e0pia <\/strong>que serveix per alliberar estr\u00e8s, alleujar l&#8217;ansietat, estimular la sensaci\u00f3 de felicitat i de satisfacci\u00f3, abonar l&#8217;expressivitat i fomentar la productivitat. Tot aix\u00f2 t\u00e9 excel\u00b7lents efectes en el benestar emocional i en la salut mental, sobretot, davant dels innombrables alts i baixos emocionals i hormonals que tenen lloc durant l&#8217;adolesc\u00e8ncia.<\/p>\n\n\n\n<h3 class=\"wp-block-heading\">Permet adaptar-se als canvis amb m\u00e9s flexibilitat<\/h3>\n\n\n\n<p>Fomentar la creativitat tamb\u00e9 \u00e9s una manera d&#8217; <strong>esmolar la flexibilitat o plasticitat cognitiva <\/strong>, la qual ens permet adaptar-nos i respondre de manera \u00f2ptima davant dels canvis que solen passar, especialment en l&#8217;adolesc\u00e8ncia, una etapa de transformacions constants i de noves circumst\u00e0ncies.<\/p>\n\n\n\n<figure class=\"wp-block-image aligncenter size-large\"><img loading=\"lazy\" decoding=\"async\" width=\"1024\" height=\"683\" src=\"https:\/\/addinformatica.com\/wp-content\/uploads\/2025\/09\/estrategias-y-actividades-para-estimular-la-1024x683.jpg\" alt=\"estrat\u00e8gies-i-activitats-per-estimular-la-creativitat-en-adolescents\" class=\"wp-image-56574\" srcset=\"https:\/\/addinformatica.com\/wp-content\/uploads\/2025\/09\/estrategias-y-actividades-para-estimular-la-1024x683.jpg 1024w, https:\/\/addinformatica.com\/wp-content\/uploads\/2025\/09\/estrategias-y-actividades-para-estimular-la-300x200.jpg 300w, https:\/\/addinformatica.com\/wp-content\/uploads\/2025\/09\/estrategias-y-actividades-para-estimular-la-768x512.jpg 768w, https:\/\/addinformatica.com\/wp-content\/uploads\/2025\/09\/estrategias-y-actividades-para-estimular-la.jpg 1200w\" sizes=\"auto, (max-width: 1024px) 100vw, 1024px\" \/><\/figure>\n\n\n\n<h2 class=\"wp-block-heading\">Estrat\u00e8gies i activitats per estimular la creativitat en adolescents<\/h2>\n\n\n\n<p>Hi ha nombroses maneres d&#8217;estimular la creativitat en adolescents, la principal \u00e9s <strong>escoltar-los i valorar les seves idees <\/strong>, per tal que se sentin motivats a expressar-se. A continuaci\u00f3 t&#8217;expliquem altres senzilles i efectives que es poden aplicar com a part de les rutines di\u00e0ries:<\/p>\n\n\n\n<h3 class=\"wp-block-heading\">Tenir un espai especialment per a activitats creatives<\/h3>\n\n\n\n<p>Oferir un espai especialment dotat per a la realitzaci\u00f3 d&#8217;activitats creatives, com ara llibres, jocs creatius i d&#8217;improvisaci\u00f3, materials d&#8217;art, entre d&#8217;altres, que els permetin <strong>explorar els seus interessos a trav\u00e9s de l&#8217;assaig i l&#8217;error i que despertin la seva curiositat.<\/strong><\/p>\n\n\n\n<h3 class=\"wp-block-heading\">Promoure la lectura i escriptura creativa<\/h3>\n\n\n\n<p><strong>La lectoescriptura \u00e9s una manera excel\u00b7lent d&#8217;estimular la creativitat. <\/strong>Per fomentar la lectura, els podeu oferir autors destacats dins d&#8217;un g\u00e8nere literari que sigui d&#8217;inter\u00e8s.<\/p>\n\n\n\n<p>Tamb\u00e9 \u00e9s recomanable donar-los l&#8217;oportunitat d&#8217;escriure un diari creatiu on expressin els seus pensaments, sentiments i idees sense restriccions. Aix\u00f2 sense deixar de banda l&#8217;escriptura de ficci\u00f3, amb la qual poden deixar anar la imaginaci\u00f3 i crear contes curts, novel\u00b7les o historietes.<\/p>\n\n\n\n<h3 class=\"wp-block-heading\">Establir temps de desconnexi\u00f3<\/h3>\n\n\n\n<p>Els moments sense dispositius electr\u00f2nics ni xarxes socials s\u00f3n essencials perqu\u00e8 els adolescents s&#8217;animin a explorar-ne l&#8217;entorn i la capacitat de crear, sense interrupcions ni distractors.<\/p>\n\n\n\n<h3 class=\"wp-block-heading\">Incentivar la participaci\u00f3 activitats l\u00fadiques<\/h3>\n\n\n\n<p>Especialment <strong>els tallers d&#8217;art s\u00f3n ideals per promoure l&#8217;exploraci\u00f3, la identitat i l&#8217;autoexpressi\u00f3 <\/strong>. Hi ha moltes opcions: dibuix, pintura, escultura, fotografia, art digital i manualitats poden ser de gran ajuda.<\/p>\n\n\n\n<h3 class=\"wp-block-heading\">Promoure la col\u00b7laboraci\u00f3<\/h3>\n\n\n\n<p>Treballar en equip, compartir idees o debatre sobre temes espec\u00edfics s\u00f3n recursos de gran valor per estimular la creativitat perqu\u00e8 <strong>hi poden trobar suport i tamb\u00e9 es promou l&#8217;intercanvi d&#8217;idees, la retroalimentaci\u00f3 i el pensament col\u00b7lectiu.<\/strong><\/p>\n\n\n\n<p>Els <strong>jocs d&#8217;improvisaci\u00f3 <\/strong>en qu\u00e8 els adolescents han de crear i generar idees junts de manera r\u00e0pida, o l&#8217;escriptura d&#8217; <strong>hist\u00f2ries col\u00b7lectives <\/strong>en qu\u00e8 cada participant aporta una part s\u00f3n estrat\u00e8gies excel\u00b7lents.<\/p>\n\n\n\n<h3 class=\"wp-block-heading\">Oferir diferents perspectives d&#8217;un mateix tema o situaci\u00f3<\/h3>\n\n\n\n<p>Fer-los con\u00e8ixer diferents cultures a trav\u00e9s de la m\u00fasica, la literatura, la dansa o el teatre els pot ajudar a entendre que tots els temes o situacions es poden <strong>abordar des de diferents perspectives.<\/strong><\/p>\n\n\n\n<p>Una din\u00e0mica senzilla que pot aportar en aquest sentit \u00e9s buscar diferents usos a un mateix objecte. Per exemple, un pneum\u00e0tic vell que es pot convertir en un test, un abeurador per a animals o un gronxador per als m\u00e9s petits.<\/p>\n\n\n\n<h2 class=\"wp-block-heading\">La creativitat com a eina per enfrontar els reptes de l&#8217;adolesc\u00e8ncia<\/h2>\n\n\n\n<p>Evidentment, la creativitat \u00e9s una eina excel\u00b7lent per afrontar els desafiaments que comporta l&#8217;adolesc\u00e8ncia. No sols permet abordar-los de manera innovadora, sin\u00f3 que tamb\u00e9 deixa un aprenentatge que es reflecteix en el desenvolupament cognitiu i emocional de cada persona. <strong>Us ajuda a trobar la vostra identitat, a acceptar-la ia expressar-la.<\/strong><\/p>\n\n\n\n<p>Explica&#8217;ns, quines altres estrat\u00e8gies has aplicat per desenvolupar la creativitat?<\/p>\n","protected":false},"excerpt":{"rendered":"<p>L&#8217;adolesc\u00e8ncia \u00e9s l&#8217;etapa del desenvolupament hum\u00e0 que s&#8217;ubica entre la inf\u00e0ncia i l&#8217;adultesa, aproximadament entre els 10 i els 19 anys, que es caracteritza per nombroses transformacions sexuals, socials i psicol\u00f2giques que contribueixen a la definici\u00f3 de la identitat ia la formaci\u00f3 d&#8217;una persona madura. \u00c9s a dir, no \u00e9s un per\u00edode senzill, \u00e9s ple [&#8230;]\n","protected":false},"author":1,"featured_media":56573,"comment_status":"closed","ping_status":"closed","sticky":false,"template":"","format":"standard","meta":{"_acf_changed":false,"footnotes":""},"categories":[298],"tags":[],"video-cat":[],"class_list":["post-56671","post","type-post","status-publish","format-standard","has-post-thumbnail","hentry","category-noticies"],"acf":[],"yoast_head":"<!-- This site is optimized with the Yoast SEO plugin v27.4 - https:\/\/yoast.com\/product\/yoast-seo-wordpress\/ -->\n<title>Com estimular la creativitat en adolescents? - ResiPlus<\/title>\n<meta name=\"robots\" content=\"index, follow, max-snippet:-1, max-image-preview:large, max-video-preview:-1\" \/>\n<link rel=\"canonical\" href=\"https:\/\/addinformatica.com\/noticias\/como-estimular-la-creatividad-en-adolescentes\/\" \/>\n<meta property=\"og:locale\" content=\"ca_ES\" \/>\n<meta property=\"og:type\" content=\"article\" \/>\n<meta property=\"og:title\" content=\"Com estimular la creativitat en adolescents? - ResiPlus\" \/>\n<meta property=\"og:description\" content=\"L&#8217;adolesc\u00e8ncia \u00e9s l&#8217;etapa del desenvolupament hum\u00e0 que s&#8217;ubica entre la inf\u00e0ncia i l&#8217;adultesa, aproximadament entre els 10 i els 19 anys, que es caracteritza per nombroses transformacions sexuals, socials i psicol\u00f2giques que contribueixen a la definici\u00f3 de la identitat ia la formaci\u00f3 d&#8217;una persona madura. \u00c9s a dir, no \u00e9s un per\u00edode senzill, \u00e9s ple [...]\" \/>\n<meta property=\"og:url\" content=\"https:\/\/addinformatica.com\/noticias\/como-estimular-la-creatividad-en-adolescentes\/\" \/>\n<meta property=\"og:site_name\" content=\"ResiPlus\" \/>\n<meta property=\"article:published_time\" content=\"2025-09-15T08:00:00+00:00\" \/>\n<meta property=\"og:image\" content=\"https:\/\/addinformatica.com\/wp-content\/uploads\/2025\/09\/como-estimular-la-creatividad-en-adolescentes.jpg\" \/>\n\t<meta property=\"og:image:width\" content=\"1200\" \/>\n\t<meta property=\"og:image:height\" content=\"800\" \/>\n\t<meta property=\"og:image:type\" content=\"image\/jpeg\" \/>\n<meta name=\"author\" content=\"ADD_es_admin\" \/>\n<meta name=\"twitter:card\" content=\"summary_large_image\" \/>\n<meta name=\"twitter:label1\" content=\"Escrit per\" \/>\n\t<meta name=\"twitter:data1\" content=\"ADD_es_admin\" \/>\n\t<meta name=\"twitter:label2\" content=\"Temps estimat de lectura\" \/>\n\t<meta name=\"twitter:data2\" content=\"6 minuts\" \/>\n<script type=\"application\/ld+json\" class=\"yoast-schema-graph\">{\"@context\":\"https:\\\/\\\/schema.org\",\"@graph\":[{\"@type\":\"Article\",\"@id\":\"https:\\\/\\\/addinformatica.com\\\/noticias\\\/como-estimular-la-creatividad-en-adolescentes\\\/#article\",\"isPartOf\":{\"@id\":\"https:\\\/\\\/addinformatica.com\\\/noticias\\\/como-estimular-la-creatividad-en-adolescentes\\\/\"},\"author\":{\"name\":\"ADD_es_admin\",\"@id\":\"https:\\\/\\\/addinformatica.com\\\/#\\\/schema\\\/person\\\/063f1036d6af39f34b17382e1b7fdd24\"},\"headline\":\"Com estimular la creativitat en adolescents?\",\"datePublished\":\"2025-09-15T08:00:00+00:00\",\"mainEntityOfPage\":{\"@id\":\"https:\\\/\\\/addinformatica.com\\\/noticias\\\/como-estimular-la-creatividad-en-adolescentes\\\/\"},\"wordCount\":1185,\"image\":{\"@id\":\"https:\\\/\\\/addinformatica.com\\\/noticias\\\/como-estimular-la-creatividad-en-adolescentes\\\/#primaryimage\"},\"thumbnailUrl\":\"https:\\\/\\\/addinformatica.com\\\/wp-content\\\/uploads\\\/2025\\\/09\\\/como-estimular-la-creatividad-en-adolescentes.jpg\",\"articleSection\":[\"Noticies\"],\"inLanguage\":\"ca\"},{\"@type\":\"WebPage\",\"@id\":\"https:\\\/\\\/addinformatica.com\\\/noticias\\\/como-estimular-la-creatividad-en-adolescentes\\\/\",\"url\":\"https:\\\/\\\/addinformatica.com\\\/noticias\\\/como-estimular-la-creatividad-en-adolescentes\\\/\",\"name\":\"Com estimular la creativitat en adolescents? - ResiPlus\",\"isPartOf\":{\"@id\":\"https:\\\/\\\/addinformatica.com\\\/#website\"},\"primaryImageOfPage\":{\"@id\":\"https:\\\/\\\/addinformatica.com\\\/noticias\\\/como-estimular-la-creatividad-en-adolescentes\\\/#primaryimage\"},\"image\":{\"@id\":\"https:\\\/\\\/addinformatica.com\\\/noticias\\\/como-estimular-la-creatividad-en-adolescentes\\\/#primaryimage\"},\"thumbnailUrl\":\"https:\\\/\\\/addinformatica.com\\\/wp-content\\\/uploads\\\/2025\\\/09\\\/como-estimular-la-creatividad-en-adolescentes.jpg\",\"datePublished\":\"2025-09-15T08:00:00+00:00\",\"author\":{\"@id\":\"https:\\\/\\\/addinformatica.com\\\/#\\\/schema\\\/person\\\/063f1036d6af39f34b17382e1b7fdd24\"},\"breadcrumb\":{\"@id\":\"https:\\\/\\\/addinformatica.com\\\/noticias\\\/como-estimular-la-creatividad-en-adolescentes\\\/#breadcrumb\"},\"inLanguage\":\"ca\",\"potentialAction\":[{\"@type\":\"ReadAction\",\"target\":[\"https:\\\/\\\/addinformatica.com\\\/noticias\\\/como-estimular-la-creatividad-en-adolescentes\\\/\"]}]},{\"@type\":\"ImageObject\",\"inLanguage\":\"ca\",\"@id\":\"https:\\\/\\\/addinformatica.com\\\/noticias\\\/como-estimular-la-creatividad-en-adolescentes\\\/#primaryimage\",\"url\":\"https:\\\/\\\/addinformatica.com\\\/wp-content\\\/uploads\\\/2025\\\/09\\\/como-estimular-la-creatividad-en-adolescentes.jpg\",\"contentUrl\":\"https:\\\/\\\/addinformatica.com\\\/wp-content\\\/uploads\\\/2025\\\/09\\\/como-estimular-la-creatividad-en-adolescentes.jpg\",\"width\":1200,\"height\":800},{\"@type\":\"BreadcrumbList\",\"@id\":\"https:\\\/\\\/addinformatica.com\\\/noticias\\\/como-estimular-la-creatividad-en-adolescentes\\\/#breadcrumb\",\"itemListElement\":[{\"@type\":\"ListItem\",\"position\":1,\"name\":\"Portada\",\"item\":\"https:\\\/\\\/addinformatica.com\\\/ca\\\/\"},{\"@type\":\"ListItem\",\"position\":2,\"name\":\"Com estimular la creativitat en adolescents?\"}]},{\"@type\":\"WebSite\",\"@id\":\"https:\\\/\\\/addinformatica.com\\\/#website\",\"url\":\"https:\\\/\\\/addinformatica.com\\\/\",\"name\":\"ResiPlus\",\"description\":\"Software de gesti\u00f3n de residencias, centros de d\u00eda y discapacitados | ResiPlus\",\"potentialAction\":[{\"@type\":\"SearchAction\",\"target\":{\"@type\":\"EntryPoint\",\"urlTemplate\":\"https:\\\/\\\/addinformatica.com\\\/?s={search_term_string}\"},\"query-input\":{\"@type\":\"PropertyValueSpecification\",\"valueRequired\":true,\"valueName\":\"search_term_string\"}}],\"inLanguage\":\"ca\"},{\"@type\":\"Person\",\"@id\":\"https:\\\/\\\/addinformatica.com\\\/#\\\/schema\\\/person\\\/063f1036d6af39f34b17382e1b7fdd24\",\"name\":\"ADD_es_admin\",\"image\":{\"@type\":\"ImageObject\",\"inLanguage\":\"ca\",\"@id\":\"https:\\\/\\\/secure.gravatar.com\\\/avatar\\\/f24b1ca4e9d4f6821988e85d4d11d5a5a70c73477e7bd56eb713e4abc2e4ab23?s=96&d=mm&r=g\",\"url\":\"https:\\\/\\\/secure.gravatar.com\\\/avatar\\\/f24b1ca4e9d4f6821988e85d4d11d5a5a70c73477e7bd56eb713e4abc2e4ab23?s=96&d=mm&r=g\",\"contentUrl\":\"https:\\\/\\\/secure.gravatar.com\\\/avatar\\\/f24b1ca4e9d4f6821988e85d4d11d5a5a70c73477e7bd56eb713e4abc2e4ab23?s=96&d=mm&r=g\",\"caption\":\"ADD_es_admin\"},\"sameAs\":[\"https:\\\/\\\/resiplus.dagocreativo.com\"],\"url\":\"https:\\\/\\\/addinformatica.com\\\/ca\\\/author\\\/add_es_admin\\\/\"}]}<\/script>\n<!-- \/ Yoast SEO plugin. -->","yoast_head_json":{"title":"Com estimular la creativitat en adolescents? - ResiPlus","robots":{"index":"index","follow":"follow","max-snippet":"max-snippet:-1","max-image-preview":"max-image-preview:large","max-video-preview":"max-video-preview:-1"},"canonical":"https:\/\/addinformatica.com\/noticias\/como-estimular-la-creatividad-en-adolescentes\/","og_locale":"ca_ES","og_type":"article","og_title":"Com estimular la creativitat en adolescents? - ResiPlus","og_description":"L&#8217;adolesc\u00e8ncia \u00e9s l&#8217;etapa del desenvolupament hum\u00e0 que s&#8217;ubica entre la inf\u00e0ncia i l&#8217;adultesa, aproximadament entre els 10 i els 19 anys, que es caracteritza per nombroses transformacions sexuals, socials i psicol\u00f2giques que contribueixen a la definici\u00f3 de la identitat ia la formaci\u00f3 d&#8217;una persona madura. \u00c9s a dir, no \u00e9s un per\u00edode senzill, \u00e9s ple [...]","og_url":"https:\/\/addinformatica.com\/noticias\/como-estimular-la-creatividad-en-adolescentes\/","og_site_name":"ResiPlus","article_published_time":"2025-09-15T08:00:00+00:00","og_image":[{"width":1200,"height":800,"url":"https:\/\/addinformatica.com\/wp-content\/uploads\/2025\/09\/como-estimular-la-creatividad-en-adolescentes.jpg","type":"image\/jpeg"}],"author":"ADD_es_admin","twitter_card":"summary_large_image","twitter_misc":{"Escrit per":"ADD_es_admin","Temps estimat de lectura":"6 minuts"},"schema":{"@context":"https:\/\/schema.org","@graph":[{"@type":"Article","@id":"https:\/\/addinformatica.com\/noticias\/como-estimular-la-creatividad-en-adolescentes\/#article","isPartOf":{"@id":"https:\/\/addinformatica.com\/noticias\/como-estimular-la-creatividad-en-adolescentes\/"},"author":{"name":"ADD_es_admin","@id":"https:\/\/addinformatica.com\/#\/schema\/person\/063f1036d6af39f34b17382e1b7fdd24"},"headline":"Com estimular la creativitat en adolescents?","datePublished":"2025-09-15T08:00:00+00:00","mainEntityOfPage":{"@id":"https:\/\/addinformatica.com\/noticias\/como-estimular-la-creatividad-en-adolescentes\/"},"wordCount":1185,"image":{"@id":"https:\/\/addinformatica.com\/noticias\/como-estimular-la-creatividad-en-adolescentes\/#primaryimage"},"thumbnailUrl":"https:\/\/addinformatica.com\/wp-content\/uploads\/2025\/09\/como-estimular-la-creatividad-en-adolescentes.jpg","articleSection":["Noticies"],"inLanguage":"ca"},{"@type":"WebPage","@id":"https:\/\/addinformatica.com\/noticias\/como-estimular-la-creatividad-en-adolescentes\/","url":"https:\/\/addinformatica.com\/noticias\/como-estimular-la-creatividad-en-adolescentes\/","name":"Com estimular la creativitat en adolescents? - ResiPlus","isPartOf":{"@id":"https:\/\/addinformatica.com\/#website"},"primaryImageOfPage":{"@id":"https:\/\/addinformatica.com\/noticias\/como-estimular-la-creatividad-en-adolescentes\/#primaryimage"},"image":{"@id":"https:\/\/addinformatica.com\/noticias\/como-estimular-la-creatividad-en-adolescentes\/#primaryimage"},"thumbnailUrl":"https:\/\/addinformatica.com\/wp-content\/uploads\/2025\/09\/como-estimular-la-creatividad-en-adolescentes.jpg","datePublished":"2025-09-15T08:00:00+00:00","author":{"@id":"https:\/\/addinformatica.com\/#\/schema\/person\/063f1036d6af39f34b17382e1b7fdd24"},"breadcrumb":{"@id":"https:\/\/addinformatica.com\/noticias\/como-estimular-la-creatividad-en-adolescentes\/#breadcrumb"},"inLanguage":"ca","potentialAction":[{"@type":"ReadAction","target":["https:\/\/addinformatica.com\/noticias\/como-estimular-la-creatividad-en-adolescentes\/"]}]},{"@type":"ImageObject","inLanguage":"ca","@id":"https:\/\/addinformatica.com\/noticias\/como-estimular-la-creatividad-en-adolescentes\/#primaryimage","url":"https:\/\/addinformatica.com\/wp-content\/uploads\/2025\/09\/como-estimular-la-creatividad-en-adolescentes.jpg","contentUrl":"https:\/\/addinformatica.com\/wp-content\/uploads\/2025\/09\/como-estimular-la-creatividad-en-adolescentes.jpg","width":1200,"height":800},{"@type":"BreadcrumbList","@id":"https:\/\/addinformatica.com\/noticias\/como-estimular-la-creatividad-en-adolescentes\/#breadcrumb","itemListElement":[{"@type":"ListItem","position":1,"name":"Portada","item":"https:\/\/addinformatica.com\/ca\/"},{"@type":"ListItem","position":2,"name":"Com estimular la creativitat en adolescents?"}]},{"@type":"WebSite","@id":"https:\/\/addinformatica.com\/#website","url":"https:\/\/addinformatica.com\/","name":"ResiPlus","description":"Software de gesti\u00f3n de residencias, centros de d\u00eda y discapacitados | ResiPlus","potentialAction":[{"@type":"SearchAction","target":{"@type":"EntryPoint","urlTemplate":"https:\/\/addinformatica.com\/?s={search_term_string}"},"query-input":{"@type":"PropertyValueSpecification","valueRequired":true,"valueName":"search_term_string"}}],"inLanguage":"ca"},{"@type":"Person","@id":"https:\/\/addinformatica.com\/#\/schema\/person\/063f1036d6af39f34b17382e1b7fdd24","name":"ADD_es_admin","image":{"@type":"ImageObject","inLanguage":"ca","@id":"https:\/\/secure.gravatar.com\/avatar\/f24b1ca4e9d4f6821988e85d4d11d5a5a70c73477e7bd56eb713e4abc2e4ab23?s=96&d=mm&r=g","url":"https:\/\/secure.gravatar.com\/avatar\/f24b1ca4e9d4f6821988e85d4d11d5a5a70c73477e7bd56eb713e4abc2e4ab23?s=96&d=mm&r=g","contentUrl":"https:\/\/secure.gravatar.com\/avatar\/f24b1ca4e9d4f6821988e85d4d11d5a5a70c73477e7bd56eb713e4abc2e4ab23?s=96&d=mm&r=g","caption":"ADD_es_admin"},"sameAs":["https:\/\/resiplus.dagocreativo.com"],"url":"https:\/\/addinformatica.com\/ca\/author\/add_es_admin\/"}]}},"_links":{"self":[{"href":"https:\/\/addinformatica.com\/ca\/wp-json\/wp\/v2\/posts\/56671","targetHints":{"allow":["GET"]}}],"collection":[{"href":"https:\/\/addinformatica.com\/ca\/wp-json\/wp\/v2\/posts"}],"about":[{"href":"https:\/\/addinformatica.com\/ca\/wp-json\/wp\/v2\/types\/post"}],"author":[{"embeddable":true,"href":"https:\/\/addinformatica.com\/ca\/wp-json\/wp\/v2\/users\/1"}],"replies":[{"embeddable":true,"href":"https:\/\/addinformatica.com\/ca\/wp-json\/wp\/v2\/comments?post=56671"}],"version-history":[{"count":0,"href":"https:\/\/addinformatica.com\/ca\/wp-json\/wp\/v2\/posts\/56671\/revisions"}],"wp:featuredmedia":[{"embeddable":true,"href":"https:\/\/addinformatica.com\/ca\/wp-json\/wp\/v2\/media\/56573"}],"wp:attachment":[{"href":"https:\/\/addinformatica.com\/ca\/wp-json\/wp\/v2\/media?parent=56671"}],"wp:term":[{"taxonomy":"category","embeddable":true,"href":"https:\/\/addinformatica.com\/ca\/wp-json\/wp\/v2\/categories?post=56671"},{"taxonomy":"post_tag","embeddable":true,"href":"https:\/\/addinformatica.com\/ca\/wp-json\/wp\/v2\/tags?post=56671"},{"taxonomy":"video-cat","embeddable":true,"href":"https:\/\/addinformatica.com\/ca\/wp-json\/wp\/v2\/video-cat?post=56671"}],"curies":[{"name":"wp","href":"https:\/\/api.w.org\/{rel}","templated":true}]}}