{"id":45461,"date":"2025-06-12T08:03:43","date_gmt":"2025-06-12T08:03:43","guid":{"rendered":"https:\/\/addinformatica.com\/sense-categoria\/grandes-llego-para-romper-con-los-estereotipos-sobre-la-edad-y-la-belleza\/"},"modified":"2025-07-04T06:34:48","modified_gmt":"2025-07-04T06:34:48","slug":"grans-va-arribar-per-trencar-amb-els-estereotips-sobre-ledat-i-la-bellesa","status":"publish","type":"post","link":"https:\/\/addinformatica.com\/ca\/noticies\/grans-va-arribar-per-trencar-amb-els-estereotips-sobre-ledat-i-la-bellesa\/","title":{"rendered":"GRANS va arribar per trencar amb els estereotips sobre l&#8217;edat i la bellesa"},"content":{"rendered":"\n<figure class=\"wp-block-image aligncenter size-large\"><img loading=\"lazy\" decoding=\"async\" width=\"1024\" height=\"682\" src=\"https:\/\/addinformatica.com\/wp-content\/uploads\/2025\/06\/grandes-llego-para-romper-con-los-estereotipos-sobre-la-edad-y-la-belleza-1024x682.jpg\" alt=\"grans-arriba-per-trencar-amb-els-estereotips-sobre-l'edat-i-la-bellesa\" class=\"wp-image-43447\" srcset=\"https:\/\/addinformatica.com\/wp-content\/uploads\/2025\/06\/grandes-llego-para-romper-con-los-estereotipos-sobre-la-edad-y-la-belleza-1024x682.jpg 1024w, https:\/\/addinformatica.com\/wp-content\/uploads\/2025\/06\/grandes-llego-para-romper-con-los-estereotipos-sobre-la-edad-y-la-belleza-300x200.jpg 300w, https:\/\/addinformatica.com\/wp-content\/uploads\/2025\/06\/grandes-llego-para-romper-con-los-estereotipos-sobre-la-edad-y-la-belleza-768x512.jpg 768w, https:\/\/addinformatica.com\/wp-content\/uploads\/2025\/06\/grandes-llego-para-romper-con-los-estereotipos-sobre-la-edad-y-la-belleza.jpg 1280w\" sizes=\"auto, (max-width: 1024px) 100vw, 1024px\" \/><\/figure>\n\n\n\n<p>D&#8217;acord amb <a href=\"https:\/\/www.who.int\/es\/news\/item\/18-03-2021-ageism-is-a-global-challenge-un\">dades de l&#8217;Organitzaci\u00f3 Mundial de la Salut (OMS) <\/a>, una de cada dues persones al m\u00f3n t\u00e9 actituds o prejudicis edadistes que es filtren en nombroses institucions i organitzacions socials <strong>. qu\u00e8 \u00e9s l&#8217;edatisme? <\/strong>Es tracta d&#8217;un tipus de discriminaci\u00f3 per edat, que afecta especialment les persones grans, limitant-ne la presa de decisions i la participaci\u00f3 en activitats socials, aix\u00ed com l&#8217;acc\u00e9s al treball ia serveis com l&#8217;educaci\u00f3, la formaci\u00f3 especialitzada o la salut.<strong><\/strong><\/p>\n\n\n\n<p>Precisament contra aquest tipus de discriminaci\u00f3, <a href=\"https:\/\/asispa.org\/stopedadismo\/\">des <\/a>de l&#8217; <strong>any 2024 ressona a tot Espanya el projecte <\/strong>GRANS . Vegem de qu\u00e8 va aquest nou projecte!<\/p>\n\n\n\n<figure class=\"wp-block-image aligncenter size-large\"><img loading=\"lazy\" decoding=\"async\" width=\"1024\" height=\"682\" src=\"https:\/\/addinformatica.com\/wp-content\/uploads\/2025\/06\/que-es-el-edadismo-y-el-proyecto-grandes-1024x682.jpg\" alt=\"que-\u00e9s-l'edatisme-i-el-projecte-grans\" class=\"wp-image-43451\" srcset=\"https:\/\/addinformatica.com\/wp-content\/uploads\/2025\/06\/que-es-el-edadismo-y-el-proyecto-grandes-1024x682.jpg 1024w, https:\/\/addinformatica.com\/wp-content\/uploads\/2025\/06\/que-es-el-edadismo-y-el-proyecto-grandes-300x200.jpg 300w, https:\/\/addinformatica.com\/wp-content\/uploads\/2025\/06\/que-es-el-edadismo-y-el-proyecto-grandes-768x512.jpg 768w, https:\/\/addinformatica.com\/wp-content\/uploads\/2025\/06\/que-es-el-edadismo-y-el-proyecto-grandes.jpg 1280w\" sizes=\"auto, (max-width: 1024px) 100vw, 1024px\" \/><\/figure>\n\n\n\n<h2 class=\"wp-block-heading\">\u00bf Qu\u00e8 \u00e9s el projecte GRANS?<\/h2>\n\n\n\n<p>El projecte GRANDES \u00e9s, a grans trets, una <strong>proposta cultural ideada per ASISPA per generar debats i canvis al voltant de la manera de percebre les persones grans <\/strong>i el seu paper a la societat.<\/p>\n\n\n\n<p>Es tracta d&#8217; <strong>una declaraci\u00f3 contundent contra l&#8217;edatisme <\/strong>, GRANS es proposa la <strong>prevenci\u00f3 i la sensibilitzaci\u00f3 sobre el tema <\/strong>per fomentar una societat m\u00e9s inclusiva per a tothom, sense importar l&#8217;edat.<\/p>\n\n\n\n<h3 class=\"wp-block-heading\">Moda, fotografia, cultura i art com a eines de transformaci\u00f3<\/h3>\n\n\n\n<p>A GRANS, <strong>la moda, la fotografia i l&#8217;art <\/strong>es converteixen en eines o vehicles que permeten portar el seu missatge de canvi amb gran propietat, incloent-hi les persones grans a les passarel\u00b7les, convertint-los en protagonistes d&#8217;exposicions i ubicant-los al focus de sessions fotogr\u00e0fiques totalment inclusives.<\/p>\n\n\n\n<p>Assolint amb aix\u00f2 que es visibilitzi i es parli de l&#8217;edatisme, per\u00f2 sobretot fent que es posicioni als mitjans de comunicaci\u00f3 i a la ment de les persones una idea senzilla i contundent: <strong>les persones grans tenen molt a aportar a la nostra societat.<\/strong><\/p>\n\n\n\n<h3 class=\"wp-block-heading\">Grans figures que recolzen aquesta iniciativa<\/h3>\n\n\n\n<p>Com hem comentat, aquest projecte ha tingut un gran impacte i ha cridat l\u2019atenci\u00f3 de nombroses persones. En gran mesura, aix\u00f2 \u00e9s perqu\u00e8 <strong>ha comptat amb la col\u00b7laboraci\u00f3 de celebritats i personatges amb gran autoritat dins del m\u00f3n de l&#8217;espectacle i la moda.<\/strong> Entre elles hi ha Charo Reina i el dissenyador d&#8217;alta costura i ambaixador de la Madrile\u00f1a Fashion Week, Manu S\u00e1nchez. Cadaval.<\/p>\n\n\n\n<figure class=\"wp-block-image aligncenter size-large\"><img loading=\"lazy\" decoding=\"async\" width=\"1024\" height=\"702\" src=\"https:\/\/addinformatica.com\/wp-content\/uploads\/2025\/06\/la-importancia-de-llevar-el-debate-sobre-el-edadismo-a-todos-los-espacios-1024x702.jpg\" alt=\"que-\u00e9s-l'edatisme-i-el-projecte-grans\" class=\"wp-image-43449\" srcset=\"https:\/\/addinformatica.com\/wp-content\/uploads\/2025\/06\/la-importancia-de-llevar-el-debate-sobre-el-edadismo-a-todos-los-espacios-1024x702.jpg 1024w, https:\/\/addinformatica.com\/wp-content\/uploads\/2025\/06\/la-importancia-de-llevar-el-debate-sobre-el-edadismo-a-todos-los-espacios-300x206.jpg 300w, https:\/\/addinformatica.com\/wp-content\/uploads\/2025\/06\/la-importancia-de-llevar-el-debate-sobre-el-edadismo-a-todos-los-espacios-768x527.jpg 768w, https:\/\/addinformatica.com\/wp-content\/uploads\/2025\/06\/la-importancia-de-llevar-el-debate-sobre-el-edadismo-a-todos-los-espacios.jpg 1280w\" sizes=\"auto, (max-width: 1024px) 100vw, 1024px\" \/><\/figure>\n\n\n\n<h3 class=\"wp-block-heading\">Algunes fites que van deixar empremta el 2024<\/h3>\n\n\n\n<p>L&#8217;execuci\u00f3 del projecte GRANDES ha incl\u00f2s diferents accions; totes i cadascuna han estat molt reeixides, i han servit per aprofundir el missatge de la campanya.<\/p>\n\n\n\n<ul class=\"wp-block-list\">\n<li><strong>Classes magistrals d&#8217;alta costura amb els dissenyadors Manu S\u00e1nchez i Petro Valverde <\/strong>: va comptar amb la participaci\u00f3 de persones grans i el resultat va ser una col\u00b7lecci\u00f3 amb 14 peces exclusives.<\/li>\n\n\n\n<li><strong>Desfilada inclusiva: <\/strong>les peces dissenyades van ser presentades en una desfilada inclusiva en qu\u00e8 van participar models de tres generacions que van desafiar els conceptes de moda, bellesa i edat. Aquesta activitat va ser una de les que va tenir m\u00e9s projecci\u00f3 als mitjans de comunicaci\u00f3 i que va obtenir una gran acceptaci\u00f3 per part del p\u00fablic.<\/li>\n\n\n\n<li><a href=\"https:\/\/asispa.org\/wp-content\/uploads\/2024\/12\/calendario-2025.pdf\"><strong>Calendari Solidari GRANS 2025 <\/strong><\/a><strong>: <\/strong>celebritats i gent gran van ser els protagonistes d&#8217;aquest bonic calendari en qu\u00e8 queda reflectida l&#8217;ess\u00e8ncia de la campanya.<\/li>\n\n\n\n<li><strong>Grans Mirades: <\/strong>una exposici\u00f3 fotogr\u00e0fica amb dobles retrats d&#8217;una persona famosa juntament amb una persona gran que accentua el missatge d&#8217;unitat intergeneracional.<\/li>\n<\/ul>\n\n\n\n<p>Com podeu veure, la vostra agenda d&#8217;activitats l&#8217;any passat va ser summament productiva. Per aquest 2025 el projecte contempla noves accions per continuar <strong>trencant estereotips sobre l&#8217;edat i la bellesa, i propiciar una societat m\u00e9s inclusiva <\/strong>amb la gent gran<\/p>\n\n\n\n<h2 class=\"wp-block-heading\">\u00bf Coneixem sobre l&#8217;edatisme?<\/h2>\n\n\n\n<p><strong>L&#8217;edatisme \u00e9s m\u00e9s com\u00fa del que pensem. <\/strong>Encara que no sempre \u00e9s evident, sol formar part de les din\u00e0miques socials <strong>.<\/strong><\/p>\n\n\n\n<p>D&#8217; acord amb l&#8217;Informe Mundial sobre l&#8217;edatisme (2021), \u00e9s present en <strong>entorns institucionals, familiars, interpersonals, i fins i tot pot ser autodirigit <\/strong>.<\/p>\n\n\n\n<p>El pitjor \u00e9s que \u00e9s un <strong>flagell social capa\u00e7 de provocar danys significatius en la qualitat de vida de la gent gran: <\/strong>deteriorament de la salut f\u00edsica i mental, a\u00efllament social i solitud, depressi\u00f3 i morts primerenques, entre d&#8217;altres. D&#8217;altra banda, els prejudicis d&#8217;edat comporten un risc d&#8217;ab\u00fas i viol\u00e8ncia, a m\u00e9s que contribueixen a la pobresa i repercuteixen en l&#8217;elaboraci\u00f3 de pol\u00edtiques p\u00fabliques.<\/p>\n\n\n\n<p>Tot aix\u00f2 ho converteix en un problema que mereix solucions primerenques. Algunes de les propostes de l&#8217;OMS s\u00f3n <strong>promoure l&#8217;educaci\u00f3 i la sensibilitzaci\u00f3 al voltant del tema i generar contactes intergeneracionals,<\/strong> amb l&#8217;objectiu d&#8217; incrementar l&#8217;empatia, i recon\u00e8ixer en les persones grans aquests \u00e9ssers portadors de la saviesa i el coneixement que necessitem com a societat.<\/p>\n\n\n\n<h2 class=\"wp-block-heading\">Impulsar el debat sobre l&#8217;edatisme a tots els espais<\/h2>\n\n\n\n<p><a><\/a>Coneixies sobre l&#8217;edatisme i les accions que es duen a terme per erradicar-lo? Moltes persones desconeixen aquest terme i, m\u00e9s encara, les conseq\u00fc\u00e8ncies que t\u00e9 per a la vida de la gent gran. Per aix\u00f2, \u00e9s important portar aquest debat a tots els espais, <strong>fer que es conegui el tema i sensibilitzar sobre la seva incid\u00e8ncia negativa <\/strong>en la qualitat de vida de la gent gran.<\/p>\n\n\n\n<p><a><\/a>Us convidem a indagar sobre el tema, estar atent a les noves activitats organitzades ia ser portaveus del missatge.<\/p>\n","protected":false},"excerpt":{"rendered":"<p>D&#8217;acord amb dades de l&#8217;Organitzaci\u00f3 Mundial de la Salut (OMS) , una de cada dues persones al m\u00f3n t\u00e9 actituds o prejudicis edadistes que es filtren en nombroses institucions i organitzacions socials . qu\u00e8 \u00e9s l&#8217;edatisme? Es tracta d&#8217;un tipus de discriminaci\u00f3 per edat, que afecta especialment les persones grans, limitant-ne la presa de decisions [&#8230;]\n","protected":false},"author":1,"featured_media":43448,"comment_status":"closed","ping_status":"open","sticky":false,"template":"","format":"standard","meta":{"_acf_changed":false,"footnotes":""},"categories":[298],"tags":[],"video-cat":[],"class_list":["post-45461","post","type-post","status-publish","format-standard","has-post-thumbnail","hentry","category-noticies"],"acf":[],"yoast_head":"<!-- This site is optimized with the Yoast SEO plugin v27.4 - https:\/\/yoast.com\/product\/yoast-seo-wordpress\/ -->\n<title>GRANS va arribar per trencar amb els estereotips sobre l&#039;edat i la bellesa - ResiPlus<\/title>\n<meta name=\"robots\" content=\"index, follow, max-snippet:-1, max-image-preview:large, max-video-preview:-1\" \/>\n<link rel=\"canonical\" href=\"https:\/\/addinformatica.com\/ca\/noticies\/grans-va-arribar-per-trencar-amb-els-estereotips-sobre-ledat-i-la-bellesa\/\" \/>\n<meta property=\"og:locale\" content=\"ca_ES\" \/>\n<meta property=\"og:type\" content=\"article\" \/>\n<meta property=\"og:title\" content=\"GRANS va arribar per trencar amb els estereotips sobre l&#039;edat i la bellesa - ResiPlus\" \/>\n<meta property=\"og:description\" content=\"D&#8217;acord amb dades de l&#8217;Organitzaci\u00f3 Mundial de la Salut (OMS) , una de cada dues persones al m\u00f3n t\u00e9 actituds o prejudicis edadistes que es filtren en nombroses institucions i organitzacions socials . qu\u00e8 \u00e9s l&#8217;edatisme? Es tracta d&#8217;un tipus de discriminaci\u00f3 per edat, que afecta especialment les persones grans, limitant-ne la presa de decisions [...]\" \/>\n<meta property=\"og:url\" content=\"https:\/\/addinformatica.com\/ca\/noticies\/grans-va-arribar-per-trencar-amb-els-estereotips-sobre-ledat-i-la-bellesa\/\" \/>\n<meta property=\"og:site_name\" content=\"ResiPlus\" \/>\n<meta property=\"article:published_time\" content=\"2025-06-12T08:03:43+00:00\" \/>\n<meta property=\"article:modified_time\" content=\"2025-07-04T06:34:48+00:00\" \/>\n<meta property=\"og:image\" content=\"https:\/\/addinformatica.com\/wp-content\/uploads\/2025\/06\/grandes-llego-para-romper-con-los-estereotipos-sobre-la-edad-y-la-belleza.jpg\" \/>\n\t<meta property=\"og:image:width\" content=\"1280\" \/>\n\t<meta property=\"og:image:height\" content=\"853\" \/>\n\t<meta property=\"og:image:type\" content=\"image\/jpeg\" \/>\n<meta name=\"author\" content=\"ADD_es_admin\" \/>\n<meta name=\"twitter:card\" content=\"summary_large_image\" \/>\n<meta name=\"twitter:label1\" content=\"Escrit per\" \/>\n\t<meta name=\"twitter:data1\" content=\"ADD_es_admin\" \/>\n\t<meta name=\"twitter:label2\" content=\"Temps estimat de lectura\" \/>\n\t<meta name=\"twitter:data2\" content=\"5 minuts\" \/>\n<script type=\"application\/ld+json\" class=\"yoast-schema-graph\">{\"@context\":\"https:\\\/\\\/schema.org\",\"@graph\":[{\"@type\":\"Article\",\"@id\":\"https:\\\/\\\/addinformatica.com\\\/ca\\\/noticies\\\/grans-va-arribar-per-trencar-amb-els-estereotips-sobre-ledat-i-la-bellesa\\\/#article\",\"isPartOf\":{\"@id\":\"https:\\\/\\\/addinformatica.com\\\/ca\\\/noticies\\\/grans-va-arribar-per-trencar-amb-els-estereotips-sobre-ledat-i-la-bellesa\\\/\"},\"author\":{\"name\":\"ADD_es_admin\",\"@id\":\"https:\\\/\\\/addinformatica.com\\\/#\\\/schema\\\/person\\\/063f1036d6af39f34b17382e1b7fdd24\"},\"headline\":\"GRANS va arribar per trencar amb els estereotips sobre l&#8217;edat i la bellesa\",\"datePublished\":\"2025-06-12T08:03:43+00:00\",\"dateModified\":\"2025-07-04T06:34:48+00:00\",\"mainEntityOfPage\":{\"@id\":\"https:\\\/\\\/addinformatica.com\\\/ca\\\/noticies\\\/grans-va-arribar-per-trencar-amb-els-estereotips-sobre-ledat-i-la-bellesa\\\/\"},\"wordCount\":881,\"image\":{\"@id\":\"https:\\\/\\\/addinformatica.com\\\/ca\\\/noticies\\\/grans-va-arribar-per-trencar-amb-els-estereotips-sobre-ledat-i-la-bellesa\\\/#primaryimage\"},\"thumbnailUrl\":\"https:\\\/\\\/addinformatica.com\\\/wp-content\\\/uploads\\\/2025\\\/06\\\/grandes-llego-para-romper-con-los-estereotipos-sobre-la-edad-y-la-belleza.jpg\",\"articleSection\":[\"Noticies\"],\"inLanguage\":\"ca\"},{\"@type\":\"WebPage\",\"@id\":\"https:\\\/\\\/addinformatica.com\\\/ca\\\/noticies\\\/grans-va-arribar-per-trencar-amb-els-estereotips-sobre-ledat-i-la-bellesa\\\/\",\"url\":\"https:\\\/\\\/addinformatica.com\\\/ca\\\/noticies\\\/grans-va-arribar-per-trencar-amb-els-estereotips-sobre-ledat-i-la-bellesa\\\/\",\"name\":\"GRANS va arribar per trencar amb els estereotips sobre l'edat i la bellesa - ResiPlus\",\"isPartOf\":{\"@id\":\"https:\\\/\\\/addinformatica.com\\\/#website\"},\"primaryImageOfPage\":{\"@id\":\"https:\\\/\\\/addinformatica.com\\\/ca\\\/noticies\\\/grans-va-arribar-per-trencar-amb-els-estereotips-sobre-ledat-i-la-bellesa\\\/#primaryimage\"},\"image\":{\"@id\":\"https:\\\/\\\/addinformatica.com\\\/ca\\\/noticies\\\/grans-va-arribar-per-trencar-amb-els-estereotips-sobre-ledat-i-la-bellesa\\\/#primaryimage\"},\"thumbnailUrl\":\"https:\\\/\\\/addinformatica.com\\\/wp-content\\\/uploads\\\/2025\\\/06\\\/grandes-llego-para-romper-con-los-estereotipos-sobre-la-edad-y-la-belleza.jpg\",\"datePublished\":\"2025-06-12T08:03:43+00:00\",\"dateModified\":\"2025-07-04T06:34:48+00:00\",\"author\":{\"@id\":\"https:\\\/\\\/addinformatica.com\\\/#\\\/schema\\\/person\\\/063f1036d6af39f34b17382e1b7fdd24\"},\"breadcrumb\":{\"@id\":\"https:\\\/\\\/addinformatica.com\\\/ca\\\/noticies\\\/grans-va-arribar-per-trencar-amb-els-estereotips-sobre-ledat-i-la-bellesa\\\/#breadcrumb\"},\"inLanguage\":\"ca\",\"potentialAction\":[{\"@type\":\"ReadAction\",\"target\":[\"https:\\\/\\\/addinformatica.com\\\/ca\\\/noticies\\\/grans-va-arribar-per-trencar-amb-els-estereotips-sobre-ledat-i-la-bellesa\\\/\"]}]},{\"@type\":\"ImageObject\",\"inLanguage\":\"ca\",\"@id\":\"https:\\\/\\\/addinformatica.com\\\/ca\\\/noticies\\\/grans-va-arribar-per-trencar-amb-els-estereotips-sobre-ledat-i-la-bellesa\\\/#primaryimage\",\"url\":\"https:\\\/\\\/addinformatica.com\\\/wp-content\\\/uploads\\\/2025\\\/06\\\/grandes-llego-para-romper-con-los-estereotipos-sobre-la-edad-y-la-belleza.jpg\",\"contentUrl\":\"https:\\\/\\\/addinformatica.com\\\/wp-content\\\/uploads\\\/2025\\\/06\\\/grandes-llego-para-romper-con-los-estereotipos-sobre-la-edad-y-la-belleza.jpg\",\"width\":1280,\"height\":853},{\"@type\":\"BreadcrumbList\",\"@id\":\"https:\\\/\\\/addinformatica.com\\\/ca\\\/noticies\\\/grans-va-arribar-per-trencar-amb-els-estereotips-sobre-ledat-i-la-bellesa\\\/#breadcrumb\",\"itemListElement\":[{\"@type\":\"ListItem\",\"position\":1,\"name\":\"Portada\",\"item\":\"https:\\\/\\\/addinformatica.com\\\/ca\\\/\"},{\"@type\":\"ListItem\",\"position\":2,\"name\":\"GRANS va arribar per trencar amb els estereotips sobre l&#8217;edat i la bellesa\"}]},{\"@type\":\"WebSite\",\"@id\":\"https:\\\/\\\/addinformatica.com\\\/#website\",\"url\":\"https:\\\/\\\/addinformatica.com\\\/\",\"name\":\"ResiPlus\",\"description\":\"Software de gesti\u00f3n de residencias, centros de d\u00eda y discapacitados | ResiPlus\",\"potentialAction\":[{\"@type\":\"SearchAction\",\"target\":{\"@type\":\"EntryPoint\",\"urlTemplate\":\"https:\\\/\\\/addinformatica.com\\\/?s={search_term_string}\"},\"query-input\":{\"@type\":\"PropertyValueSpecification\",\"valueRequired\":true,\"valueName\":\"search_term_string\"}}],\"inLanguage\":\"ca\"},{\"@type\":\"Person\",\"@id\":\"https:\\\/\\\/addinformatica.com\\\/#\\\/schema\\\/person\\\/063f1036d6af39f34b17382e1b7fdd24\",\"name\":\"ADD_es_admin\",\"image\":{\"@type\":\"ImageObject\",\"inLanguage\":\"ca\",\"@id\":\"https:\\\/\\\/secure.gravatar.com\\\/avatar\\\/f24b1ca4e9d4f6821988e85d4d11d5a5a70c73477e7bd56eb713e4abc2e4ab23?s=96&d=mm&r=g\",\"url\":\"https:\\\/\\\/secure.gravatar.com\\\/avatar\\\/f24b1ca4e9d4f6821988e85d4d11d5a5a70c73477e7bd56eb713e4abc2e4ab23?s=96&d=mm&r=g\",\"contentUrl\":\"https:\\\/\\\/secure.gravatar.com\\\/avatar\\\/f24b1ca4e9d4f6821988e85d4d11d5a5a70c73477e7bd56eb713e4abc2e4ab23?s=96&d=mm&r=g\",\"caption\":\"ADD_es_admin\"},\"sameAs\":[\"https:\\\/\\\/resiplus.dagocreativo.com\"],\"url\":\"https:\\\/\\\/addinformatica.com\\\/ca\\\/author\\\/add_es_admin\\\/\"}]}<\/script>\n<!-- \/ Yoast SEO plugin. -->","yoast_head_json":{"title":"GRANS va arribar per trencar amb els estereotips sobre l'edat i la bellesa - ResiPlus","robots":{"index":"index","follow":"follow","max-snippet":"max-snippet:-1","max-image-preview":"max-image-preview:large","max-video-preview":"max-video-preview:-1"},"canonical":"https:\/\/addinformatica.com\/ca\/noticies\/grans-va-arribar-per-trencar-amb-els-estereotips-sobre-ledat-i-la-bellesa\/","og_locale":"ca_ES","og_type":"article","og_title":"GRANS va arribar per trencar amb els estereotips sobre l'edat i la bellesa - ResiPlus","og_description":"D&#8217;acord amb dades de l&#8217;Organitzaci\u00f3 Mundial de la Salut (OMS) , una de cada dues persones al m\u00f3n t\u00e9 actituds o prejudicis edadistes que es filtren en nombroses institucions i organitzacions socials . qu\u00e8 \u00e9s l&#8217;edatisme? Es tracta d&#8217;un tipus de discriminaci\u00f3 per edat, que afecta especialment les persones grans, limitant-ne la presa de decisions [...]","og_url":"https:\/\/addinformatica.com\/ca\/noticies\/grans-va-arribar-per-trencar-amb-els-estereotips-sobre-ledat-i-la-bellesa\/","og_site_name":"ResiPlus","article_published_time":"2025-06-12T08:03:43+00:00","article_modified_time":"2025-07-04T06:34:48+00:00","og_image":[{"width":1280,"height":853,"url":"https:\/\/addinformatica.com\/wp-content\/uploads\/2025\/06\/grandes-llego-para-romper-con-los-estereotipos-sobre-la-edad-y-la-belleza.jpg","type":"image\/jpeg"}],"author":"ADD_es_admin","twitter_card":"summary_large_image","twitter_misc":{"Escrit per":"ADD_es_admin","Temps estimat de lectura":"5 minuts"},"schema":{"@context":"https:\/\/schema.org","@graph":[{"@type":"Article","@id":"https:\/\/addinformatica.com\/ca\/noticies\/grans-va-arribar-per-trencar-amb-els-estereotips-sobre-ledat-i-la-bellesa\/#article","isPartOf":{"@id":"https:\/\/addinformatica.com\/ca\/noticies\/grans-va-arribar-per-trencar-amb-els-estereotips-sobre-ledat-i-la-bellesa\/"},"author":{"name":"ADD_es_admin","@id":"https:\/\/addinformatica.com\/#\/schema\/person\/063f1036d6af39f34b17382e1b7fdd24"},"headline":"GRANS va arribar per trencar amb els estereotips sobre l&#8217;edat i la bellesa","datePublished":"2025-06-12T08:03:43+00:00","dateModified":"2025-07-04T06:34:48+00:00","mainEntityOfPage":{"@id":"https:\/\/addinformatica.com\/ca\/noticies\/grans-va-arribar-per-trencar-amb-els-estereotips-sobre-ledat-i-la-bellesa\/"},"wordCount":881,"image":{"@id":"https:\/\/addinformatica.com\/ca\/noticies\/grans-va-arribar-per-trencar-amb-els-estereotips-sobre-ledat-i-la-bellesa\/#primaryimage"},"thumbnailUrl":"https:\/\/addinformatica.com\/wp-content\/uploads\/2025\/06\/grandes-llego-para-romper-con-los-estereotipos-sobre-la-edad-y-la-belleza.jpg","articleSection":["Noticies"],"inLanguage":"ca"},{"@type":"WebPage","@id":"https:\/\/addinformatica.com\/ca\/noticies\/grans-va-arribar-per-trencar-amb-els-estereotips-sobre-ledat-i-la-bellesa\/","url":"https:\/\/addinformatica.com\/ca\/noticies\/grans-va-arribar-per-trencar-amb-els-estereotips-sobre-ledat-i-la-bellesa\/","name":"GRANS va arribar per trencar amb els estereotips sobre l'edat i la bellesa - ResiPlus","isPartOf":{"@id":"https:\/\/addinformatica.com\/#website"},"primaryImageOfPage":{"@id":"https:\/\/addinformatica.com\/ca\/noticies\/grans-va-arribar-per-trencar-amb-els-estereotips-sobre-ledat-i-la-bellesa\/#primaryimage"},"image":{"@id":"https:\/\/addinformatica.com\/ca\/noticies\/grans-va-arribar-per-trencar-amb-els-estereotips-sobre-ledat-i-la-bellesa\/#primaryimage"},"thumbnailUrl":"https:\/\/addinformatica.com\/wp-content\/uploads\/2025\/06\/grandes-llego-para-romper-con-los-estereotipos-sobre-la-edad-y-la-belleza.jpg","datePublished":"2025-06-12T08:03:43+00:00","dateModified":"2025-07-04T06:34:48+00:00","author":{"@id":"https:\/\/addinformatica.com\/#\/schema\/person\/063f1036d6af39f34b17382e1b7fdd24"},"breadcrumb":{"@id":"https:\/\/addinformatica.com\/ca\/noticies\/grans-va-arribar-per-trencar-amb-els-estereotips-sobre-ledat-i-la-bellesa\/#breadcrumb"},"inLanguage":"ca","potentialAction":[{"@type":"ReadAction","target":["https:\/\/addinformatica.com\/ca\/noticies\/grans-va-arribar-per-trencar-amb-els-estereotips-sobre-ledat-i-la-bellesa\/"]}]},{"@type":"ImageObject","inLanguage":"ca","@id":"https:\/\/addinformatica.com\/ca\/noticies\/grans-va-arribar-per-trencar-amb-els-estereotips-sobre-ledat-i-la-bellesa\/#primaryimage","url":"https:\/\/addinformatica.com\/wp-content\/uploads\/2025\/06\/grandes-llego-para-romper-con-los-estereotipos-sobre-la-edad-y-la-belleza.jpg","contentUrl":"https:\/\/addinformatica.com\/wp-content\/uploads\/2025\/06\/grandes-llego-para-romper-con-los-estereotipos-sobre-la-edad-y-la-belleza.jpg","width":1280,"height":853},{"@type":"BreadcrumbList","@id":"https:\/\/addinformatica.com\/ca\/noticies\/grans-va-arribar-per-trencar-amb-els-estereotips-sobre-ledat-i-la-bellesa\/#breadcrumb","itemListElement":[{"@type":"ListItem","position":1,"name":"Portada","item":"https:\/\/addinformatica.com\/ca\/"},{"@type":"ListItem","position":2,"name":"GRANS va arribar per trencar amb els estereotips sobre l&#8217;edat i la bellesa"}]},{"@type":"WebSite","@id":"https:\/\/addinformatica.com\/#website","url":"https:\/\/addinformatica.com\/","name":"ResiPlus","description":"Software de gesti\u00f3n de residencias, centros de d\u00eda y discapacitados | ResiPlus","potentialAction":[{"@type":"SearchAction","target":{"@type":"EntryPoint","urlTemplate":"https:\/\/addinformatica.com\/?s={search_term_string}"},"query-input":{"@type":"PropertyValueSpecification","valueRequired":true,"valueName":"search_term_string"}}],"inLanguage":"ca"},{"@type":"Person","@id":"https:\/\/addinformatica.com\/#\/schema\/person\/063f1036d6af39f34b17382e1b7fdd24","name":"ADD_es_admin","image":{"@type":"ImageObject","inLanguage":"ca","@id":"https:\/\/secure.gravatar.com\/avatar\/f24b1ca4e9d4f6821988e85d4d11d5a5a70c73477e7bd56eb713e4abc2e4ab23?s=96&d=mm&r=g","url":"https:\/\/secure.gravatar.com\/avatar\/f24b1ca4e9d4f6821988e85d4d11d5a5a70c73477e7bd56eb713e4abc2e4ab23?s=96&d=mm&r=g","contentUrl":"https:\/\/secure.gravatar.com\/avatar\/f24b1ca4e9d4f6821988e85d4d11d5a5a70c73477e7bd56eb713e4abc2e4ab23?s=96&d=mm&r=g","caption":"ADD_es_admin"},"sameAs":["https:\/\/resiplus.dagocreativo.com"],"url":"https:\/\/addinformatica.com\/ca\/author\/add_es_admin\/"}]}},"_links":{"self":[{"href":"https:\/\/addinformatica.com\/ca\/wp-json\/wp\/v2\/posts\/45461","targetHints":{"allow":["GET"]}}],"collection":[{"href":"https:\/\/addinformatica.com\/ca\/wp-json\/wp\/v2\/posts"}],"about":[{"href":"https:\/\/addinformatica.com\/ca\/wp-json\/wp\/v2\/types\/post"}],"author":[{"embeddable":true,"href":"https:\/\/addinformatica.com\/ca\/wp-json\/wp\/v2\/users\/1"}],"replies":[{"embeddable":true,"href":"https:\/\/addinformatica.com\/ca\/wp-json\/wp\/v2\/comments?post=45461"}],"version-history":[{"count":0,"href":"https:\/\/addinformatica.com\/ca\/wp-json\/wp\/v2\/posts\/45461\/revisions"}],"wp:featuredmedia":[{"embeddable":true,"href":"https:\/\/addinformatica.com\/ca\/wp-json\/wp\/v2\/media\/43448"}],"wp:attachment":[{"href":"https:\/\/addinformatica.com\/ca\/wp-json\/wp\/v2\/media?parent=45461"}],"wp:term":[{"taxonomy":"category","embeddable":true,"href":"https:\/\/addinformatica.com\/ca\/wp-json\/wp\/v2\/categories?post=45461"},{"taxonomy":"post_tag","embeddable":true,"href":"https:\/\/addinformatica.com\/ca\/wp-json\/wp\/v2\/tags?post=45461"},{"taxonomy":"video-cat","embeddable":true,"href":"https:\/\/addinformatica.com\/ca\/wp-json\/wp\/v2\/video-cat?post=45461"}],"curies":[{"name":"wp","href":"https:\/\/api.w.org\/{rel}","templated":true}]}}