{"id":43316,"date":"2025-05-09T07:00:14","date_gmt":"2025-05-09T07:00:14","guid":{"rendered":"https:\/\/addinformatica.com\/sense-categoria\/dia-internacional-de-la-enfermeria-2025-priorizando-el-bienestar-y-la-salud-de-los-enfermeros-y-las-enfermeras\/"},"modified":"2025-06-05T06:24:41","modified_gmt":"2025-06-05T06:24:41","slug":"dia-internacional-de-la-infermeria-2025-prioritzant-el-benestar-i-la-salut-dels-infermers-i-les-infermeres","status":"publish","type":"post","link":"https:\/\/addinformatica.com\/ca\/noticies\/dia-internacional-de-la-infermeria-2025-prioritzant-el-benestar-i-la-salut-dels-infermers-i-les-infermeres\/","title":{"rendered":"Dia Internacional de la Infermeria 2025: prioritzant el benestar i la salut dels infermers i les infermeres"},"content":{"rendered":"\n<figure class=\"wp-block-image aligncenter size-large\"><img loading=\"lazy\" decoding=\"async\" width=\"1024\" height=\"683\" src=\"https:\/\/addinformatica.com\/wp-content\/uploads\/2025\/05\/dia-internacional-de-la-enfermeria-2025-priorizando-el-bienestar-y-la-salud-de-los-enfermeros-y-las-enfermeras-1024x683.jpg\" alt=\"dia-internacional-de-la-infermeria-2025-prioritzant-el-benestar-i-la-salut-dels-infermers-i-les-infermeres\" class=\"wp-image-42403\" srcset=\"https:\/\/addinformatica.com\/wp-content\/uploads\/2025\/05\/dia-internacional-de-la-enfermeria-2025-priorizando-el-bienestar-y-la-salud-de-los-enfermeros-y-las-enfermeras-1024x683.jpg 1024w, https:\/\/addinformatica.com\/wp-content\/uploads\/2025\/05\/dia-internacional-de-la-enfermeria-2025-priorizando-el-bienestar-y-la-salud-de-los-enfermeros-y-las-enfermeras-300x200.jpg 300w, https:\/\/addinformatica.com\/wp-content\/uploads\/2025\/05\/dia-internacional-de-la-enfermeria-2025-priorizando-el-bienestar-y-la-salud-de-los-enfermeros-y-las-enfermeras-768x512.jpg 768w, https:\/\/addinformatica.com\/wp-content\/uploads\/2025\/05\/dia-internacional-de-la-enfermeria-2025-priorizando-el-bienestar-y-la-salud-de-los-enfermeros-y-las-enfermeras.jpg 1200w\" sizes=\"auto, (max-width: 1024px) 100vw, 1024px\" \/><\/figure>\n\n\n\n<p><strong>El 12 de maig de cada any se celebra el Dia Internacional de la Infermeria, <\/strong>\u00e9s una data que convida a recon\u00e8ixer la lloable tasca que exerceixen els infermers i les infermeres en la prestaci\u00f3 de serveis de cures m\u00e8diques i de salut. I no \u00e9s per menys, es tracta d&#8217;una professi\u00f3 que no sols demanda de professionalitat, sin\u00f3 que tamb\u00e9 ha de ser exercida amb entrega, comprom\u00eds i empatia.<\/p>\n\n\n\n<p>Per\u00f2 a m\u00e9s, aquest dia \u00e9s una oportunitat prop\u00edcia per <strong>donar visibilitat als desafiaments que afronta aquesta disciplina <\/strong>avui dia, entre els quals destaquen les bretxes que encara existeixen i les solucions viables per aconseguir el ple benestar i la salut dels professionals de la infermeria, especialment tenint en compte que constantment s\u00f3n sotmesos a m\u00faltiples reptes f\u00edsics, mentals, emocionals i \u00e8tics.<\/p>\n\n\n\n<p>Coneguem una mica m\u00e9s sobre el tema !<\/p>\n\n\n\n<figure class=\"wp-block-image aligncenter size-large\"><img loading=\"lazy\" decoding=\"async\" width=\"1024\" height=\"683\" src=\"https:\/\/addinformatica.com\/wp-content\/uploads\/2025\/05\/cuando-y-por-que-se-celebra-el-dia-mundial-de-la-enfermeria-1024x683.jpeg\" alt=\"quan-i-per-que-es-celebra-el-dia-mundial-de-la- infermeria\" class=\"wp-image-42401\" srcset=\"https:\/\/addinformatica.com\/wp-content\/uploads\/2025\/05\/cuando-y-por-que-se-celebra-el-dia-mundial-de-la-enfermeria-1024x683.jpeg 1024w, https:\/\/addinformatica.com\/wp-content\/uploads\/2025\/05\/cuando-y-por-que-se-celebra-el-dia-mundial-de-la-enfermeria-300x200.jpeg 300w, https:\/\/addinformatica.com\/wp-content\/uploads\/2025\/05\/cuando-y-por-que-se-celebra-el-dia-mundial-de-la-enfermeria-768x512.jpeg 768w, https:\/\/addinformatica.com\/wp-content\/uploads\/2025\/05\/cuando-y-por-que-se-celebra-el-dia-mundial-de-la-enfermeria.jpeg 1200w\" sizes=\"auto, (max-width: 1024px) 100vw, 1024px\" \/><\/figure>\n\n\n\n<h2 class=\"wp-block-heading\">Per qu\u00e8 se celebra el Dia Internacional de la Infermeria?<\/h2>\n\n\n\n<p>Tot i que la primera proposta per celebrar aquesta data va ser realitzada el 1953 per Dorothy Sutherland, membre del departament nord-americ\u00e0 de salut, educaci\u00f3 i benestar, el Dia Internacional de la Infermeria \u00e9s <strong>promogut i organitzat pel Consell Internacional d&#8217;Infermeria des de l&#8217;any 1965.<\/strong><\/p>\n\n\n\n<p>Ara b\u00e9, <strong>no va ser fins al 1974 quan es va establir el 12 de maig com a dia oficial i definitiu de la celebraci\u00f3 <\/strong>, data que coincideix precisament amb el natalici de Florence Nightingale per rendir-li honor pel seu llegat com a precursora de la Infermeria moderna, humanista i com a disciplina cient\u00edfica.<\/p>\n\n\n\n<p>Des d&#8217;aleshores, encara que actualment cada any s&#8217;empra un lema diferent, el prop\u00f2sit fonamental d&#8217;aquesta commemoraci\u00f3 roman ferm i cada cop pren m\u00e9s visibilitzaci\u00f3 i rellev\u00e0ncia: <strong>recon\u00e8ixer i enaltir el treball i el lliurament dels infermers i infermeres <\/strong>que es dediquen a la cura i el benestar de les persones.<\/p>\n\n\n\n<h3 class=\"wp-block-heading\">Florence Nightingale i el seu paper al sorgiment de la Infermeria Moderna<\/h3>\n\n\n\n<p><strong>Florence Nightingale va n\u00e9ixer el 1820 a It\u00e0lia <\/strong>i va guanyar notorietat i promin\u00e8ncia per implementar una s\u00e8rie de protocols sanitaris i d&#8217;higiene que van reduir significativament la taxa de mortalitat de soldats ferits durant la Guerra de Crimea al segle XIX, mentre dirigia un equip d&#8217;infermeres a l&#8217;Hospital Scutari a Istanbul, Turqu\u00ed.<\/p>\n\n\n\n<p>Posteriorment, va fundar la primera escola d&#8217;Infermeria a l&#8217;Hospital St. Thomas a Londres i va realitzar importants aportacions a l&#8217;\u00e0rea de l&#8217;estad\u00edstica de salut, contribuint aix\u00ed amb el desenvolupament de m\u00e8todes per a la recopilaci\u00f3 i an\u00e0lisi de dades de salut, amb la <strong>humanitzaci\u00f3 de la professi\u00f3 i amb la seva transformaci\u00f3 com a disciplina cient\u00edfica.<\/strong><\/p>\n\n\n\n<h3 class=\"wp-block-heading\">El rol dels professionals de la Infermeria<\/h3>\n\n\n\n<p>Els professionals de la Infermeria s\u00f3n <strong>peces fonamentals dels sistemes de salut de tot el m\u00f3n. <\/strong>S\u00f3n els qui estan a primera l\u00ednia, en contacte directe i constant amb les persones a tots els nivells assistencials, ja sigui que parlem d&#8217;activitats preventives i educatives, de l&#8217;aplicaci\u00f3 de tractaments o de processos de rehabilitaci\u00f3 complets.<\/p>\n\n\n\n<p>Aquest enfocament integratiu i proper els permet establir vincles de confian\u00e7a, que faciliten i aprofundeixen la influ\u00e8ncia que s\u00f3n capa\u00e7os dexercir per a la transformaci\u00f3 positiva de comportaments associats a la salut, \u00e9s a dir, en la <strong>generaci\u00f3 de comunitats m\u00e9s conscients i saludables.<\/strong><\/p>\n\n\n\n<h2 class=\"wp-block-heading\">Lema 2025: &#8220;Les nostres infermeres. El nostre futur. Tenint cura de les infermeres, enfortim l&#8217;economia&#8221;<\/h2>\n\n\n\n<p>Per al 2025 el Consell Internacional d&#8217;Infermeria <strong>(CIE) <\/strong>ha decidit emmarcar les campanyes i accions amb el lema <a href=\"https:\/\/www.icn.ch\/es\/noticias\/el-cie-prioriza-el-bienestar-del-personal-de-enfermeria-en-el-dia-internacional-de-la\">&#8221; <\/a><a href=\"https:\/\/www.icn.ch\/es\/noticias\/el-cie-prioriza-el-bienestar-del-personal-de-enfermeria-en-el-dia-internacional-de-la\"><strong><em>Les nostres infermeres. El nostre futur. Tenint cura de les infermeres, enfortim l&#8217;economia <\/em><\/strong><\/a><a href=\"https:\/\/www.icn.ch\/es\/noticias\/el-cie-prioriza-el-bienestar-del-personal-de-enfermeria-en-el-dia-internacional-de-la\"><strong>&#8221; <\/strong><\/a><strong>, <\/strong>amb l&#8217;objectiu de ressaltar els reptes de la Infermeria actualment, principalment la salut mental i el benestar f\u00edsic d&#8217;aquests professionals, aix\u00ed com la.<\/p>\n\n\n\n<p>A m\u00e9s, el CIE tamb\u00e9 es planteja proposar <strong>estrat\u00e8gies enfocades a donar suport als professionals del sector.<\/strong><\/p>\n\n\n\n<p>Tot aix\u00f2 com una forma de valorar les seves aportacions significatives als sistemes de salut, per\u00f2 tamb\u00e9 per recon\u00e8ixer el paper crucial que exerceixen en l&#8217;economia.<\/p>\n\n\n\n<figure class=\"wp-block-image aligncenter size-large\"><img loading=\"lazy\" decoding=\"async\" width=\"1024\" height=\"683\" src=\"https:\/\/addinformatica.com\/wp-content\/uploads\/2025\/05\/la-enfermeria-es-una-profesion-en-constante-actualizacion-1024x683.jpg\" alt=\"la- infermeria -\u00e9s-una- professi\u00f3 -en-constant- actualitzaci\u00f3\" class=\"wp-image-42399\" srcset=\"https:\/\/addinformatica.com\/wp-content\/uploads\/2025\/05\/la-enfermeria-es-una-profesion-en-constante-actualizacion-1024x683.jpg 1024w, https:\/\/addinformatica.com\/wp-content\/uploads\/2025\/05\/la-enfermeria-es-una-profesion-en-constante-actualizacion-300x200.jpg 300w, https:\/\/addinformatica.com\/wp-content\/uploads\/2025\/05\/la-enfermeria-es-una-profesion-en-constante-actualizacion-768x512.jpg 768w, https:\/\/addinformatica.com\/wp-content\/uploads\/2025\/05\/la-enfermeria-es-una-profesion-en-constante-actualizacion.jpg 1200w\" sizes=\"auto, (max-width: 1024px) 100vw, 1024px\" \/><\/figure>\n\n\n\n<h2 class=\"wp-block-heading\">La Infermeria, una professi\u00f3 en constant actualitzaci\u00f3<\/h2>\n\n\n\n<p>Sense cap dubte, els infermers i les infermeres s\u00f3n professionals que al llarg de la seva carrera laboral han d&#8217;estar en constant actualitzaci\u00f3 de coneixements i de t\u00e8cniques, at\u00e8s que la salut <strong>\u00e9s un camp que es mant\u00e9 en evoluci\u00f3 gr\u00e0cies a l&#8217;aparici\u00f3 de nombroses novetats.<\/strong><\/p>\n\n\n\n<p>Aquestes novetats poden ser de tota mena, ja que com hem esmentat, es tracta de professionals integratius que estan involucrats en diversos processos que formen part de latenci\u00f3 sanit\u00e0ria de les persones. A <em>ADD inform\u00e0tica <\/em>ho comprenem, i m\u00e9s enll\u00e0 d&#8217;oferir la nostra eina tecnol\u00f2gica <a href=\"https:\/\/addinformatica.com\/ca\/\"><strong>ResiPlus\u00ae <\/strong><\/a>per facilitar el dia a dia als centres i prestadors d&#8217;atenci\u00f3 sanit\u00e0ria, tamb\u00e9 posem a disposici\u00f3 una s\u00e8rie de <a href=\"https:\/\/addinformatica.com\/ca\/formacio-resiplus\/\">cursos i activitats formatives <\/a>als quals el personal d&#8217;infermeria pot accedir presencialment o en l\u00ednia per guanyar coneixement sobre l&#8217;eina.<\/p>\n\n\n\n<p><strong>Les nostres propostes formatives abasten diferents \u00e0rees. <\/strong>Algunes relacionades amb el maneig de noves tecnologies de recol\u00b7lecci\u00f3 i an\u00e0lisi d&#8217;informaci\u00f3 en centres de cures, mentre que d&#8217;altres estan dirigides al millorament de la cultura de la bona cura. Tot plegat pensant en oferir oportunitats d&#8217;aprenentatge que optimitzin l&#8217;exercici dels professionals de la salut i els permetin aplicar amb m\u00e9s confian\u00e7a i preparaci\u00f3 a places de treball.<\/p>\n\n\n\n<p>Aquesta \u00e9s la nostra manera de contribuir a generar millors condicions per a l&#8217;exercici de la Infermeria i recon\u00e8ixer el grandi\u00f3s treball que fan dia a dia.<\/p>\n\n\n\n<h2 class=\"wp-block-heading\">Preparat per celebrar el Dia Mundial de la Infermeria?<\/h2>\n\n\n\n<p>El Dia Mundial de la Infermeria \u00e9s una celebraci\u00f3 a qu\u00e8 totes les persones haur\u00edem d&#8217;unir-nos. \u00c9s el moment idoni per expressar missatges d&#8217;agra\u00efment i reconeixement als que es dediquen a cuidar la nostra salut i benestar de manera incansable.<\/p>\n\n\n\n<p>Tamb\u00e9 ens podem unir a les iniciatives que busquen reivindicar la professi\u00f3. Explica&#8217;ns, de quina manera celebrar\u00e0s aquesta important data?<\/p>\n","protected":false},"excerpt":{"rendered":"<p>El 12 de maig de cada any se celebra el Dia Internacional de la Infermeria, \u00e9s una data que convida a recon\u00e8ixer la lloable tasca que exerceixen els infermers i les infermeres en la prestaci\u00f3 de serveis de cures m\u00e8diques i de salut. I no \u00e9s per menys, es tracta d&#8217;una professi\u00f3 que no sols [&#8230;]\n","protected":false},"author":1,"featured_media":42402,"comment_status":"closed","ping_status":"open","sticky":false,"template":"","format":"standard","meta":{"_acf_changed":false,"footnotes":""},"categories":[298],"tags":[],"video-cat":[],"class_list":["post-43316","post","type-post","status-publish","format-standard","has-post-thumbnail","hentry","category-noticies"],"acf":[],"yoast_head":"<!-- This site is optimized with the Yoast SEO plugin v27.2 - https:\/\/yoast.com\/product\/yoast-seo-wordpress\/ -->\n<title>Dia Internacional de la Infermeria 2025: prioritzant el benestar i la salut dels infermers i les infermeres - ResiPlus<\/title>\n<meta name=\"robots\" content=\"index, follow, max-snippet:-1, max-image-preview:large, max-video-preview:-1\" \/>\n<link rel=\"canonical\" href=\"https:\/\/addinformatica.com\/ca\/noticies\/dia-internacional-de-la-infermeria-2025-prioritzant-el-benestar-i-la-salut-dels-infermers-i-les-infermeres\/\" \/>\n<meta property=\"og:locale\" content=\"ca_ES\" \/>\n<meta property=\"og:type\" content=\"article\" \/>\n<meta property=\"og:title\" content=\"Dia Internacional de la Infermeria 2025: prioritzant el benestar i la salut dels infermers i les infermeres - ResiPlus\" \/>\n<meta property=\"og:description\" content=\"El 12 de maig de cada any se celebra el Dia Internacional de la Infermeria, \u00e9s una data que convida a recon\u00e8ixer la lloable tasca que exerceixen els infermers i les infermeres en la prestaci\u00f3 de serveis de cures m\u00e8diques i de salut. I no \u00e9s per menys, es tracta d&#8217;una professi\u00f3 que no sols [...]\" \/>\n<meta property=\"og:url\" content=\"https:\/\/addinformatica.com\/ca\/noticies\/dia-internacional-de-la-infermeria-2025-prioritzant-el-benestar-i-la-salut-dels-infermers-i-les-infermeres\/\" \/>\n<meta property=\"og:site_name\" content=\"ResiPlus\" \/>\n<meta property=\"article:published_time\" content=\"2025-05-09T07:00:14+00:00\" \/>\n<meta property=\"article:modified_time\" content=\"2025-06-05T06:24:41+00:00\" \/>\n<meta property=\"og:image\" content=\"https:\/\/addinformatica.com\/wp-content\/uploads\/2025\/05\/cuando-y-por-que-se-celebra-el-dia-mundial-de-la-enfermeria.jpeg\" \/>\n\t<meta property=\"og:image:width\" content=\"1200\" \/>\n\t<meta property=\"og:image:height\" content=\"800\" \/>\n\t<meta property=\"og:image:type\" content=\"image\/jpeg\" \/>\n<meta name=\"author\" content=\"ADD_es_admin\" \/>\n<meta name=\"twitter:card\" content=\"summary_large_image\" \/>\n<meta name=\"twitter:label1\" content=\"Escrit per\" \/>\n\t<meta name=\"twitter:data1\" content=\"ADD_es_admin\" \/>\n\t<meta name=\"twitter:label2\" content=\"Temps estimat de lectura\" \/>\n\t<meta name=\"twitter:data2\" content=\"6 minuts\" \/>\n<script type=\"application\/ld+json\" class=\"yoast-schema-graph\">{\"@context\":\"https:\/\/schema.org\",\"@graph\":[{\"@type\":\"Article\",\"@id\":\"https:\/\/addinformatica.com\/ca\/noticies\/dia-internacional-de-la-infermeria-2025-prioritzant-el-benestar-i-la-salut-dels-infermers-i-les-infermeres\/#article\",\"isPartOf\":{\"@id\":\"https:\/\/addinformatica.com\/ca\/noticies\/dia-internacional-de-la-infermeria-2025-prioritzant-el-benestar-i-la-salut-dels-infermers-i-les-infermeres\/\"},\"author\":{\"name\":\"ADD_es_admin\",\"@id\":\"https:\/\/addinformatica.com\/#\/schema\/person\/063f1036d6af39f34b17382e1b7fdd24\"},\"headline\":\"Dia Internacional de la Infermeria 2025: prioritzant el benestar i la salut dels infermers i les infermeres\",\"datePublished\":\"2025-05-09T07:00:14+00:00\",\"dateModified\":\"2025-06-05T06:24:41+00:00\",\"mainEntityOfPage\":{\"@id\":\"https:\/\/addinformatica.com\/ca\/noticies\/dia-internacional-de-la-infermeria-2025-prioritzant-el-benestar-i-la-salut-dels-infermers-i-les-infermeres\/\"},\"wordCount\":1034,\"image\":{\"@id\":\"https:\/\/addinformatica.com\/ca\/noticies\/dia-internacional-de-la-infermeria-2025-prioritzant-el-benestar-i-la-salut-dels-infermers-i-les-infermeres\/#primaryimage\"},\"thumbnailUrl\":\"https:\/\/addinformatica.com\/wp-content\/uploads\/2025\/05\/cuando-y-por-que-se-celebra-el-dia-mundial-de-la-enfermeria.jpeg\",\"articleSection\":[\"Noticies\"],\"inLanguage\":\"ca\"},{\"@type\":\"WebPage\",\"@id\":\"https:\/\/addinformatica.com\/ca\/noticies\/dia-internacional-de-la-infermeria-2025-prioritzant-el-benestar-i-la-salut-dels-infermers-i-les-infermeres\/\",\"url\":\"https:\/\/addinformatica.com\/ca\/noticies\/dia-internacional-de-la-infermeria-2025-prioritzant-el-benestar-i-la-salut-dels-infermers-i-les-infermeres\/\",\"name\":\"Dia Internacional de la Infermeria 2025: prioritzant el benestar i la salut dels infermers i les infermeres - ResiPlus\",\"isPartOf\":{\"@id\":\"https:\/\/addinformatica.com\/#website\"},\"primaryImageOfPage\":{\"@id\":\"https:\/\/addinformatica.com\/ca\/noticies\/dia-internacional-de-la-infermeria-2025-prioritzant-el-benestar-i-la-salut-dels-infermers-i-les-infermeres\/#primaryimage\"},\"image\":{\"@id\":\"https:\/\/addinformatica.com\/ca\/noticies\/dia-internacional-de-la-infermeria-2025-prioritzant-el-benestar-i-la-salut-dels-infermers-i-les-infermeres\/#primaryimage\"},\"thumbnailUrl\":\"https:\/\/addinformatica.com\/wp-content\/uploads\/2025\/05\/cuando-y-por-que-se-celebra-el-dia-mundial-de-la-enfermeria.jpeg\",\"datePublished\":\"2025-05-09T07:00:14+00:00\",\"dateModified\":\"2025-06-05T06:24:41+00:00\",\"author\":{\"@id\":\"https:\/\/addinformatica.com\/#\/schema\/person\/063f1036d6af39f34b17382e1b7fdd24\"},\"breadcrumb\":{\"@id\":\"https:\/\/addinformatica.com\/ca\/noticies\/dia-internacional-de-la-infermeria-2025-prioritzant-el-benestar-i-la-salut-dels-infermers-i-les-infermeres\/#breadcrumb\"},\"inLanguage\":\"ca\",\"potentialAction\":[{\"@type\":\"ReadAction\",\"target\":[\"https:\/\/addinformatica.com\/ca\/noticies\/dia-internacional-de-la-infermeria-2025-prioritzant-el-benestar-i-la-salut-dels-infermers-i-les-infermeres\/\"]}]},{\"@type\":\"ImageObject\",\"inLanguage\":\"ca\",\"@id\":\"https:\/\/addinformatica.com\/ca\/noticies\/dia-internacional-de-la-infermeria-2025-prioritzant-el-benestar-i-la-salut-dels-infermers-i-les-infermeres\/#primaryimage\",\"url\":\"https:\/\/addinformatica.com\/wp-content\/uploads\/2025\/05\/cuando-y-por-que-se-celebra-el-dia-mundial-de-la-enfermeria.jpeg\",\"contentUrl\":\"https:\/\/addinformatica.com\/wp-content\/uploads\/2025\/05\/cuando-y-por-que-se-celebra-el-dia-mundial-de-la-enfermeria.jpeg\",\"width\":1200,\"height\":800},{\"@type\":\"BreadcrumbList\",\"@id\":\"https:\/\/addinformatica.com\/ca\/noticies\/dia-internacional-de-la-infermeria-2025-prioritzant-el-benestar-i-la-salut-dels-infermers-i-les-infermeres\/#breadcrumb\",\"itemListElement\":[{\"@type\":\"ListItem\",\"position\":1,\"name\":\"Portada\",\"item\":\"https:\/\/addinformatica.com\/ca\/\"},{\"@type\":\"ListItem\",\"position\":2,\"name\":\"Dia Internacional de la Infermeria 2025: prioritzant el benestar i la salut dels infermers i les infermeres\"}]},{\"@type\":\"WebSite\",\"@id\":\"https:\/\/addinformatica.com\/#website\",\"url\":\"https:\/\/addinformatica.com\/\",\"name\":\"ResiPlus\",\"description\":\"Software de gesti\u00f3n de residencias, centros de d\u00eda y discapacitados | ResiPlus\",\"potentialAction\":[{\"@type\":\"SearchAction\",\"target\":{\"@type\":\"EntryPoint\",\"urlTemplate\":\"https:\/\/addinformatica.com\/?s={search_term_string}\"},\"query-input\":{\"@type\":\"PropertyValueSpecification\",\"valueRequired\":true,\"valueName\":\"search_term_string\"}}],\"inLanguage\":\"ca\"},{\"@type\":\"Person\",\"@id\":\"https:\/\/addinformatica.com\/#\/schema\/person\/063f1036d6af39f34b17382e1b7fdd24\",\"name\":\"ADD_es_admin\",\"image\":{\"@type\":\"ImageObject\",\"inLanguage\":\"ca\",\"@id\":\"https:\/\/secure.gravatar.com\/avatar\/f24b1ca4e9d4f6821988e85d4d11d5a5a70c73477e7bd56eb713e4abc2e4ab23?s=96&d=mm&r=g\",\"url\":\"https:\/\/secure.gravatar.com\/avatar\/f24b1ca4e9d4f6821988e85d4d11d5a5a70c73477e7bd56eb713e4abc2e4ab23?s=96&d=mm&r=g\",\"contentUrl\":\"https:\/\/secure.gravatar.com\/avatar\/f24b1ca4e9d4f6821988e85d4d11d5a5a70c73477e7bd56eb713e4abc2e4ab23?s=96&d=mm&r=g\",\"caption\":\"ADD_es_admin\"},\"sameAs\":[\"https:\/\/resiplus.dagocreativo.com\"],\"url\":\"https:\/\/addinformatica.com\/ca\/author\/add_es_admin\/\"}]}<\/script>\n<!-- \/ Yoast SEO plugin. -->","yoast_head_json":{"title":"Dia Internacional de la Infermeria 2025: prioritzant el benestar i la salut dels infermers i les infermeres - ResiPlus","robots":{"index":"index","follow":"follow","max-snippet":"max-snippet:-1","max-image-preview":"max-image-preview:large","max-video-preview":"max-video-preview:-1"},"canonical":"https:\/\/addinformatica.com\/ca\/noticies\/dia-internacional-de-la-infermeria-2025-prioritzant-el-benestar-i-la-salut-dels-infermers-i-les-infermeres\/","og_locale":"ca_ES","og_type":"article","og_title":"Dia Internacional de la Infermeria 2025: prioritzant el benestar i la salut dels infermers i les infermeres - ResiPlus","og_description":"El 12 de maig de cada any se celebra el Dia Internacional de la Infermeria, \u00e9s una data que convida a recon\u00e8ixer la lloable tasca que exerceixen els infermers i les infermeres en la prestaci\u00f3 de serveis de cures m\u00e8diques i de salut. I no \u00e9s per menys, es tracta d&#8217;una professi\u00f3 que no sols [...]","og_url":"https:\/\/addinformatica.com\/ca\/noticies\/dia-internacional-de-la-infermeria-2025-prioritzant-el-benestar-i-la-salut-dels-infermers-i-les-infermeres\/","og_site_name":"ResiPlus","article_published_time":"2025-05-09T07:00:14+00:00","article_modified_time":"2025-06-05T06:24:41+00:00","og_image":[{"width":1200,"height":800,"url":"https:\/\/addinformatica.com\/wp-content\/uploads\/2025\/05\/cuando-y-por-que-se-celebra-el-dia-mundial-de-la-enfermeria.jpeg","type":"image\/jpeg"}],"author":"ADD_es_admin","twitter_card":"summary_large_image","twitter_misc":{"Escrit per":"ADD_es_admin","Temps estimat de lectura":"6 minuts"},"schema":{"@context":"https:\/\/schema.org","@graph":[{"@type":"Article","@id":"https:\/\/addinformatica.com\/ca\/noticies\/dia-internacional-de-la-infermeria-2025-prioritzant-el-benestar-i-la-salut-dels-infermers-i-les-infermeres\/#article","isPartOf":{"@id":"https:\/\/addinformatica.com\/ca\/noticies\/dia-internacional-de-la-infermeria-2025-prioritzant-el-benestar-i-la-salut-dels-infermers-i-les-infermeres\/"},"author":{"name":"ADD_es_admin","@id":"https:\/\/addinformatica.com\/#\/schema\/person\/063f1036d6af39f34b17382e1b7fdd24"},"headline":"Dia Internacional de la Infermeria 2025: prioritzant el benestar i la salut dels infermers i les infermeres","datePublished":"2025-05-09T07:00:14+00:00","dateModified":"2025-06-05T06:24:41+00:00","mainEntityOfPage":{"@id":"https:\/\/addinformatica.com\/ca\/noticies\/dia-internacional-de-la-infermeria-2025-prioritzant-el-benestar-i-la-salut-dels-infermers-i-les-infermeres\/"},"wordCount":1034,"image":{"@id":"https:\/\/addinformatica.com\/ca\/noticies\/dia-internacional-de-la-infermeria-2025-prioritzant-el-benestar-i-la-salut-dels-infermers-i-les-infermeres\/#primaryimage"},"thumbnailUrl":"https:\/\/addinformatica.com\/wp-content\/uploads\/2025\/05\/cuando-y-por-que-se-celebra-el-dia-mundial-de-la-enfermeria.jpeg","articleSection":["Noticies"],"inLanguage":"ca"},{"@type":"WebPage","@id":"https:\/\/addinformatica.com\/ca\/noticies\/dia-internacional-de-la-infermeria-2025-prioritzant-el-benestar-i-la-salut-dels-infermers-i-les-infermeres\/","url":"https:\/\/addinformatica.com\/ca\/noticies\/dia-internacional-de-la-infermeria-2025-prioritzant-el-benestar-i-la-salut-dels-infermers-i-les-infermeres\/","name":"Dia Internacional de la Infermeria 2025: prioritzant el benestar i la salut dels infermers i les infermeres - ResiPlus","isPartOf":{"@id":"https:\/\/addinformatica.com\/#website"},"primaryImageOfPage":{"@id":"https:\/\/addinformatica.com\/ca\/noticies\/dia-internacional-de-la-infermeria-2025-prioritzant-el-benestar-i-la-salut-dels-infermers-i-les-infermeres\/#primaryimage"},"image":{"@id":"https:\/\/addinformatica.com\/ca\/noticies\/dia-internacional-de-la-infermeria-2025-prioritzant-el-benestar-i-la-salut-dels-infermers-i-les-infermeres\/#primaryimage"},"thumbnailUrl":"https:\/\/addinformatica.com\/wp-content\/uploads\/2025\/05\/cuando-y-por-que-se-celebra-el-dia-mundial-de-la-enfermeria.jpeg","datePublished":"2025-05-09T07:00:14+00:00","dateModified":"2025-06-05T06:24:41+00:00","author":{"@id":"https:\/\/addinformatica.com\/#\/schema\/person\/063f1036d6af39f34b17382e1b7fdd24"},"breadcrumb":{"@id":"https:\/\/addinformatica.com\/ca\/noticies\/dia-internacional-de-la-infermeria-2025-prioritzant-el-benestar-i-la-salut-dels-infermers-i-les-infermeres\/#breadcrumb"},"inLanguage":"ca","potentialAction":[{"@type":"ReadAction","target":["https:\/\/addinformatica.com\/ca\/noticies\/dia-internacional-de-la-infermeria-2025-prioritzant-el-benestar-i-la-salut-dels-infermers-i-les-infermeres\/"]}]},{"@type":"ImageObject","inLanguage":"ca","@id":"https:\/\/addinformatica.com\/ca\/noticies\/dia-internacional-de-la-infermeria-2025-prioritzant-el-benestar-i-la-salut-dels-infermers-i-les-infermeres\/#primaryimage","url":"https:\/\/addinformatica.com\/wp-content\/uploads\/2025\/05\/cuando-y-por-que-se-celebra-el-dia-mundial-de-la-enfermeria.jpeg","contentUrl":"https:\/\/addinformatica.com\/wp-content\/uploads\/2025\/05\/cuando-y-por-que-se-celebra-el-dia-mundial-de-la-enfermeria.jpeg","width":1200,"height":800},{"@type":"BreadcrumbList","@id":"https:\/\/addinformatica.com\/ca\/noticies\/dia-internacional-de-la-infermeria-2025-prioritzant-el-benestar-i-la-salut-dels-infermers-i-les-infermeres\/#breadcrumb","itemListElement":[{"@type":"ListItem","position":1,"name":"Portada","item":"https:\/\/addinformatica.com\/ca\/"},{"@type":"ListItem","position":2,"name":"Dia Internacional de la Infermeria 2025: prioritzant el benestar i la salut dels infermers i les infermeres"}]},{"@type":"WebSite","@id":"https:\/\/addinformatica.com\/#website","url":"https:\/\/addinformatica.com\/","name":"ResiPlus","description":"Software de gesti\u00f3n de residencias, centros de d\u00eda y discapacitados | ResiPlus","potentialAction":[{"@type":"SearchAction","target":{"@type":"EntryPoint","urlTemplate":"https:\/\/addinformatica.com\/?s={search_term_string}"},"query-input":{"@type":"PropertyValueSpecification","valueRequired":true,"valueName":"search_term_string"}}],"inLanguage":"ca"},{"@type":"Person","@id":"https:\/\/addinformatica.com\/#\/schema\/person\/063f1036d6af39f34b17382e1b7fdd24","name":"ADD_es_admin","image":{"@type":"ImageObject","inLanguage":"ca","@id":"https:\/\/secure.gravatar.com\/avatar\/f24b1ca4e9d4f6821988e85d4d11d5a5a70c73477e7bd56eb713e4abc2e4ab23?s=96&d=mm&r=g","url":"https:\/\/secure.gravatar.com\/avatar\/f24b1ca4e9d4f6821988e85d4d11d5a5a70c73477e7bd56eb713e4abc2e4ab23?s=96&d=mm&r=g","contentUrl":"https:\/\/secure.gravatar.com\/avatar\/f24b1ca4e9d4f6821988e85d4d11d5a5a70c73477e7bd56eb713e4abc2e4ab23?s=96&d=mm&r=g","caption":"ADD_es_admin"},"sameAs":["https:\/\/resiplus.dagocreativo.com"],"url":"https:\/\/addinformatica.com\/ca\/author\/add_es_admin\/"}]}},"_links":{"self":[{"href":"https:\/\/addinformatica.com\/ca\/wp-json\/wp\/v2\/posts\/43316","targetHints":{"allow":["GET"]}}],"collection":[{"href":"https:\/\/addinformatica.com\/ca\/wp-json\/wp\/v2\/posts"}],"about":[{"href":"https:\/\/addinformatica.com\/ca\/wp-json\/wp\/v2\/types\/post"}],"author":[{"embeddable":true,"href":"https:\/\/addinformatica.com\/ca\/wp-json\/wp\/v2\/users\/1"}],"replies":[{"embeddable":true,"href":"https:\/\/addinformatica.com\/ca\/wp-json\/wp\/v2\/comments?post=43316"}],"version-history":[{"count":0,"href":"https:\/\/addinformatica.com\/ca\/wp-json\/wp\/v2\/posts\/43316\/revisions"}],"wp:featuredmedia":[{"embeddable":true,"href":"https:\/\/addinformatica.com\/ca\/wp-json\/wp\/v2\/media\/42402"}],"wp:attachment":[{"href":"https:\/\/addinformatica.com\/ca\/wp-json\/wp\/v2\/media?parent=43316"}],"wp:term":[{"taxonomy":"category","embeddable":true,"href":"https:\/\/addinformatica.com\/ca\/wp-json\/wp\/v2\/categories?post=43316"},{"taxonomy":"post_tag","embeddable":true,"href":"https:\/\/addinformatica.com\/ca\/wp-json\/wp\/v2\/tags?post=43316"},{"taxonomy":"video-cat","embeddable":true,"href":"https:\/\/addinformatica.com\/ca\/wp-json\/wp\/v2\/video-cat?post=43316"}],"curies":[{"name":"wp","href":"https:\/\/api.w.org\/{rel}","templated":true}]}}