{"id":41521,"date":"2025-04-03T06:55:32","date_gmt":"2025-04-03T06:55:32","guid":{"rendered":"https:\/\/addinformatica.com\/sense-categoria\/el-infinito-del-arcoiris-cada-persona-autista-es-unica-y-diferente\/"},"modified":"2025-04-04T08:05:49","modified_gmt":"2025-04-04T08:05:49","slug":"linfinit-de-larc-de-sant-marti-cada-persona-autista-es-unica-i-diferent","status":"publish","type":"post","link":"https:\/\/addinformatica.com\/ca\/noticies\/linfinit-de-larc-de-sant-marti-cada-persona-autista-es-unica-i-diferent\/","title":{"rendered":"L&#8217;infinit de l&#8217;arc de Sant Mart\u00ed Cada persona autista \u00e9s \u00fanica i diferent!"},"content":{"rendered":"\n<figure class=\"wp-block-image aligncenter size-large\"><img loading=\"lazy\" decoding=\"async\" width=\"1024\" height=\"769\" src=\"https:\/\/addinformatica.com\/wp-content\/uploads\/2025\/04\/cuando-y-como-se-celebra-el-dia-mundial-del-autismo-1024x769.jpg\" alt=\"quan-i-com-es-celebra-el-dia-mundial-de l'autisme\" class=\"wp-image-41489\" srcset=\"https:\/\/addinformatica.com\/wp-content\/uploads\/2025\/04\/cuando-y-como-se-celebra-el-dia-mundial-del-autismo-1024x769.jpg 1024w, https:\/\/addinformatica.com\/wp-content\/uploads\/2025\/04\/cuando-y-como-se-celebra-el-dia-mundial-del-autismo-300x225.jpg 300w, https:\/\/addinformatica.com\/wp-content\/uploads\/2025\/04\/cuando-y-como-se-celebra-el-dia-mundial-del-autismo-768x577.jpg 768w, https:\/\/addinformatica.com\/wp-content\/uploads\/2025\/04\/cuando-y-como-se-celebra-el-dia-mundial-del-autismo.jpg 1200w\" sizes=\"auto, (max-width: 1024px) 100vw, 1024px\" \/><\/figure>\n\n\n\n<p>D&#8217;acord amb <a href=\"https:\/\/www.who.int\/es\/news-room\/fact-sheets\/detail\/autism-spectrum-disorders#:~:text=1.%20El%20autismo%20%E2%80%94denominado\">xifres i dades de l&#8217;Organitzaci\u00f3 Mundial de la Salut (OMS) <\/a>, <strong>1 de cada 100 nens al m\u00f3n t\u00e9 autisme. <\/strong>Tot i que aquest nombre pot variar entre les comunitats, sens dubte deixa en evid\u00e8ncia una elevada taxa d&#8217;incid\u00e8ncia, i l&#8217;exist\u00e8ncia d&#8217;una poblaci\u00f3 significativa que requereix atencions i pol\u00edtiques p\u00fabliques espec\u00edfiques, que en garanteixin la integraci\u00f3 social i en facilitin el desenvolupament i el desenvolupament en societat.<\/p>\n\n\n\n<p>Fam\u00edlia, comunitat, institucions privades, organismes p\u00fablics, organitzacions no governamentals (ONG), l\u00edders pol\u00edtics i d&#8217;opini\u00f3, professionals, entre d&#8217;altres, s&#8217;han sumat a la tasca de crear consci\u00e8ncia sobre l&#8217;autisme i generar canvis cap a una societat m\u00e9s inclusiva.<\/p>\n\n\n\n<p>En aquest sentit, <strong>cada 2 dabril se celebra el Dia Mundial de Conscienciaci\u00f3 sobre lAutisme; <\/strong>no obstant aix\u00f2, cada dia s\u00f3n propicis per unir-se a aquesta tasca i donar visibilitat a aquest tema important. Parlem sobre l&#8217;autisme!<\/p>\n\n\n\n<figure class=\"wp-block-image aligncenter size-large\"><img loading=\"lazy\" decoding=\"async\" width=\"1024\" height=\"683\" src=\"https:\/\/addinformatica.com\/wp-content\/uploads\/2025\/04\/que-es-el-autismo-1024x683.jpg\" alt=\"que-es-l'autisme\" class=\"wp-image-41493\" srcset=\"https:\/\/addinformatica.com\/wp-content\/uploads\/2025\/04\/que-es-el-autismo-1024x683.jpg 1024w, https:\/\/addinformatica.com\/wp-content\/uploads\/2025\/04\/que-es-el-autismo-300x200.jpg 300w, https:\/\/addinformatica.com\/wp-content\/uploads\/2025\/04\/que-es-el-autismo-768x512.jpg 768w, https:\/\/addinformatica.com\/wp-content\/uploads\/2025\/04\/que-es-el-autismo.jpg 1200w\" sizes=\"auto, (max-width: 1024px) 100vw, 1024px\" \/><\/figure>\n\n\n\n<h2 class=\"wp-block-heading\">Qu\u00e8 \u00e9s l\u2019autisme?<\/h2>\n\n\n\n<p>L&#8217; <strong>autisme o trastorns de l&#8217;espectre autista (TEA) <\/strong>fa refer\u00e8ncia a un conjunt d&#8217;afeccions, ocasionades per una alteraci\u00f3 al neurodesenvolupament, que incideix en la configuraci\u00f3 del sistema nervi\u00f3s i el funcionament cerebral.<\/p>\n\n\n\n<p>Aquestes afeccions usualment estan relacionades amb les \u00e0rees de <strong>comunicaci\u00f3 i interacci\u00f3 social, i amb la flexibilitat de pensament i aprenentatge. <\/strong>Els s\u00edmptomes poden variar a cada persona i, a m\u00e9s, manifestar-se amb diferents graus de severitat i canviar amb el pas del temps. \u00c9s per aix\u00f2 que <strong>cada persona autista \u00e9s \u00fanica i diferent, <\/strong>en conseq\u00fc\u00e8ncia, requereix atencions i tractaments espec\u00edfics que s&#8217;adaptin a les seves pr\u00f2pies necessitats, capacitats i interessos.<\/p>\n\n\n\n<p>L&#8217;autisme \u00e9s una condici\u00f3 que <strong>forma part de les persones durant tota la seva vida <\/strong>, encara que algunes poden viure de manera independent, d&#8217;altres presenten discapacitats significatives que les fan necessitar suport i atenci\u00f3 constants. De manera que l&#8217;autisme influeix en l&#8217;educaci\u00f3 i l&#8217;adaptaci\u00f3 laboral de cada persona, a m\u00e9s de demanar esfor\u00e7os significatius a fam\u00edlies i cercles de suport.<\/p>\n\n\n\n<p>En aquest sentit, la capacitat de les societats i les pol\u00edtiques p\u00fabliques per promoure la integraci\u00f3 de les persones autistes s\u00f3n fonamentals perqu\u00e8 incideixen directament en la qualitat de vida i en el desenvolupament \u00f2ptim a nivell personal, professional i laboral.<\/p>\n\n\n\n<h2 class=\"wp-block-heading\">L&#8217;infinit arcoiris visibilitzant la diversitat de l&#8217;espectre autista<\/h2>\n\n\n\n<p>Les organitzacions i institucions dedicades a la lluita pels drets de les persones amb trastorns de l&#8217;espectre autista han utilitzat diversos s\u00edmbols per promoure&#8217;n les idees i fer que les persones recordin i es familiaritzin amb el tema de manera senzilla i agradable. Per exemple, la llum o el color blau i la pe\u00e7a del trencaclosques estan associats significativament a aquesta lluita.<\/p>\n\n\n\n<p>No obstant aix\u00f2, <strong>l&#8217;infinit arc de Sant Mart\u00ed s&#8217;ha popularitzat i cada vegada \u00e9s m\u00e9s utilitzat <\/strong>pel fet que s&#8217;adapta als coneixements m\u00e9s actualitzats sobre l&#8217;autisme: l&#8217;autisme no \u00e9s lineal, existeix una diversitat innombrable de maneres en qu\u00e8 es pot manifestar i que acaben donant forma a un infinit espectre autista, en qu\u00e8 cada color representa la varietat de caracter\u00edstiques, de reptes, desafiaments.<\/p>\n\n\n\n<figure class=\"wp-block-image aligncenter size-large\"><img loading=\"lazy\" decoding=\"async\" width=\"1024\" height=\"655\" src=\"https:\/\/addinformatica.com\/wp-content\/uploads\/2025\/04\/el-infinito-del-arcoiris-cada-persona-autista-es-unica-y-diferente-1024x655.jpg\" alt=\"el-infinit-de l'arc de Sant Mart\u00ed-cada-persona-autista-unica-i-diferent\" class=\"wp-image-41491\" srcset=\"https:\/\/addinformatica.com\/wp-content\/uploads\/2025\/04\/el-infinito-del-arcoiris-cada-persona-autista-es-unica-y-diferente-1024x655.jpg 1024w, https:\/\/addinformatica.com\/wp-content\/uploads\/2025\/04\/el-infinito-del-arcoiris-cada-persona-autista-es-unica-y-diferente-300x192.jpg 300w, https:\/\/addinformatica.com\/wp-content\/uploads\/2025\/04\/el-infinito-del-arcoiris-cada-persona-autista-es-unica-y-diferente-768x492.jpg 768w, https:\/\/addinformatica.com\/wp-content\/uploads\/2025\/04\/el-infinito-del-arcoiris-cada-persona-autista-es-unica-y-diferente.jpg 1200w\" sizes=\"auto, (max-width: 1024px) 100vw, 1024px\" \/><\/figure>\n\n\n\n<h2 class=\"wp-block-heading\">Dia Mundial de l&#8217;Autisme<\/h2>\n\n\n\n<p><strong>El Dia Mundial de Conscienciaci\u00f3 sobre l&#8217;Autisme se celebra cada 2 d&#8217;abril <\/strong>des de l&#8217;any 2008, despr\u00e9s que aix\u00ed ho establ\u00eds l&#8217;Assemblea General de les Nacions Unides (ONU) el 18 de desembre de 2007. Des de llavors, se celebra a la majoria dels pa\u00efsos del m\u00f3n, guanyant notorietat i sumant cada cop m\u00e9s participacions.<\/p>\n\n\n\n<p><strong>Aquesta celebraci\u00f3 persegueix diversos objectius:<\/strong><\/p>\n\n\n\n<ul class=\"wp-block-list\">\n<li>Donar <strong>visibilitat i sensibilitzar <\/strong>tots els membres de la societat sobre les caracter\u00edstiques, la situaci\u00f3 i les necessitats de les persones amb autisme.<\/li>\n\n\n\n<li>Incentivar la <strong>generaci\u00f3 de pol\u00edtiques p\u00fabliques <\/strong>enfocades a la integraci\u00f3 social de les persones amb autisme, garantint-ne l&#8217;acc\u00e9s a l&#8217;educaci\u00f3, a les oportunitats laborals, a activitats recreatives, entre d&#8217;altres.<\/li>\n\n\n\n<li>Fomentar <strong>accions que incideixen positivament <\/strong>en la qualitat de vida.<\/li>\n\n\n\n<li><strong>Incentivar la investigaci\u00f3 <\/strong>al voltant del tema, aix\u00ed com promoure programes, ter\u00e0pies i tractaments que s&#8217;adaptin plenament a les vostres necessitats.<\/li>\n\n\n\n<li><strong>Desmentir mites <\/strong>sobre l&#8217;autisme, donant a con\u00e8ixer hist\u00f2ries de vida i aprofundint el trastorn.<\/li>\n<\/ul>\n\n\n\n<p>L&#8217;objectiu \u00e9s garantir una societat m\u00e9s inclusiva, comprensiva i amb el nombre m\u00e9s gran d&#8217;oportunitats perqu\u00e8 les persones amb trastorns de l&#8217;espectre autista puguin participar i desenvolupar-se plenament i sense inconvenients.<\/p>\n\n\n\n<h2 class=\"wp-block-heading\"><a><\/a>Lema 2025: &#8220;Fomentar la neurodiversitat i els Objectius de Desenvolupament Sostenible (ODS) de les Nacions Unides&#8221;<\/h2>\n\n\n\n<p>Cada any l&#8217;ONU estableix un lema que emmarca la celebraci\u00f3 i assenyala les accions que cal executar per millorar la qualitat de vida de les persones amb autisme. Per a aquest any 2025 ha determinat que sigui: <strong>\u201cFomentar la neurodiversitat i els Objectius de Desenvolupament Sostenible (ODS) de les Nacions Unides\u201d.<\/strong><\/p>\n\n\n\n<p>En funci\u00f3 d&#8217;aix\u00f2, ha preparat un <a href=\"https:\/\/www.un.org\/es\/observances\/autism-day\">esdeveniment amb la participaci\u00f3 d&#8217;experts de tot el m\u00f3n <\/a>per destacar la relaci\u00f3 o els punts en com\u00fa entre la lluita per respectar i valorar la neurodiversitat i els esfor\u00e7os mundials per a la sostenibilitat, donant especial rellev\u00e0ncia a les pol\u00edtiques i pr\u00e0ctiques inclusives. Es tracta d&#8217;una activitat en l\u00ednia a la qual es poden unir persones de tot el planeta.<\/p>\n\n\n\n<p>Ara b\u00e9, tamb\u00e9 \u00e9s usual que <strong>cada pa\u00eds tiri endavant agendes de treball i accions particulars per commemorar <\/strong>el Dia Mundial de la conscienciaci\u00f3 sobre l&#8217;autisme. Governs i organismes nacionals se sumen a aquesta celebraci\u00f3 amb mobilitzacions als carrers, encesa de llums blaves, activitats educatives, jornades de sensibilitzaci\u00f3, recol\u00b7lecci\u00f3 de fons, entre d&#8217;altres.<\/p>\n\n\n\n<h2 class=\"wp-block-heading\">Tothom pot assumir la tasca de conscienciar sobre l&#8217;autisme!<\/h2>\n\n\n\n<p>Heu pensat sumar-vos al moviment de conscienciar sobre l&#8217;autisme?<\/p>\n\n\n\n<p>Hi ha moltes maneres de fer-ho: pots unir-te a les activitats organitzades per les institucions especialitzades en el tema o emprendre accions per informar i sensibilitzar sobre el trastorn a la teva comunitat o a les teves xarxes socials. Tot compte!<\/p>\n\n\n\n<p>Explica&#8217;ns, t&#8217;unir\u00e0s a aquesta feina bonica?<\/p>\n\n\n\n<p>Patricia Marcos Garc\u00eda<\/p>\n","protected":false},"excerpt":{"rendered":"<p>D&#8217;acord amb xifres i dades de l&#8217;Organitzaci\u00f3 Mundial de la Salut (OMS) , 1 de cada 100 nens al m\u00f3n t\u00e9 autisme. Tot i que aquest nombre pot variar entre les comunitats, sens dubte deixa en evid\u00e8ncia una elevada taxa d&#8217;incid\u00e8ncia, i l&#8217;exist\u00e8ncia d&#8217;una poblaci\u00f3 significativa que requereix atencions i pol\u00edtiques p\u00fabliques espec\u00edfiques, que en [&#8230;]\n","protected":false},"author":1,"featured_media":41490,"comment_status":"closed","ping_status":"open","sticky":false,"template":"","format":"standard","meta":{"_acf_changed":false,"footnotes":""},"categories":[298],"tags":[],"video-cat":[],"class_list":["post-41521","post","type-post","status-publish","format-standard","has-post-thumbnail","hentry","category-noticies"],"acf":[],"yoast_head":"<!-- This site is optimized with the Yoast SEO plugin v27.4 - https:\/\/yoast.com\/product\/yoast-seo-wordpress\/ -->\n<title>L&#039;infinit de l&#039;arc de Sant Mart\u00ed Cada persona autista \u00e9s \u00fanica i diferent! - ResiPlus<\/title>\n<meta name=\"robots\" content=\"index, follow, max-snippet:-1, max-image-preview:large, max-video-preview:-1\" \/>\n<link rel=\"canonical\" href=\"https:\/\/addinformatica.com\/ca\/noticies\/linfinit-de-larc-de-sant-marti-cada-persona-autista-es-unica-i-diferent\/\" \/>\n<meta property=\"og:locale\" content=\"ca_ES\" \/>\n<meta property=\"og:type\" content=\"article\" \/>\n<meta property=\"og:title\" content=\"L&#039;infinit de l&#039;arc de Sant Mart\u00ed Cada persona autista \u00e9s \u00fanica i diferent! - ResiPlus\" \/>\n<meta property=\"og:description\" content=\"D&#8217;acord amb xifres i dades de l&#8217;Organitzaci\u00f3 Mundial de la Salut (OMS) , 1 de cada 100 nens al m\u00f3n t\u00e9 autisme. Tot i que aquest nombre pot variar entre les comunitats, sens dubte deixa en evid\u00e8ncia una elevada taxa d&#8217;incid\u00e8ncia, i l&#8217;exist\u00e8ncia d&#8217;una poblaci\u00f3 significativa que requereix atencions i pol\u00edtiques p\u00fabliques espec\u00edfiques, que en [...]\" \/>\n<meta property=\"og:url\" content=\"https:\/\/addinformatica.com\/ca\/noticies\/linfinit-de-larc-de-sant-marti-cada-persona-autista-es-unica-i-diferent\/\" \/>\n<meta property=\"og:site_name\" content=\"ResiPlus\" \/>\n<meta property=\"article:published_time\" content=\"2025-04-03T06:55:32+00:00\" \/>\n<meta property=\"article:modified_time\" content=\"2025-04-04T08:05:49+00:00\" \/>\n<meta property=\"og:image\" content=\"https:\/\/addinformatica.com\/wp-content\/uploads\/2025\/04\/cuando-y-como-se-celebra-el-dia-mundial-del-autismo.jpg\" \/>\n\t<meta property=\"og:image:width\" content=\"1200\" \/>\n\t<meta property=\"og:image:height\" content=\"901\" \/>\n\t<meta property=\"og:image:type\" content=\"image\/jpeg\" \/>\n<meta name=\"author\" content=\"ADD_es_admin\" \/>\n<meta name=\"twitter:card\" content=\"summary_large_image\" \/>\n<meta name=\"twitter:label1\" content=\"Escrit per\" \/>\n\t<meta name=\"twitter:data1\" content=\"ADD_es_admin\" \/>\n\t<meta name=\"twitter:label2\" content=\"Temps estimat de lectura\" \/>\n\t<meta name=\"twitter:data2\" content=\"6 minuts\" \/>\n<script type=\"application\/ld+json\" class=\"yoast-schema-graph\">{\"@context\":\"https:\\\/\\\/schema.org\",\"@graph\":[{\"@type\":\"Article\",\"@id\":\"https:\\\/\\\/addinformatica.com\\\/ca\\\/noticies\\\/linfinit-de-larc-de-sant-marti-cada-persona-autista-es-unica-i-diferent\\\/#article\",\"isPartOf\":{\"@id\":\"https:\\\/\\\/addinformatica.com\\\/ca\\\/noticies\\\/linfinit-de-larc-de-sant-marti-cada-persona-autista-es-unica-i-diferent\\\/\"},\"author\":{\"name\":\"ADD_es_admin\",\"@id\":\"https:\\\/\\\/addinformatica.com\\\/#\\\/schema\\\/person\\\/063f1036d6af39f34b17382e1b7fdd24\"},\"headline\":\"L&#8217;infinit de l&#8217;arc de Sant Mart\u00ed Cada persona autista \u00e9s \u00fanica i diferent!\",\"datePublished\":\"2025-04-03T06:55:32+00:00\",\"dateModified\":\"2025-04-04T08:05:49+00:00\",\"mainEntityOfPage\":{\"@id\":\"https:\\\/\\\/addinformatica.com\\\/ca\\\/noticies\\\/linfinit-de-larc-de-sant-marti-cada-persona-autista-es-unica-i-diferent\\\/\"},\"wordCount\":1041,\"image\":{\"@id\":\"https:\\\/\\\/addinformatica.com\\\/ca\\\/noticies\\\/linfinit-de-larc-de-sant-marti-cada-persona-autista-es-unica-i-diferent\\\/#primaryimage\"},\"thumbnailUrl\":\"https:\\\/\\\/addinformatica.com\\\/wp-content\\\/uploads\\\/2025\\\/04\\\/cuando-y-como-se-celebra-el-dia-mundial-del-autismo.jpg\",\"articleSection\":[\"Noticies\"],\"inLanguage\":\"ca\"},{\"@type\":\"WebPage\",\"@id\":\"https:\\\/\\\/addinformatica.com\\\/ca\\\/noticies\\\/linfinit-de-larc-de-sant-marti-cada-persona-autista-es-unica-i-diferent\\\/\",\"url\":\"https:\\\/\\\/addinformatica.com\\\/ca\\\/noticies\\\/linfinit-de-larc-de-sant-marti-cada-persona-autista-es-unica-i-diferent\\\/\",\"name\":\"L'infinit de l'arc de Sant Mart\u00ed Cada persona autista \u00e9s \u00fanica i diferent! - ResiPlus\",\"isPartOf\":{\"@id\":\"https:\\\/\\\/addinformatica.com\\\/#website\"},\"primaryImageOfPage\":{\"@id\":\"https:\\\/\\\/addinformatica.com\\\/ca\\\/noticies\\\/linfinit-de-larc-de-sant-marti-cada-persona-autista-es-unica-i-diferent\\\/#primaryimage\"},\"image\":{\"@id\":\"https:\\\/\\\/addinformatica.com\\\/ca\\\/noticies\\\/linfinit-de-larc-de-sant-marti-cada-persona-autista-es-unica-i-diferent\\\/#primaryimage\"},\"thumbnailUrl\":\"https:\\\/\\\/addinformatica.com\\\/wp-content\\\/uploads\\\/2025\\\/04\\\/cuando-y-como-se-celebra-el-dia-mundial-del-autismo.jpg\",\"datePublished\":\"2025-04-03T06:55:32+00:00\",\"dateModified\":\"2025-04-04T08:05:49+00:00\",\"author\":{\"@id\":\"https:\\\/\\\/addinformatica.com\\\/#\\\/schema\\\/person\\\/063f1036d6af39f34b17382e1b7fdd24\"},\"breadcrumb\":{\"@id\":\"https:\\\/\\\/addinformatica.com\\\/ca\\\/noticies\\\/linfinit-de-larc-de-sant-marti-cada-persona-autista-es-unica-i-diferent\\\/#breadcrumb\"},\"inLanguage\":\"ca\",\"potentialAction\":[{\"@type\":\"ReadAction\",\"target\":[\"https:\\\/\\\/addinformatica.com\\\/ca\\\/noticies\\\/linfinit-de-larc-de-sant-marti-cada-persona-autista-es-unica-i-diferent\\\/\"]}]},{\"@type\":\"ImageObject\",\"inLanguage\":\"ca\",\"@id\":\"https:\\\/\\\/addinformatica.com\\\/ca\\\/noticies\\\/linfinit-de-larc-de-sant-marti-cada-persona-autista-es-unica-i-diferent\\\/#primaryimage\",\"url\":\"https:\\\/\\\/addinformatica.com\\\/wp-content\\\/uploads\\\/2025\\\/04\\\/cuando-y-como-se-celebra-el-dia-mundial-del-autismo.jpg\",\"contentUrl\":\"https:\\\/\\\/addinformatica.com\\\/wp-content\\\/uploads\\\/2025\\\/04\\\/cuando-y-como-se-celebra-el-dia-mundial-del-autismo.jpg\",\"width\":1200,\"height\":901},{\"@type\":\"BreadcrumbList\",\"@id\":\"https:\\\/\\\/addinformatica.com\\\/ca\\\/noticies\\\/linfinit-de-larc-de-sant-marti-cada-persona-autista-es-unica-i-diferent\\\/#breadcrumb\",\"itemListElement\":[{\"@type\":\"ListItem\",\"position\":1,\"name\":\"Portada\",\"item\":\"https:\\\/\\\/addinformatica.com\\\/ca\\\/\"},{\"@type\":\"ListItem\",\"position\":2,\"name\":\"L&#8217;infinit de l&#8217;arc de Sant Mart\u00ed Cada persona autista \u00e9s \u00fanica i diferent!\"}]},{\"@type\":\"WebSite\",\"@id\":\"https:\\\/\\\/addinformatica.com\\\/#website\",\"url\":\"https:\\\/\\\/addinformatica.com\\\/\",\"name\":\"ResiPlus\",\"description\":\"Software de gesti\u00f3n de residencias, centros de d\u00eda y discapacitados | ResiPlus\",\"potentialAction\":[{\"@type\":\"SearchAction\",\"target\":{\"@type\":\"EntryPoint\",\"urlTemplate\":\"https:\\\/\\\/addinformatica.com\\\/?s={search_term_string}\"},\"query-input\":{\"@type\":\"PropertyValueSpecification\",\"valueRequired\":true,\"valueName\":\"search_term_string\"}}],\"inLanguage\":\"ca\"},{\"@type\":\"Person\",\"@id\":\"https:\\\/\\\/addinformatica.com\\\/#\\\/schema\\\/person\\\/063f1036d6af39f34b17382e1b7fdd24\",\"name\":\"ADD_es_admin\",\"image\":{\"@type\":\"ImageObject\",\"inLanguage\":\"ca\",\"@id\":\"https:\\\/\\\/secure.gravatar.com\\\/avatar\\\/f24b1ca4e9d4f6821988e85d4d11d5a5a70c73477e7bd56eb713e4abc2e4ab23?s=96&d=mm&r=g\",\"url\":\"https:\\\/\\\/secure.gravatar.com\\\/avatar\\\/f24b1ca4e9d4f6821988e85d4d11d5a5a70c73477e7bd56eb713e4abc2e4ab23?s=96&d=mm&r=g\",\"contentUrl\":\"https:\\\/\\\/secure.gravatar.com\\\/avatar\\\/f24b1ca4e9d4f6821988e85d4d11d5a5a70c73477e7bd56eb713e4abc2e4ab23?s=96&d=mm&r=g\",\"caption\":\"ADD_es_admin\"},\"sameAs\":[\"https:\\\/\\\/resiplus.dagocreativo.com\"],\"url\":\"https:\\\/\\\/addinformatica.com\\\/ca\\\/author\\\/add_es_admin\\\/\"}]}<\/script>\n<!-- \/ Yoast SEO plugin. -->","yoast_head_json":{"title":"L'infinit de l'arc de Sant Mart\u00ed Cada persona autista \u00e9s \u00fanica i diferent! - ResiPlus","robots":{"index":"index","follow":"follow","max-snippet":"max-snippet:-1","max-image-preview":"max-image-preview:large","max-video-preview":"max-video-preview:-1"},"canonical":"https:\/\/addinformatica.com\/ca\/noticies\/linfinit-de-larc-de-sant-marti-cada-persona-autista-es-unica-i-diferent\/","og_locale":"ca_ES","og_type":"article","og_title":"L'infinit de l'arc de Sant Mart\u00ed Cada persona autista \u00e9s \u00fanica i diferent! - ResiPlus","og_description":"D&#8217;acord amb xifres i dades de l&#8217;Organitzaci\u00f3 Mundial de la Salut (OMS) , 1 de cada 100 nens al m\u00f3n t\u00e9 autisme. Tot i que aquest nombre pot variar entre les comunitats, sens dubte deixa en evid\u00e8ncia una elevada taxa d&#8217;incid\u00e8ncia, i l&#8217;exist\u00e8ncia d&#8217;una poblaci\u00f3 significativa que requereix atencions i pol\u00edtiques p\u00fabliques espec\u00edfiques, que en [...]","og_url":"https:\/\/addinformatica.com\/ca\/noticies\/linfinit-de-larc-de-sant-marti-cada-persona-autista-es-unica-i-diferent\/","og_site_name":"ResiPlus","article_published_time":"2025-04-03T06:55:32+00:00","article_modified_time":"2025-04-04T08:05:49+00:00","og_image":[{"width":1200,"height":901,"url":"https:\/\/addinformatica.com\/wp-content\/uploads\/2025\/04\/cuando-y-como-se-celebra-el-dia-mundial-del-autismo.jpg","type":"image\/jpeg"}],"author":"ADD_es_admin","twitter_card":"summary_large_image","twitter_misc":{"Escrit per":"ADD_es_admin","Temps estimat de lectura":"6 minuts"},"schema":{"@context":"https:\/\/schema.org","@graph":[{"@type":"Article","@id":"https:\/\/addinformatica.com\/ca\/noticies\/linfinit-de-larc-de-sant-marti-cada-persona-autista-es-unica-i-diferent\/#article","isPartOf":{"@id":"https:\/\/addinformatica.com\/ca\/noticies\/linfinit-de-larc-de-sant-marti-cada-persona-autista-es-unica-i-diferent\/"},"author":{"name":"ADD_es_admin","@id":"https:\/\/addinformatica.com\/#\/schema\/person\/063f1036d6af39f34b17382e1b7fdd24"},"headline":"L&#8217;infinit de l&#8217;arc de Sant Mart\u00ed Cada persona autista \u00e9s \u00fanica i diferent!","datePublished":"2025-04-03T06:55:32+00:00","dateModified":"2025-04-04T08:05:49+00:00","mainEntityOfPage":{"@id":"https:\/\/addinformatica.com\/ca\/noticies\/linfinit-de-larc-de-sant-marti-cada-persona-autista-es-unica-i-diferent\/"},"wordCount":1041,"image":{"@id":"https:\/\/addinformatica.com\/ca\/noticies\/linfinit-de-larc-de-sant-marti-cada-persona-autista-es-unica-i-diferent\/#primaryimage"},"thumbnailUrl":"https:\/\/addinformatica.com\/wp-content\/uploads\/2025\/04\/cuando-y-como-se-celebra-el-dia-mundial-del-autismo.jpg","articleSection":["Noticies"],"inLanguage":"ca"},{"@type":"WebPage","@id":"https:\/\/addinformatica.com\/ca\/noticies\/linfinit-de-larc-de-sant-marti-cada-persona-autista-es-unica-i-diferent\/","url":"https:\/\/addinformatica.com\/ca\/noticies\/linfinit-de-larc-de-sant-marti-cada-persona-autista-es-unica-i-diferent\/","name":"L'infinit de l'arc de Sant Mart\u00ed Cada persona autista \u00e9s \u00fanica i diferent! - ResiPlus","isPartOf":{"@id":"https:\/\/addinformatica.com\/#website"},"primaryImageOfPage":{"@id":"https:\/\/addinformatica.com\/ca\/noticies\/linfinit-de-larc-de-sant-marti-cada-persona-autista-es-unica-i-diferent\/#primaryimage"},"image":{"@id":"https:\/\/addinformatica.com\/ca\/noticies\/linfinit-de-larc-de-sant-marti-cada-persona-autista-es-unica-i-diferent\/#primaryimage"},"thumbnailUrl":"https:\/\/addinformatica.com\/wp-content\/uploads\/2025\/04\/cuando-y-como-se-celebra-el-dia-mundial-del-autismo.jpg","datePublished":"2025-04-03T06:55:32+00:00","dateModified":"2025-04-04T08:05:49+00:00","author":{"@id":"https:\/\/addinformatica.com\/#\/schema\/person\/063f1036d6af39f34b17382e1b7fdd24"},"breadcrumb":{"@id":"https:\/\/addinformatica.com\/ca\/noticies\/linfinit-de-larc-de-sant-marti-cada-persona-autista-es-unica-i-diferent\/#breadcrumb"},"inLanguage":"ca","potentialAction":[{"@type":"ReadAction","target":["https:\/\/addinformatica.com\/ca\/noticies\/linfinit-de-larc-de-sant-marti-cada-persona-autista-es-unica-i-diferent\/"]}]},{"@type":"ImageObject","inLanguage":"ca","@id":"https:\/\/addinformatica.com\/ca\/noticies\/linfinit-de-larc-de-sant-marti-cada-persona-autista-es-unica-i-diferent\/#primaryimage","url":"https:\/\/addinformatica.com\/wp-content\/uploads\/2025\/04\/cuando-y-como-se-celebra-el-dia-mundial-del-autismo.jpg","contentUrl":"https:\/\/addinformatica.com\/wp-content\/uploads\/2025\/04\/cuando-y-como-se-celebra-el-dia-mundial-del-autismo.jpg","width":1200,"height":901},{"@type":"BreadcrumbList","@id":"https:\/\/addinformatica.com\/ca\/noticies\/linfinit-de-larc-de-sant-marti-cada-persona-autista-es-unica-i-diferent\/#breadcrumb","itemListElement":[{"@type":"ListItem","position":1,"name":"Portada","item":"https:\/\/addinformatica.com\/ca\/"},{"@type":"ListItem","position":2,"name":"L&#8217;infinit de l&#8217;arc de Sant Mart\u00ed Cada persona autista \u00e9s \u00fanica i diferent!"}]},{"@type":"WebSite","@id":"https:\/\/addinformatica.com\/#website","url":"https:\/\/addinformatica.com\/","name":"ResiPlus","description":"Software de gesti\u00f3n de residencias, centros de d\u00eda y discapacitados | ResiPlus","potentialAction":[{"@type":"SearchAction","target":{"@type":"EntryPoint","urlTemplate":"https:\/\/addinformatica.com\/?s={search_term_string}"},"query-input":{"@type":"PropertyValueSpecification","valueRequired":true,"valueName":"search_term_string"}}],"inLanguage":"ca"},{"@type":"Person","@id":"https:\/\/addinformatica.com\/#\/schema\/person\/063f1036d6af39f34b17382e1b7fdd24","name":"ADD_es_admin","image":{"@type":"ImageObject","inLanguage":"ca","@id":"https:\/\/secure.gravatar.com\/avatar\/f24b1ca4e9d4f6821988e85d4d11d5a5a70c73477e7bd56eb713e4abc2e4ab23?s=96&d=mm&r=g","url":"https:\/\/secure.gravatar.com\/avatar\/f24b1ca4e9d4f6821988e85d4d11d5a5a70c73477e7bd56eb713e4abc2e4ab23?s=96&d=mm&r=g","contentUrl":"https:\/\/secure.gravatar.com\/avatar\/f24b1ca4e9d4f6821988e85d4d11d5a5a70c73477e7bd56eb713e4abc2e4ab23?s=96&d=mm&r=g","caption":"ADD_es_admin"},"sameAs":["https:\/\/resiplus.dagocreativo.com"],"url":"https:\/\/addinformatica.com\/ca\/author\/add_es_admin\/"}]}},"_links":{"self":[{"href":"https:\/\/addinformatica.com\/ca\/wp-json\/wp\/v2\/posts\/41521","targetHints":{"allow":["GET"]}}],"collection":[{"href":"https:\/\/addinformatica.com\/ca\/wp-json\/wp\/v2\/posts"}],"about":[{"href":"https:\/\/addinformatica.com\/ca\/wp-json\/wp\/v2\/types\/post"}],"author":[{"embeddable":true,"href":"https:\/\/addinformatica.com\/ca\/wp-json\/wp\/v2\/users\/1"}],"replies":[{"embeddable":true,"href":"https:\/\/addinformatica.com\/ca\/wp-json\/wp\/v2\/comments?post=41521"}],"version-history":[{"count":0,"href":"https:\/\/addinformatica.com\/ca\/wp-json\/wp\/v2\/posts\/41521\/revisions"}],"wp:featuredmedia":[{"embeddable":true,"href":"https:\/\/addinformatica.com\/ca\/wp-json\/wp\/v2\/media\/41490"}],"wp:attachment":[{"href":"https:\/\/addinformatica.com\/ca\/wp-json\/wp\/v2\/media?parent=41521"}],"wp:term":[{"taxonomy":"category","embeddable":true,"href":"https:\/\/addinformatica.com\/ca\/wp-json\/wp\/v2\/categories?post=41521"},{"taxonomy":"post_tag","embeddable":true,"href":"https:\/\/addinformatica.com\/ca\/wp-json\/wp\/v2\/tags?post=41521"},{"taxonomy":"video-cat","embeddable":true,"href":"https:\/\/addinformatica.com\/ca\/wp-json\/wp\/v2\/video-cat?post=41521"}],"curies":[{"name":"wp","href":"https:\/\/api.w.org\/{rel}","templated":true}]}}