{"id":39153,"date":"2025-02-25T08:00:00","date_gmt":"2025-02-25T08:00:00","guid":{"rendered":"https:\/\/addinformatica.com\/?p=39153"},"modified":"2025-01-31T11:22:09","modified_gmt":"2025-01-31T11:22:09","slug":"la-importancia-de-la-musicoterapia-per-a-gent-gran-persones-amb-discapacitat-infants-i-adolescents","status":"publish","type":"post","link":"https:\/\/addinformatica.com\/ca\/noticies\/la-importancia-de-la-musicoterapia-per-a-gent-gran-persones-amb-discapacitat-infants-i-adolescents\/","title":{"rendered":"La import\u00e0ncia de la Musicoter\u00e0pia per a gent gran, persones amb discapacitat, infants i adolescents"},"content":{"rendered":"\n<figure class=\"wp-block-image size-large\"><img loading=\"lazy\" decoding=\"async\" width=\"1024\" height=\"683\" src=\"https:\/\/addinformatica.com\/wp-content\/uploads\/2025\/01\/musicoterpia3-1024x683.jpg\" alt=\"\" class=\"wp-image-38150\" srcset=\"https:\/\/addinformatica.com\/wp-content\/uploads\/2025\/01\/musicoterpia3-1024x683.jpg 1024w, https:\/\/addinformatica.com\/wp-content\/uploads\/2025\/01\/musicoterpia3-300x200.jpg 300w, https:\/\/addinformatica.com\/wp-content\/uploads\/2025\/01\/musicoterpia3-768x512.jpg 768w, https:\/\/addinformatica.com\/wp-content\/uploads\/2025\/01\/musicoterpia3.jpg 1200w\" sizes=\"auto, (max-width: 1024px) 100vw, 1024px\" \/><\/figure>\n\n\n\n<p>La <strong>musicoter\u00e0pia <\/strong>\u00e9s una disciplina que utilitza la m\u00fasica i els seus elements (ritme, melodia, harmonia, entre d&#8217;altres) amb finalitats terap\u00e8utiques per millorar la salut i el benestar de les persones. La seva efic\u00e0cia s&#8217;est\u00e9n a diversos grups de poblaci\u00f3, incloent-hi persones grans, persones amb discapacitat i nens\/es, adaptant les t\u00e8cniques a les necessitats espec\u00edfiques de cada individu o grup.<\/p>\n\n\n\n<p>A continuaci\u00f3, analitzem com aquest art terap\u00e8utic beneficia cadascun d&#8217;aquests sectors i en reflexionem sobre l&#8217;impacte.<\/p>\n\n\n\n<h2 class=\"wp-block-heading\"><strong><strong>Musicoter\u00e0pia per a gent gran<\/strong><\/strong><\/h2>\n\n\n\n<p>En el cas de la gent gran, la musicoter\u00e0pia s&#8217;ha convertit en una eina fonamental per abordar els efectes de l&#8217;envelliment i les malalties relacionades com la dem\u00e8ncia o l&#8217;Alzheimer.<\/p>\n\n\n\n<p><strong>Beneficis principals:<\/strong><\/p>\n\n\n\n<ol class=\"wp-block-list\">\n<li><strong>Estimula la mem\u00f2ria i les funcions cognitives: <\/strong>La m\u00fasica associada a records espec\u00edfics activa connexions neuronals, ajudant les persones grans a recuperar mem\u00f2ries significatives.<\/li>\n\n\n\n<li><strong>Millora l\u00b4estat d\u00b4\u00e0nim: <\/strong>L\u00b4escolta activa de m\u00fasica pot reduir l\u00b4ansietat i la depressi\u00f3, condicions comunes en aquesta etapa de la vida.<\/li>\n\n\n\n<li><strong>Afavoreix la socialitzaci\u00f3: <\/strong>Participar en sessions grupals de musicoter\u00e0pia enforteix els lla\u00e7os socials i en disminueix l&#8217;a\u00efllament.<\/li>\n\n\n\n<li><strong>Alleugereix el dolor f\u00edsic: <\/strong>Les melodies relaxants indueixen la producci\u00f3 d&#8217;endorfines, disminuint la percepci\u00f3 del dolor.<\/li>\n<\/ol>\n\n\n\n<p><strong>Exemple pr\u00e0ctic: <\/strong>En resid\u00e8ncies de gent gran, les sessions de musicoter\u00e0pia s&#8217;enfoquen a cantar can\u00e7ons populars de la joventut dels participants, generant una resposta emocional positiva i una sensaci\u00f3 de pertinen\u00e7a..<\/p>\n\n\n\n<figure class=\"wp-block-image size-large\"><img loading=\"lazy\" decoding=\"async\" width=\"1024\" height=\"683\" src=\"https:\/\/addinformatica.com\/wp-content\/uploads\/2025\/01\/musicoterpia2-1024x683.jpg\" alt=\"\" class=\"wp-image-38148\" srcset=\"https:\/\/addinformatica.com\/wp-content\/uploads\/2025\/01\/musicoterpia2-1024x683.jpg 1024w, https:\/\/addinformatica.com\/wp-content\/uploads\/2025\/01\/musicoterpia2-300x200.jpg 300w, https:\/\/addinformatica.com\/wp-content\/uploads\/2025\/01\/musicoterpia2-768x512.jpg 768w, https:\/\/addinformatica.com\/wp-content\/uploads\/2025\/01\/musicoterpia2.jpg 1200w\" sizes=\"auto, (max-width: 1024px) 100vw, 1024px\" \/><\/figure>\n\n\n\n<h2 class=\"wp-block-heading\"><strong><strong>Musicoter\u00e0pia per a persones amb discapacitat<\/strong><\/strong><\/h2>\n\n\n\n<p>A les persones amb discapacitat, la musicoter\u00e0pia no nom\u00e9s millora la qualitat de vida, sin\u00f3 que tamb\u00e9 fomenta habilitats espec\u00edfiques que contribueixen al seu desenvolupament personal i social.<\/p>\n\n\n\n<p><strong>Beneficis principals:<\/strong><\/p>\n\n\n\n<ol class=\"wp-block-list\">\n<li><strong>Desenvolupament d&#8217;habilitats motores: <\/strong>Tocar instruments musicals estimula la coordinaci\u00f3 motora fina i grossa.<\/li>\n\n\n\n<li><strong>Fomenta la comunicaci\u00f3: <\/strong>Per a persones amb discapacitats de la parla, la m\u00fasica proporciona un mitj\u00e0 alternatiu per expressar-se.<\/li>\n\n\n\n<li><strong>Enforteix l&#8217;autoestima: <\/strong>Aconseguir aven\u00e7os en la creaci\u00f3 musical o la interpretaci\u00f3 genera un sentiment d&#8217;\u00e8xit i de confian\u00e7a en un mateix.<\/li>\n\n\n\n<li><strong>Regulaci\u00f3 emocional: <\/strong>La m\u00fasica ajuda les persones a gestionar emocions complexes, promovent la calma o l&#8217;energitzaci\u00f3 segons calgui.<\/li>\n<\/ol>\n\n\n\n<p><strong>Exemple pr\u00e0ctic: <\/strong>Per als infants i els adolescents amb trastorn de l&#8217;espectre autista, sessions d&#8217;improvisaci\u00f3 musical han demostrat millorar la interacci\u00f3 social i reduir comportaments repetitius.n demostrado mejorar la interacci\u00f3n social y reducir comportamientos repetitivos.<\/p>\n\n\n\n<figure class=\"wp-block-image size-large\"><img loading=\"lazy\" decoding=\"async\" width=\"1024\" height=\"684\" src=\"https:\/\/addinformatica.com\/wp-content\/uploads\/2025\/01\/musicoterpia1-1024x684.jpg\" alt=\"\" class=\"wp-image-38146\" srcset=\"https:\/\/addinformatica.com\/wp-content\/uploads\/2025\/01\/musicoterpia1-1024x684.jpg 1024w, https:\/\/addinformatica.com\/wp-content\/uploads\/2025\/01\/musicoterpia1-300x200.jpg 300w, https:\/\/addinformatica.com\/wp-content\/uploads\/2025\/01\/musicoterpia1-768x513.jpg 768w, https:\/\/addinformatica.com\/wp-content\/uploads\/2025\/01\/musicoterpia1.jpg 1200w\" sizes=\"auto, (max-width: 1024px) 100vw, 1024px\" \/><\/figure>\n\n\n\n<h2 class=\"wp-block-heading\"><strong><strong>Musicoter\u00e0pia per a infants i adolescents<\/strong><\/strong><\/h2>\n\n\n\n<p>A la inf\u00e0ncia, la musicoter\u00e0pia exerceix un paper clau en el desenvolupament integral dels infants i adolescents, especialment en aquells que enfronten dificultats d&#8217;aprenentatge, emocionals o conductuals.<\/p>\n\n\n\n<p><strong>Beneficis principals:<\/strong><\/p>\n\n\n\n<ol class=\"wp-block-list\">\n<li><strong>Estimula el desenvolupament cognitiu: <\/strong>La m\u00fasica millora habilitats com latenci\u00f3, la mem\u00f2ria i el raonament l\u00f2gic.<\/li>\n\n\n\n<li><strong>Promou la creativitat: <\/strong>Les activitats musicals fomenten la imaginaci\u00f3 i la capacitat de resoldre problemes de manera innovadora.<\/li>\n\n\n\n<li><strong>Enforteix les habilitats socials: <\/strong>Participar en activitats grupals ensenya els infants i adolescents a treballar en equip, respectar torns i expressar empatia.<\/li>\n\n\n\n<li><strong>Regula el comportament: <\/strong>La m\u00fasica pot ser una eina per canalitzar energies o calmar estats d\u2019hiperactivitat.<\/li>\n<\/ol>\n\n\n\n<p><strong>Exemple pr\u00e0ctic: <\/strong>En programes escolars, les activitats de cant en grup ajuden infants i adolescents amb problemes de llenguatge a millorar la seva pronunciaci\u00f3 i flu\u00efdesa verbal de manera l\u00fadica.<\/p>\n\n\n\n<h2 class=\"wp-block-heading\"><strong><strong>Algunes Reflexions sobre la Musicoter\u00e0pia<\/strong><\/strong><\/h2>\n\n\n\n<p>La musicoter\u00e0pia \u00e9s molt m\u00e9s que una eina terap\u00e8utica; \u00e9s un pont que connecta les persones amb el m\u00f3n interior i amb els altres. Per a la gent gran, \u00e9s una finestra cap als seus records i una manera de mantenir la seva vitalitat emocional. En el cas de les persones amb discapacitat, actua com un mitj\u00e0 per explorar noves possibilitats i desenvolupar habilitats que transcendeixen les barreres. I per als infants i els adolescents, representa una oportunitat per aprendre, crear i cr\u00e9ixer en un entorn ple d&#8217;harmonia.<\/p>\n\n\n\n<p>Invertir en programes de musicoter\u00e0pia i promoure&#8217;n l&#8217;acc\u00e9s en diferents contextos podria transformar la manera com abordem els desafiaments de la salut mental i el desenvolupament hum\u00e0. La m\u00fasica, en la seva ess\u00e8ncia m\u00e9s pura, ens recorda la import\u00e0ncia de connectar, sentir i guarir a trav\u00e9s de les melodies.<\/p>\n\n\n\n<p>Equip ResiPlus\u00ae<\/p>\n","protected":false},"excerpt":{"rendered":"<p>La musicoter\u00e0pia \u00e9s una disciplina que utilitza la m\u00fasica i els seus elements (ritme, melodia, harmonia, entre d&#8217;altres) amb finalitats terap\u00e8utiques per millorar la salut i el benestar de les persones. La seva efic\u00e0cia s&#8217;est\u00e9n a diversos grups de poblaci\u00f3, incloent-hi persones grans, persones amb discapacitat i nens\/es, adaptant les t\u00e8cniques a les necessitats espec\u00edfiques [&#8230;]\n","protected":false},"author":1,"featured_media":38151,"comment_status":"closed","ping_status":"open","sticky":false,"template":"","format":"standard","meta":{"_acf_changed":false,"footnotes":""},"categories":[298],"tags":[],"video-cat":[],"class_list":["post-39153","post","type-post","status-publish","format-standard","has-post-thumbnail","hentry","category-noticies"],"acf":[],"yoast_head":"<!-- This site is optimized with the Yoast SEO plugin v27.4 - https:\/\/yoast.com\/product\/yoast-seo-wordpress\/ -->\n<title>La import\u00e0ncia de la Musicoter\u00e0pia per a gent gran, persones amb discapacitat, infants i adolescents - ResiPlus<\/title>\n<meta name=\"robots\" content=\"index, follow, max-snippet:-1, max-image-preview:large, max-video-preview:-1\" \/>\n<link rel=\"canonical\" href=\"https:\/\/addinformatica.com\/noticias\/la-importancia-de-la-musicoterapia-para-mayores-personas-con-discapacidad-infantes-y-adolescentes\/\" \/>\n<meta property=\"og:locale\" content=\"ca_ES\" \/>\n<meta property=\"og:type\" content=\"article\" \/>\n<meta property=\"og:title\" content=\"La import\u00e0ncia de la Musicoter\u00e0pia per a gent gran, persones amb discapacitat, infants i adolescents - ResiPlus\" \/>\n<meta property=\"og:description\" content=\"La musicoter\u00e0pia \u00e9s una disciplina que utilitza la m\u00fasica i els seus elements (ritme, melodia, harmonia, entre d&#8217;altres) amb finalitats terap\u00e8utiques per millorar la salut i el benestar de les persones. La seva efic\u00e0cia s&#8217;est\u00e9n a diversos grups de poblaci\u00f3, incloent-hi persones grans, persones amb discapacitat i nens\/es, adaptant les t\u00e8cniques a les necessitats espec\u00edfiques [...]\" \/>\n<meta property=\"og:url\" content=\"https:\/\/addinformatica.com\/noticias\/la-importancia-de-la-musicoterapia-para-mayores-personas-con-discapacidad-infantes-y-adolescentes\/\" \/>\n<meta property=\"og:site_name\" content=\"ResiPlus\" \/>\n<meta property=\"article:published_time\" content=\"2025-02-25T08:00:00+00:00\" \/>\n<meta property=\"og:image\" content=\"https:\/\/addinformatica.com\/wp-content\/uploads\/2025\/01\/musicoterpia3.jpg\" \/>\n\t<meta property=\"og:image:width\" content=\"1200\" \/>\n\t<meta property=\"og:image:height\" content=\"800\" \/>\n\t<meta property=\"og:image:type\" content=\"image\/jpeg\" \/>\n<meta name=\"author\" content=\"ADD_es_admin\" \/>\n<meta name=\"twitter:card\" content=\"summary_large_image\" \/>\n<meta name=\"twitter:label1\" content=\"Escrit per\" \/>\n\t<meta name=\"twitter:data1\" content=\"ADD_es_admin\" \/>\n\t<meta name=\"twitter:label2\" content=\"Temps estimat de lectura\" \/>\n\t<meta name=\"twitter:data2\" content=\"4 minuts\" \/>\n<script type=\"application\/ld+json\" class=\"yoast-schema-graph\">{\"@context\":\"https:\\\/\\\/schema.org\",\"@graph\":[{\"@type\":\"Article\",\"@id\":\"https:\\\/\\\/addinformatica.com\\\/noticias\\\/la-importancia-de-la-musicoterapia-para-mayores-personas-con-discapacidad-infantes-y-adolescentes\\\/#article\",\"isPartOf\":{\"@id\":\"https:\\\/\\\/addinformatica.com\\\/noticias\\\/la-importancia-de-la-musicoterapia-para-mayores-personas-con-discapacidad-infantes-y-adolescentes\\\/\"},\"author\":{\"name\":\"ADD_es_admin\",\"@id\":\"https:\\\/\\\/addinformatica.com\\\/#\\\/schema\\\/person\\\/063f1036d6af39f34b17382e1b7fdd24\"},\"headline\":\"La import\u00e0ncia de la Musicoter\u00e0pia per a gent gran, persones amb discapacitat, infants i adolescents\",\"datePublished\":\"2025-02-25T08:00:00+00:00\",\"mainEntityOfPage\":{\"@id\":\"https:\\\/\\\/addinformatica.com\\\/noticias\\\/la-importancia-de-la-musicoterapia-para-mayores-personas-con-discapacidad-infantes-y-adolescentes\\\/\"},\"wordCount\":747,\"image\":{\"@id\":\"https:\\\/\\\/addinformatica.com\\\/noticias\\\/la-importancia-de-la-musicoterapia-para-mayores-personas-con-discapacidad-infantes-y-adolescentes\\\/#primaryimage\"},\"thumbnailUrl\":\"https:\\\/\\\/addinformatica.com\\\/wp-content\\\/uploads\\\/2025\\\/01\\\/musicoterpia3.jpg\",\"articleSection\":[\"Noticies\"],\"inLanguage\":\"ca\"},{\"@type\":\"WebPage\",\"@id\":\"https:\\\/\\\/addinformatica.com\\\/noticias\\\/la-importancia-de-la-musicoterapia-para-mayores-personas-con-discapacidad-infantes-y-adolescentes\\\/\",\"url\":\"https:\\\/\\\/addinformatica.com\\\/noticias\\\/la-importancia-de-la-musicoterapia-para-mayores-personas-con-discapacidad-infantes-y-adolescentes\\\/\",\"name\":\"La import\u00e0ncia de la Musicoter\u00e0pia per a gent gran, persones amb discapacitat, infants i adolescents - ResiPlus\",\"isPartOf\":{\"@id\":\"https:\\\/\\\/addinformatica.com\\\/#website\"},\"primaryImageOfPage\":{\"@id\":\"https:\\\/\\\/addinformatica.com\\\/noticias\\\/la-importancia-de-la-musicoterapia-para-mayores-personas-con-discapacidad-infantes-y-adolescentes\\\/#primaryimage\"},\"image\":{\"@id\":\"https:\\\/\\\/addinformatica.com\\\/noticias\\\/la-importancia-de-la-musicoterapia-para-mayores-personas-con-discapacidad-infantes-y-adolescentes\\\/#primaryimage\"},\"thumbnailUrl\":\"https:\\\/\\\/addinformatica.com\\\/wp-content\\\/uploads\\\/2025\\\/01\\\/musicoterpia3.jpg\",\"datePublished\":\"2025-02-25T08:00:00+00:00\",\"author\":{\"@id\":\"https:\\\/\\\/addinformatica.com\\\/#\\\/schema\\\/person\\\/063f1036d6af39f34b17382e1b7fdd24\"},\"breadcrumb\":{\"@id\":\"https:\\\/\\\/addinformatica.com\\\/noticias\\\/la-importancia-de-la-musicoterapia-para-mayores-personas-con-discapacidad-infantes-y-adolescentes\\\/#breadcrumb\"},\"inLanguage\":\"ca\",\"potentialAction\":[{\"@type\":\"ReadAction\",\"target\":[\"https:\\\/\\\/addinformatica.com\\\/noticias\\\/la-importancia-de-la-musicoterapia-para-mayores-personas-con-discapacidad-infantes-y-adolescentes\\\/\"]}]},{\"@type\":\"ImageObject\",\"inLanguage\":\"ca\",\"@id\":\"https:\\\/\\\/addinformatica.com\\\/noticias\\\/la-importancia-de-la-musicoterapia-para-mayores-personas-con-discapacidad-infantes-y-adolescentes\\\/#primaryimage\",\"url\":\"https:\\\/\\\/addinformatica.com\\\/wp-content\\\/uploads\\\/2025\\\/01\\\/musicoterpia3.jpg\",\"contentUrl\":\"https:\\\/\\\/addinformatica.com\\\/wp-content\\\/uploads\\\/2025\\\/01\\\/musicoterpia3.jpg\",\"width\":1200,\"height\":800},{\"@type\":\"BreadcrumbList\",\"@id\":\"https:\\\/\\\/addinformatica.com\\\/noticias\\\/la-importancia-de-la-musicoterapia-para-mayores-personas-con-discapacidad-infantes-y-adolescentes\\\/#breadcrumb\",\"itemListElement\":[{\"@type\":\"ListItem\",\"position\":1,\"name\":\"Portada\",\"item\":\"https:\\\/\\\/addinformatica.com\\\/ca\\\/\"},{\"@type\":\"ListItem\",\"position\":2,\"name\":\"La import\u00e0ncia de la Musicoter\u00e0pia per a gent gran, persones amb discapacitat, infants i adolescents\"}]},{\"@type\":\"WebSite\",\"@id\":\"https:\\\/\\\/addinformatica.com\\\/#website\",\"url\":\"https:\\\/\\\/addinformatica.com\\\/\",\"name\":\"ResiPlus\",\"description\":\"Software de gesti\u00f3n de residencias, centros de d\u00eda y discapacitados | ResiPlus\",\"potentialAction\":[{\"@type\":\"SearchAction\",\"target\":{\"@type\":\"EntryPoint\",\"urlTemplate\":\"https:\\\/\\\/addinformatica.com\\\/?s={search_term_string}\"},\"query-input\":{\"@type\":\"PropertyValueSpecification\",\"valueRequired\":true,\"valueName\":\"search_term_string\"}}],\"inLanguage\":\"ca\"},{\"@type\":\"Person\",\"@id\":\"https:\\\/\\\/addinformatica.com\\\/#\\\/schema\\\/person\\\/063f1036d6af39f34b17382e1b7fdd24\",\"name\":\"ADD_es_admin\",\"image\":{\"@type\":\"ImageObject\",\"inLanguage\":\"ca\",\"@id\":\"https:\\\/\\\/secure.gravatar.com\\\/avatar\\\/f24b1ca4e9d4f6821988e85d4d11d5a5a70c73477e7bd56eb713e4abc2e4ab23?s=96&d=mm&r=g\",\"url\":\"https:\\\/\\\/secure.gravatar.com\\\/avatar\\\/f24b1ca4e9d4f6821988e85d4d11d5a5a70c73477e7bd56eb713e4abc2e4ab23?s=96&d=mm&r=g\",\"contentUrl\":\"https:\\\/\\\/secure.gravatar.com\\\/avatar\\\/f24b1ca4e9d4f6821988e85d4d11d5a5a70c73477e7bd56eb713e4abc2e4ab23?s=96&d=mm&r=g\",\"caption\":\"ADD_es_admin\"},\"sameAs\":[\"https:\\\/\\\/resiplus.dagocreativo.com\"],\"url\":\"https:\\\/\\\/addinformatica.com\\\/ca\\\/author\\\/add_es_admin\\\/\"}]}<\/script>\n<!-- \/ Yoast SEO plugin. -->","yoast_head_json":{"title":"La import\u00e0ncia de la Musicoter\u00e0pia per a gent gran, persones amb discapacitat, infants i adolescents - ResiPlus","robots":{"index":"index","follow":"follow","max-snippet":"max-snippet:-1","max-image-preview":"max-image-preview:large","max-video-preview":"max-video-preview:-1"},"canonical":"https:\/\/addinformatica.com\/noticias\/la-importancia-de-la-musicoterapia-para-mayores-personas-con-discapacidad-infantes-y-adolescentes\/","og_locale":"ca_ES","og_type":"article","og_title":"La import\u00e0ncia de la Musicoter\u00e0pia per a gent gran, persones amb discapacitat, infants i adolescents - ResiPlus","og_description":"La musicoter\u00e0pia \u00e9s una disciplina que utilitza la m\u00fasica i els seus elements (ritme, melodia, harmonia, entre d&#8217;altres) amb finalitats terap\u00e8utiques per millorar la salut i el benestar de les persones. La seva efic\u00e0cia s&#8217;est\u00e9n a diversos grups de poblaci\u00f3, incloent-hi persones grans, persones amb discapacitat i nens\/es, adaptant les t\u00e8cniques a les necessitats espec\u00edfiques [...]","og_url":"https:\/\/addinformatica.com\/noticias\/la-importancia-de-la-musicoterapia-para-mayores-personas-con-discapacidad-infantes-y-adolescentes\/","og_site_name":"ResiPlus","article_published_time":"2025-02-25T08:00:00+00:00","og_image":[{"width":1200,"height":800,"url":"https:\/\/addinformatica.com\/wp-content\/uploads\/2025\/01\/musicoterpia3.jpg","type":"image\/jpeg"}],"author":"ADD_es_admin","twitter_card":"summary_large_image","twitter_misc":{"Escrit per":"ADD_es_admin","Temps estimat de lectura":"4 minuts"},"schema":{"@context":"https:\/\/schema.org","@graph":[{"@type":"Article","@id":"https:\/\/addinformatica.com\/noticias\/la-importancia-de-la-musicoterapia-para-mayores-personas-con-discapacidad-infantes-y-adolescentes\/#article","isPartOf":{"@id":"https:\/\/addinformatica.com\/noticias\/la-importancia-de-la-musicoterapia-para-mayores-personas-con-discapacidad-infantes-y-adolescentes\/"},"author":{"name":"ADD_es_admin","@id":"https:\/\/addinformatica.com\/#\/schema\/person\/063f1036d6af39f34b17382e1b7fdd24"},"headline":"La import\u00e0ncia de la Musicoter\u00e0pia per a gent gran, persones amb discapacitat, infants i adolescents","datePublished":"2025-02-25T08:00:00+00:00","mainEntityOfPage":{"@id":"https:\/\/addinformatica.com\/noticias\/la-importancia-de-la-musicoterapia-para-mayores-personas-con-discapacidad-infantes-y-adolescentes\/"},"wordCount":747,"image":{"@id":"https:\/\/addinformatica.com\/noticias\/la-importancia-de-la-musicoterapia-para-mayores-personas-con-discapacidad-infantes-y-adolescentes\/#primaryimage"},"thumbnailUrl":"https:\/\/addinformatica.com\/wp-content\/uploads\/2025\/01\/musicoterpia3.jpg","articleSection":["Noticies"],"inLanguage":"ca"},{"@type":"WebPage","@id":"https:\/\/addinformatica.com\/noticias\/la-importancia-de-la-musicoterapia-para-mayores-personas-con-discapacidad-infantes-y-adolescentes\/","url":"https:\/\/addinformatica.com\/noticias\/la-importancia-de-la-musicoterapia-para-mayores-personas-con-discapacidad-infantes-y-adolescentes\/","name":"La import\u00e0ncia de la Musicoter\u00e0pia per a gent gran, persones amb discapacitat, infants i adolescents - ResiPlus","isPartOf":{"@id":"https:\/\/addinformatica.com\/#website"},"primaryImageOfPage":{"@id":"https:\/\/addinformatica.com\/noticias\/la-importancia-de-la-musicoterapia-para-mayores-personas-con-discapacidad-infantes-y-adolescentes\/#primaryimage"},"image":{"@id":"https:\/\/addinformatica.com\/noticias\/la-importancia-de-la-musicoterapia-para-mayores-personas-con-discapacidad-infantes-y-adolescentes\/#primaryimage"},"thumbnailUrl":"https:\/\/addinformatica.com\/wp-content\/uploads\/2025\/01\/musicoterpia3.jpg","datePublished":"2025-02-25T08:00:00+00:00","author":{"@id":"https:\/\/addinformatica.com\/#\/schema\/person\/063f1036d6af39f34b17382e1b7fdd24"},"breadcrumb":{"@id":"https:\/\/addinformatica.com\/noticias\/la-importancia-de-la-musicoterapia-para-mayores-personas-con-discapacidad-infantes-y-adolescentes\/#breadcrumb"},"inLanguage":"ca","potentialAction":[{"@type":"ReadAction","target":["https:\/\/addinformatica.com\/noticias\/la-importancia-de-la-musicoterapia-para-mayores-personas-con-discapacidad-infantes-y-adolescentes\/"]}]},{"@type":"ImageObject","inLanguage":"ca","@id":"https:\/\/addinformatica.com\/noticias\/la-importancia-de-la-musicoterapia-para-mayores-personas-con-discapacidad-infantes-y-adolescentes\/#primaryimage","url":"https:\/\/addinformatica.com\/wp-content\/uploads\/2025\/01\/musicoterpia3.jpg","contentUrl":"https:\/\/addinformatica.com\/wp-content\/uploads\/2025\/01\/musicoterpia3.jpg","width":1200,"height":800},{"@type":"BreadcrumbList","@id":"https:\/\/addinformatica.com\/noticias\/la-importancia-de-la-musicoterapia-para-mayores-personas-con-discapacidad-infantes-y-adolescentes\/#breadcrumb","itemListElement":[{"@type":"ListItem","position":1,"name":"Portada","item":"https:\/\/addinformatica.com\/ca\/"},{"@type":"ListItem","position":2,"name":"La import\u00e0ncia de la Musicoter\u00e0pia per a gent gran, persones amb discapacitat, infants i adolescents"}]},{"@type":"WebSite","@id":"https:\/\/addinformatica.com\/#website","url":"https:\/\/addinformatica.com\/","name":"ResiPlus","description":"Software de gesti\u00f3n de residencias, centros de d\u00eda y discapacitados | ResiPlus","potentialAction":[{"@type":"SearchAction","target":{"@type":"EntryPoint","urlTemplate":"https:\/\/addinformatica.com\/?s={search_term_string}"},"query-input":{"@type":"PropertyValueSpecification","valueRequired":true,"valueName":"search_term_string"}}],"inLanguage":"ca"},{"@type":"Person","@id":"https:\/\/addinformatica.com\/#\/schema\/person\/063f1036d6af39f34b17382e1b7fdd24","name":"ADD_es_admin","image":{"@type":"ImageObject","inLanguage":"ca","@id":"https:\/\/secure.gravatar.com\/avatar\/f24b1ca4e9d4f6821988e85d4d11d5a5a70c73477e7bd56eb713e4abc2e4ab23?s=96&d=mm&r=g","url":"https:\/\/secure.gravatar.com\/avatar\/f24b1ca4e9d4f6821988e85d4d11d5a5a70c73477e7bd56eb713e4abc2e4ab23?s=96&d=mm&r=g","contentUrl":"https:\/\/secure.gravatar.com\/avatar\/f24b1ca4e9d4f6821988e85d4d11d5a5a70c73477e7bd56eb713e4abc2e4ab23?s=96&d=mm&r=g","caption":"ADD_es_admin"},"sameAs":["https:\/\/resiplus.dagocreativo.com"],"url":"https:\/\/addinformatica.com\/ca\/author\/add_es_admin\/"}]}},"_links":{"self":[{"href":"https:\/\/addinformatica.com\/ca\/wp-json\/wp\/v2\/posts\/39153","targetHints":{"allow":["GET"]}}],"collection":[{"href":"https:\/\/addinformatica.com\/ca\/wp-json\/wp\/v2\/posts"}],"about":[{"href":"https:\/\/addinformatica.com\/ca\/wp-json\/wp\/v2\/types\/post"}],"author":[{"embeddable":true,"href":"https:\/\/addinformatica.com\/ca\/wp-json\/wp\/v2\/users\/1"}],"replies":[{"embeddable":true,"href":"https:\/\/addinformatica.com\/ca\/wp-json\/wp\/v2\/comments?post=39153"}],"version-history":[{"count":0,"href":"https:\/\/addinformatica.com\/ca\/wp-json\/wp\/v2\/posts\/39153\/revisions"}],"wp:featuredmedia":[{"embeddable":true,"href":"https:\/\/addinformatica.com\/ca\/wp-json\/wp\/v2\/media\/38151"}],"wp:attachment":[{"href":"https:\/\/addinformatica.com\/ca\/wp-json\/wp\/v2\/media?parent=39153"}],"wp:term":[{"taxonomy":"category","embeddable":true,"href":"https:\/\/addinformatica.com\/ca\/wp-json\/wp\/v2\/categories?post=39153"},{"taxonomy":"post_tag","embeddable":true,"href":"https:\/\/addinformatica.com\/ca\/wp-json\/wp\/v2\/tags?post=39153"},{"taxonomy":"video-cat","embeddable":true,"href":"https:\/\/addinformatica.com\/ca\/wp-json\/wp\/v2\/video-cat?post=39153"}],"curies":[{"name":"wp","href":"https:\/\/api.w.org\/{rel}","templated":true}]}}