{"id":36400,"date":"2024-11-18T08:00:00","date_gmt":"2024-11-18T08:00:00","guid":{"rendered":"https:\/\/addinformatica.com\/sense-categoria\/cuando-se-celebra-el-dia-mundial-de-la-infancia-y-por-que-es-importante\/"},"modified":"2024-11-20T09:08:42","modified_gmt":"2024-11-20T09:08:42","slug":"quan-se-celebra-el-dia-mundial-de-la-infancia-i-per-que-es-important","status":"publish","type":"post","link":"https:\/\/addinformatica.com\/ca\/noticies\/quan-se-celebra-el-dia-mundial-de-la-infancia-i-per-que-es-important\/","title":{"rendered":"Quan se celebra el Dia Mundial de la Inf\u00e0ncia i per qu\u00e8 \u00e9s important"},"content":{"rendered":"\n<figure class=\"wp-block-image aligncenter size-full\"><img loading=\"lazy\" decoding=\"async\" width=\"680\" height=\"453\" src=\"https:\/\/addinformatica.com\/wp-content\/uploads\/2024\/10\/cuando-se-celebra-el-dia-mundial-de-la-infancia-y-por-que-es-importante.jpg\" alt=\"quan-es-celebra-el-dia-mundial-de-la-inf\u00e0ncia-i-per-que-\u00e9s-important\" class=\"wp-image-35531\" srcset=\"https:\/\/addinformatica.com\/wp-content\/uploads\/2024\/10\/cuando-se-celebra-el-dia-mundial-de-la-infancia-y-por-que-es-importante.jpg 680w, https:\/\/addinformatica.com\/wp-content\/uploads\/2024\/10\/cuando-se-celebra-el-dia-mundial-de-la-infancia-y-por-que-es-importante-300x200.jpg 300w\" sizes=\"auto, (max-width: 680px) 100vw, 680px\" \/><\/figure>\n\n\n\n<p>L&#8217;Organitzaci\u00f3 de les Nacions Unides (ONU) celebra el <strong>Dia Mundial de l&#8217;Infant o el Dia Mundial de la Inf\u00e0ncia cada 20 de novembre.<\/strong><\/p>\n\n\n\n<p>\u00c9s una data que serveix per <strong>commemorar les fites m\u00e9s significatives pel que fa a la lluita per una vida digna i plena per als nens i adolescents <\/strong>, per\u00f2 tamb\u00e9 serveix com un recordatori de tota la feina que hi ha al davant per consolidar un m\u00f3n m\u00e9s just, amable i lliure d&#8217;explotaci\u00f3 i d&#8217;abusos, perqu\u00e8 els m\u00e9s petits es desenvolupin i es desenvolupin dignament per formar els adults del dem\u00e0.<\/p>\n\n\n\n<p>Governs, l\u00edders de tot el m\u00f3n i organitzacions no governamentals (ONG) s&#8217;uneixen a aquesta celebraci\u00f3 i desenvolupen diverses activitats culturals, educatives i socials amb l&#8217;objectiu d&#8217; <strong>aconseguir canvis a favor de la inf\u00e0ncia <\/strong>, per\u00f2 sobretot dels infants m\u00e9s vulnerables.<\/p>\n\n\n\n<figure class=\"wp-block-image aligncenter size-full\"><img loading=\"lazy\" decoding=\"async\" width=\"680\" height=\"453\" src=\"https:\/\/addinformatica.com\/wp-content\/uploads\/2024\/10\/que-se-conmemora-el-dia-mundial-de-la-infancia.jpg\" alt=\"que-es-commemora-el-dia-mundial-de-la-inf\u00e0ncia\" class=\"wp-image-35533\" srcset=\"https:\/\/addinformatica.com\/wp-content\/uploads\/2024\/10\/que-se-conmemora-el-dia-mundial-de-la-infancia.jpg 680w, https:\/\/addinformatica.com\/wp-content\/uploads\/2024\/10\/que-se-conmemora-el-dia-mundial-de-la-infancia-300x200.jpg 300w\" sizes=\"auto, (max-width: 680px) 100vw, 680px\" \/><\/figure>\n\n\n\n<h2 class=\"wp-block-heading\">Qu\u00e8 es commemora el Dia Mundial de la Inf\u00e0ncia?<\/h2>\n\n\n\n<p>El Dia Mundial de la Inf\u00e0ncia commemora l&#8217; <strong>aprovaci\u00f3 de la Declaraci\u00f3 dels Drets de l&#8217;Infant el 1959 <\/strong>i la celebraci\u00f3 de la <strong>Convenci\u00f3 sobre els Drets de l&#8217;Infant l&#8217;any 1989, <\/strong>tots dos esdeveniments ocorreguts precisament un 20 de novembre i que han marcat un abans i un despr\u00e9s en la lluita per un m\u00f3n millor per a la <strong>inf\u00e0ncia i adolesc\u00e8ncia <\/strong>.<\/p>\n\n\n\n<h3 class=\"wp-block-heading\">Declaraci\u00f3 dels Drets de l&#8217;Infant el 1959<\/h3>\n\n\n\n<p>La Declaraci\u00f3 dels Drets dels Infants va ser <a href=\"https:\/\/www.humanium.org\/es\/declaracion-1959\/\"><strong>aprovada i ratificada de forma un\u00e0nime pels 78 Estats que formaven part de l&#8217;ONU el 1959 <\/strong><\/a><strong>. <\/strong>Aquest document reconeix i estableix deu principis en qu\u00e8 contempla el dret de tot nen a l&#8217;educaci\u00f3, a l&#8217;atenci\u00f3 sanit\u00e0ria, a la recreaci\u00f3 i el joc, a la identitat, a la protecci\u00f3 i cura especial, a l&#8217;amor, a la comprensi\u00f3, a un entorn amable i just, entre d&#8217;altres.<\/p>\n\n\n\n<p><a href=\"https:\/\/www.humanium.org\/es\/ginebra-1924\/\">Declaraci\u00f3 <\/a>dels Drets de l&#8217;Infant va representar el primer <strong>gran consens a nivell internacional <\/strong>sobre les condicions ideals per a la inf\u00e0ncia i l&#8217;adolesc\u00e8ncia. el que per primera vegada a la hist\u00f2ria va quedar per fet la necessitat de drets pensats especialment per als nens.<\/p>\n\n\n\n<h3 class=\"wp-block-heading\">Convenci\u00f3 sobre els drets de l&#8217;Infant el 1989<\/h3>\n\n\n\n<p>La Convenci\u00f3 sobre els Drets dels Infants va ser adoptada per l&#8217;ONU i oberta a la signatura i ratificaci\u00f3 el 20 de novembre de 1989, per a la seva posterior entrada en vigor el setembre de 1990.<\/p>\n\n\n\n<p>Es tracta d&#8217;un text conformat per 54 articles en qu\u00e8 queden expressats els <strong>drets civils, pol\u00edtics, socials, culturals i econ\u00f2mics dels nens com a subjectes que requereixen protecci\u00f3 especial, <\/strong>per no haver aconseguit encara el seu desenvolupament f\u00edsic i mental ple.<\/p>\n\n\n\n<p>A m\u00e9s, una dada molt significativa d&#8217;aquest tractat internacional \u00e9s que <strong>\u00e9s de car\u00e0cter vinculant i la majoria dels pa\u00efsos del m\u00f3n ho han ratificat. <\/strong>\u00c9s a dir, que el seu compliment \u00e9s legalment obligatori per als pa\u00efsos signants, els quals estan compromesos a crear les condicions legals i institucionals id\u00f2nies per garantir que els infants gaudeixin dels seus drets.<\/p>\n\n\n\n<h2 class=\"wp-block-heading\">Per qu\u00e8 \u00e9s important la commemoraci\u00f3 del Dia Mundial de la Inf\u00e0ncia?<\/h2>\n\n\n\n<p>La celebraci\u00f3 del Dia Mundial de la Inf\u00e0ncia ha servit fonamentalment per fer comprendre a la societat que els nens, nenes i adolescents s\u00f3n \u00e9ssers humans que han de ser protegits de manera especial perqu\u00e8 s\u00f3n un col\u00b7lectiu vulnerable i, a m\u00e9s, que la <strong>lluita per crear un entorn ideal per al seu creixement f\u00edsic i el desenvolupament mental <\/strong>\u00e9s fonamental si volem un present i un futur millor.<\/p>\n\n\n\n<p>Encara que actualment aquestes idees semblen redundants perqu\u00e8 se suposa que haurien de ser una condici\u00f3 natural i inherent a la societat, la veritat \u00e9s que <strong>el concepte d&#8217;inf\u00e0ncia \u00e9s relativament nou <\/strong>, es parla que \u00e9s un concepte modern. En etapes hist\u00f2riques anteriors, els nens havien de treballar i respondre davant la societat de la mateixa manera que ho feien els adults.<\/p>\n\n\n\n<p>Ara b\u00e9, malgrat tots els esfor\u00e7os, situacions dr\u00e0stiques com l&#8217;explotaci\u00f3 infantil, els abusos familiars, el maltractament dom\u00e8stic, la deserci\u00f3 escolar, <a href=\"https:\/\/addinformatica.com\/noticias\/que-significa-pobreza-infantil\/\">la pobresa infantil <\/a>, entre molts d&#8217;altres, encara no han estat erradicades i continuen entorpint l&#8217;assoliment d&#8217;una societat m\u00e9s justa per als nens. En aquest sentit, la commemoraci\u00f3 del Dia Mundial del Nen \u00e9s <strong>un incentiu per aprofundir en els esfor\u00e7os, ressaltar els \u00e8xits aconseguits i conscienciar sobretot el cam\u00ed que encara queda per rec\u00f3rrer.<\/strong><\/p>\n\n\n\n<figure class=\"wp-block-image aligncenter size-full\"><img loading=\"lazy\" decoding=\"async\" width=\"680\" height=\"453\" src=\"https:\/\/addinformatica.com\/wp-content\/uploads\/2024\/10\/cuando-se-celebra-el-dia-de-la-infancia-en-espan\u0303a.jpg\" alt=\"quan-es-celebra-el-dia-del-nen-en-espanya\" class=\"wp-image-35529\" srcset=\"https:\/\/addinformatica.com\/wp-content\/uploads\/2024\/10\/cuando-se-celebra-el-dia-de-la-infancia-en-espan\u0303a.jpg 680w, https:\/\/addinformatica.com\/wp-content\/uploads\/2024\/10\/cuando-se-celebra-el-dia-de-la-infancia-en-espan\u0303a-300x200.jpg 300w\" sizes=\"auto, (max-width: 680px) 100vw, 680px\" \/><\/figure>\n\n\n\n<h1 class=\"wp-block-heading\">Quan se celebra el Dia del Nen a Espanya?<\/h1>\n\n\n\n<p>Espanya s\u00b4uneix a la celebraci\u00f3 del Dia del Nen del 20 de novembre de cada any.<\/p>\n\n\n\n<p>Tot i aix\u00f2, <strong>a la major part del pa\u00eds, excepte a la Comunitat de Madrid, tamb\u00e9 es commemora cada 15 d&#8217;abril <\/strong>, complint amb l&#8217;exhort que el 1954 realitzar\u00e0 l&#8217;Assemblea General de les Nacions Unides a cada Estat perqu\u00e8 estableixi una data particular per a celebrar el Dia Universal de l&#8217;Infant, d&#8217;acord amb la conveni\u00e8ncia i el context particular.<\/p>\n\n\n\n<p>Les activitats a nivell nacional per celebrar aquesta data s\u00f3n nombroses i involucren les institucions de l&#8217;Estat, les escoles i les fam\u00edlies per promoure a tots els escenaris els drets dels infants i el seu benestar conseg\u00fcent.<\/p>\n\n\n\n<h2 class=\"wp-block-heading\">Tots podem celebrar el Dia Mundial de la Inf\u00e0ncia<\/h2>\n\n\n\n<p>Cada any els grans organismes a nivell mundial preparen importants agendes per commemorar el Dia Mundial de la Inf\u00e0ncia, causa i esdeveniment nacional on <strong>cada persona pot sumar-se a aquesta celebraci\u00f3 <\/strong>per fer que els drets dels nens siguin reconeguts i contribuir al seu benestar i desenvolupament.<\/p>\n\n\n\n<p>Una forma senzilla, per\u00f2 molt significativa de fer-ho, \u00e9s investigant sobre el tema, aprenent de la seva import\u00e0ncia, i generant debats i converses al nostre entorn familiar o laboral, per tal d&#8217; <strong>augmentar la sensibilitzaci\u00f3 al voltant de la protecci\u00f3 dels nens i adolescents .<\/strong><\/p>\n\n\n\n<p>A <strong><em>Resiplus\u00ae <\/em><\/strong>celebrem el Dia Mundial de l&#8217;Infant fent all\u00f2 que m\u00e9s ens agrada: posant la <a href=\"https:\/\/addinformatica.com\/software-gestion-centros-menores\/\">tecnologia al servei de les escoles bressol i adolesc\u00e8ncia.<\/a><\/p>\n\n\n\n<p>Ara, tu pots sumar i posar el teu granet de sorra al Dia Mundial de la Inf\u00e0ncia. Com? Formant part d&#8217;aquesta gran celebraci\u00f3 i recolzant els drets dels qui m\u00e9s ho necessiten: els infants.<\/p>\n","protected":false},"excerpt":{"rendered":"<p>L&#8217;Organitzaci\u00f3 de les Nacions Unides (ONU) celebra el Dia Mundial de l&#8217;Infant o el Dia Mundial de la Inf\u00e0ncia cada 20 de novembre. \u00c9s una data que serveix per commemorar les fites m\u00e9s significatives pel que fa a la lluita per una vida digna i plena per als nens i adolescents , per\u00f2 tamb\u00e9 serveix [&#8230;]\n","protected":false},"author":1,"featured_media":35532,"comment_status":"closed","ping_status":"open","sticky":false,"template":"","format":"standard","meta":{"_acf_changed":false,"footnotes":""},"categories":[298],"tags":[],"video-cat":[],"class_list":["post-36400","post","type-post","status-publish","format-standard","has-post-thumbnail","hentry","category-noticies"],"acf":[],"yoast_head":"<!-- This site is optimized with the Yoast SEO plugin v27.4 - https:\/\/yoast.com\/product\/yoast-seo-wordpress\/ -->\n<title>Quan se celebra el Dia Mundial de la Inf\u00e0ncia i per qu\u00e8 \u00e9s important - ResiPlus<\/title>\n<meta name=\"robots\" content=\"index, follow, max-snippet:-1, max-image-preview:large, max-video-preview:-1\" \/>\n<link rel=\"canonical\" href=\"https:\/\/addinformatica.com\/ca\/noticies\/quan-se-celebra-el-dia-mundial-de-la-infancia-i-per-que-es-important\/\" \/>\n<meta property=\"og:locale\" content=\"ca_ES\" \/>\n<meta property=\"og:type\" content=\"article\" \/>\n<meta property=\"og:title\" content=\"Quan se celebra el Dia Mundial de la Inf\u00e0ncia i per qu\u00e8 \u00e9s important - ResiPlus\" \/>\n<meta property=\"og:description\" content=\"L&#8217;Organitzaci\u00f3 de les Nacions Unides (ONU) celebra el Dia Mundial de l&#8217;Infant o el Dia Mundial de la Inf\u00e0ncia cada 20 de novembre. \u00c9s una data que serveix per commemorar les fites m\u00e9s significatives pel que fa a la lluita per una vida digna i plena per als nens i adolescents , per\u00f2 tamb\u00e9 serveix [...]\" \/>\n<meta property=\"og:url\" content=\"https:\/\/addinformatica.com\/ca\/noticies\/quan-se-celebra-el-dia-mundial-de-la-infancia-i-per-que-es-important\/\" \/>\n<meta property=\"og:site_name\" content=\"ResiPlus\" \/>\n<meta property=\"article:published_time\" content=\"2024-11-18T08:00:00+00:00\" \/>\n<meta property=\"article:modified_time\" content=\"2024-11-20T09:08:42+00:00\" \/>\n<meta property=\"og:image\" content=\"https:\/\/addinformatica.com\/wp-content\/uploads\/2024\/10\/cuando-se-celebra-el-dia-mundial-de-la-infancia-y-por-que-es-importante.jpg\" \/>\n\t<meta property=\"og:image:width\" content=\"680\" \/>\n\t<meta property=\"og:image:height\" content=\"453\" \/>\n\t<meta property=\"og:image:type\" content=\"image\/jpeg\" \/>\n<meta name=\"author\" content=\"ADD_es_admin\" \/>\n<meta name=\"twitter:card\" content=\"summary_large_image\" \/>\n<meta name=\"twitter:label1\" content=\"Escrit per\" \/>\n\t<meta name=\"twitter:data1\" content=\"ADD_es_admin\" \/>\n\t<meta name=\"twitter:label2\" content=\"Temps estimat de lectura\" \/>\n\t<meta name=\"twitter:data2\" content=\"6 minuts\" \/>\n<script type=\"application\/ld+json\" class=\"yoast-schema-graph\">{\"@context\":\"https:\\\/\\\/schema.org\",\"@graph\":[{\"@type\":\"Article\",\"@id\":\"https:\\\/\\\/addinformatica.com\\\/ca\\\/noticies\\\/quan-se-celebra-el-dia-mundial-de-la-infancia-i-per-que-es-important\\\/#article\",\"isPartOf\":{\"@id\":\"https:\\\/\\\/addinformatica.com\\\/ca\\\/noticies\\\/quan-se-celebra-el-dia-mundial-de-la-infancia-i-per-que-es-important\\\/\"},\"author\":{\"name\":\"ADD_es_admin\",\"@id\":\"https:\\\/\\\/addinformatica.com\\\/#\\\/schema\\\/person\\\/063f1036d6af39f34b17382e1b7fdd24\"},\"headline\":\"Quan se celebra el Dia Mundial de la Inf\u00e0ncia i per qu\u00e8 \u00e9s important\",\"datePublished\":\"2024-11-18T08:00:00+00:00\",\"dateModified\":\"2024-11-20T09:08:42+00:00\",\"mainEntityOfPage\":{\"@id\":\"https:\\\/\\\/addinformatica.com\\\/ca\\\/noticies\\\/quan-se-celebra-el-dia-mundial-de-la-infancia-i-per-que-es-important\\\/\"},\"wordCount\":1061,\"image\":{\"@id\":\"https:\\\/\\\/addinformatica.com\\\/ca\\\/noticies\\\/quan-se-celebra-el-dia-mundial-de-la-infancia-i-per-que-es-important\\\/#primaryimage\"},\"thumbnailUrl\":\"https:\\\/\\\/addinformatica.com\\\/wp-content\\\/uploads\\\/2024\\\/10\\\/cuando-se-celebra-el-dia-mundial-de-la-infancia-y-por-que-es-importante.jpg\",\"articleSection\":[\"Noticies\"],\"inLanguage\":\"ca\"},{\"@type\":\"WebPage\",\"@id\":\"https:\\\/\\\/addinformatica.com\\\/ca\\\/noticies\\\/quan-se-celebra-el-dia-mundial-de-la-infancia-i-per-que-es-important\\\/\",\"url\":\"https:\\\/\\\/addinformatica.com\\\/ca\\\/noticies\\\/quan-se-celebra-el-dia-mundial-de-la-infancia-i-per-que-es-important\\\/\",\"name\":\"Quan se celebra el Dia Mundial de la Inf\u00e0ncia i per qu\u00e8 \u00e9s important - ResiPlus\",\"isPartOf\":{\"@id\":\"https:\\\/\\\/addinformatica.com\\\/#website\"},\"primaryImageOfPage\":{\"@id\":\"https:\\\/\\\/addinformatica.com\\\/ca\\\/noticies\\\/quan-se-celebra-el-dia-mundial-de-la-infancia-i-per-que-es-important\\\/#primaryimage\"},\"image\":{\"@id\":\"https:\\\/\\\/addinformatica.com\\\/ca\\\/noticies\\\/quan-se-celebra-el-dia-mundial-de-la-infancia-i-per-que-es-important\\\/#primaryimage\"},\"thumbnailUrl\":\"https:\\\/\\\/addinformatica.com\\\/wp-content\\\/uploads\\\/2024\\\/10\\\/cuando-se-celebra-el-dia-mundial-de-la-infancia-y-por-que-es-importante.jpg\",\"datePublished\":\"2024-11-18T08:00:00+00:00\",\"dateModified\":\"2024-11-20T09:08:42+00:00\",\"author\":{\"@id\":\"https:\\\/\\\/addinformatica.com\\\/#\\\/schema\\\/person\\\/063f1036d6af39f34b17382e1b7fdd24\"},\"breadcrumb\":{\"@id\":\"https:\\\/\\\/addinformatica.com\\\/ca\\\/noticies\\\/quan-se-celebra-el-dia-mundial-de-la-infancia-i-per-que-es-important\\\/#breadcrumb\"},\"inLanguage\":\"ca\",\"potentialAction\":[{\"@type\":\"ReadAction\",\"target\":[\"https:\\\/\\\/addinformatica.com\\\/ca\\\/noticies\\\/quan-se-celebra-el-dia-mundial-de-la-infancia-i-per-que-es-important\\\/\"]}]},{\"@type\":\"ImageObject\",\"inLanguage\":\"ca\",\"@id\":\"https:\\\/\\\/addinformatica.com\\\/ca\\\/noticies\\\/quan-se-celebra-el-dia-mundial-de-la-infancia-i-per-que-es-important\\\/#primaryimage\",\"url\":\"https:\\\/\\\/addinformatica.com\\\/wp-content\\\/uploads\\\/2024\\\/10\\\/cuando-se-celebra-el-dia-mundial-de-la-infancia-y-por-que-es-importante.jpg\",\"contentUrl\":\"https:\\\/\\\/addinformatica.com\\\/wp-content\\\/uploads\\\/2024\\\/10\\\/cuando-se-celebra-el-dia-mundial-de-la-infancia-y-por-que-es-importante.jpg\",\"width\":680,\"height\":453},{\"@type\":\"BreadcrumbList\",\"@id\":\"https:\\\/\\\/addinformatica.com\\\/ca\\\/noticies\\\/quan-se-celebra-el-dia-mundial-de-la-infancia-i-per-que-es-important\\\/#breadcrumb\",\"itemListElement\":[{\"@type\":\"ListItem\",\"position\":1,\"name\":\"Portada\",\"item\":\"https:\\\/\\\/addinformatica.com\\\/ca\\\/\"},{\"@type\":\"ListItem\",\"position\":2,\"name\":\"Quan se celebra el Dia Mundial de la Inf\u00e0ncia i per qu\u00e8 \u00e9s important\"}]},{\"@type\":\"WebSite\",\"@id\":\"https:\\\/\\\/addinformatica.com\\\/#website\",\"url\":\"https:\\\/\\\/addinformatica.com\\\/\",\"name\":\"ResiPlus\",\"description\":\"Software de gesti\u00f3n de residencias, centros de d\u00eda y discapacitados | ResiPlus\",\"potentialAction\":[{\"@type\":\"SearchAction\",\"target\":{\"@type\":\"EntryPoint\",\"urlTemplate\":\"https:\\\/\\\/addinformatica.com\\\/?s={search_term_string}\"},\"query-input\":{\"@type\":\"PropertyValueSpecification\",\"valueRequired\":true,\"valueName\":\"search_term_string\"}}],\"inLanguage\":\"ca\"},{\"@type\":\"Person\",\"@id\":\"https:\\\/\\\/addinformatica.com\\\/#\\\/schema\\\/person\\\/063f1036d6af39f34b17382e1b7fdd24\",\"name\":\"ADD_es_admin\",\"image\":{\"@type\":\"ImageObject\",\"inLanguage\":\"ca\",\"@id\":\"https:\\\/\\\/secure.gravatar.com\\\/avatar\\\/f24b1ca4e9d4f6821988e85d4d11d5a5a70c73477e7bd56eb713e4abc2e4ab23?s=96&d=mm&r=g\",\"url\":\"https:\\\/\\\/secure.gravatar.com\\\/avatar\\\/f24b1ca4e9d4f6821988e85d4d11d5a5a70c73477e7bd56eb713e4abc2e4ab23?s=96&d=mm&r=g\",\"contentUrl\":\"https:\\\/\\\/secure.gravatar.com\\\/avatar\\\/f24b1ca4e9d4f6821988e85d4d11d5a5a70c73477e7bd56eb713e4abc2e4ab23?s=96&d=mm&r=g\",\"caption\":\"ADD_es_admin\"},\"sameAs\":[\"https:\\\/\\\/resiplus.dagocreativo.com\"],\"url\":\"https:\\\/\\\/addinformatica.com\\\/ca\\\/author\\\/add_es_admin\\\/\"}]}<\/script>\n<!-- \/ Yoast SEO plugin. -->","yoast_head_json":{"title":"Quan se celebra el Dia Mundial de la Inf\u00e0ncia i per qu\u00e8 \u00e9s important - ResiPlus","robots":{"index":"index","follow":"follow","max-snippet":"max-snippet:-1","max-image-preview":"max-image-preview:large","max-video-preview":"max-video-preview:-1"},"canonical":"https:\/\/addinformatica.com\/ca\/noticies\/quan-se-celebra-el-dia-mundial-de-la-infancia-i-per-que-es-important\/","og_locale":"ca_ES","og_type":"article","og_title":"Quan se celebra el Dia Mundial de la Inf\u00e0ncia i per qu\u00e8 \u00e9s important - ResiPlus","og_description":"L&#8217;Organitzaci\u00f3 de les Nacions Unides (ONU) celebra el Dia Mundial de l&#8217;Infant o el Dia Mundial de la Inf\u00e0ncia cada 20 de novembre. \u00c9s una data que serveix per commemorar les fites m\u00e9s significatives pel que fa a la lluita per una vida digna i plena per als nens i adolescents , per\u00f2 tamb\u00e9 serveix [...]","og_url":"https:\/\/addinformatica.com\/ca\/noticies\/quan-se-celebra-el-dia-mundial-de-la-infancia-i-per-que-es-important\/","og_site_name":"ResiPlus","article_published_time":"2024-11-18T08:00:00+00:00","article_modified_time":"2024-11-20T09:08:42+00:00","og_image":[{"width":680,"height":453,"url":"https:\/\/addinformatica.com\/wp-content\/uploads\/2024\/10\/cuando-se-celebra-el-dia-mundial-de-la-infancia-y-por-que-es-importante.jpg","type":"image\/jpeg"}],"author":"ADD_es_admin","twitter_card":"summary_large_image","twitter_misc":{"Escrit per":"ADD_es_admin","Temps estimat de lectura":"6 minuts"},"schema":{"@context":"https:\/\/schema.org","@graph":[{"@type":"Article","@id":"https:\/\/addinformatica.com\/ca\/noticies\/quan-se-celebra-el-dia-mundial-de-la-infancia-i-per-que-es-important\/#article","isPartOf":{"@id":"https:\/\/addinformatica.com\/ca\/noticies\/quan-se-celebra-el-dia-mundial-de-la-infancia-i-per-que-es-important\/"},"author":{"name":"ADD_es_admin","@id":"https:\/\/addinformatica.com\/#\/schema\/person\/063f1036d6af39f34b17382e1b7fdd24"},"headline":"Quan se celebra el Dia Mundial de la Inf\u00e0ncia i per qu\u00e8 \u00e9s important","datePublished":"2024-11-18T08:00:00+00:00","dateModified":"2024-11-20T09:08:42+00:00","mainEntityOfPage":{"@id":"https:\/\/addinformatica.com\/ca\/noticies\/quan-se-celebra-el-dia-mundial-de-la-infancia-i-per-que-es-important\/"},"wordCount":1061,"image":{"@id":"https:\/\/addinformatica.com\/ca\/noticies\/quan-se-celebra-el-dia-mundial-de-la-infancia-i-per-que-es-important\/#primaryimage"},"thumbnailUrl":"https:\/\/addinformatica.com\/wp-content\/uploads\/2024\/10\/cuando-se-celebra-el-dia-mundial-de-la-infancia-y-por-que-es-importante.jpg","articleSection":["Noticies"],"inLanguage":"ca"},{"@type":"WebPage","@id":"https:\/\/addinformatica.com\/ca\/noticies\/quan-se-celebra-el-dia-mundial-de-la-infancia-i-per-que-es-important\/","url":"https:\/\/addinformatica.com\/ca\/noticies\/quan-se-celebra-el-dia-mundial-de-la-infancia-i-per-que-es-important\/","name":"Quan se celebra el Dia Mundial de la Inf\u00e0ncia i per qu\u00e8 \u00e9s important - ResiPlus","isPartOf":{"@id":"https:\/\/addinformatica.com\/#website"},"primaryImageOfPage":{"@id":"https:\/\/addinformatica.com\/ca\/noticies\/quan-se-celebra-el-dia-mundial-de-la-infancia-i-per-que-es-important\/#primaryimage"},"image":{"@id":"https:\/\/addinformatica.com\/ca\/noticies\/quan-se-celebra-el-dia-mundial-de-la-infancia-i-per-que-es-important\/#primaryimage"},"thumbnailUrl":"https:\/\/addinformatica.com\/wp-content\/uploads\/2024\/10\/cuando-se-celebra-el-dia-mundial-de-la-infancia-y-por-que-es-importante.jpg","datePublished":"2024-11-18T08:00:00+00:00","dateModified":"2024-11-20T09:08:42+00:00","author":{"@id":"https:\/\/addinformatica.com\/#\/schema\/person\/063f1036d6af39f34b17382e1b7fdd24"},"breadcrumb":{"@id":"https:\/\/addinformatica.com\/ca\/noticies\/quan-se-celebra-el-dia-mundial-de-la-infancia-i-per-que-es-important\/#breadcrumb"},"inLanguage":"ca","potentialAction":[{"@type":"ReadAction","target":["https:\/\/addinformatica.com\/ca\/noticies\/quan-se-celebra-el-dia-mundial-de-la-infancia-i-per-que-es-important\/"]}]},{"@type":"ImageObject","inLanguage":"ca","@id":"https:\/\/addinformatica.com\/ca\/noticies\/quan-se-celebra-el-dia-mundial-de-la-infancia-i-per-que-es-important\/#primaryimage","url":"https:\/\/addinformatica.com\/wp-content\/uploads\/2024\/10\/cuando-se-celebra-el-dia-mundial-de-la-infancia-y-por-que-es-importante.jpg","contentUrl":"https:\/\/addinformatica.com\/wp-content\/uploads\/2024\/10\/cuando-se-celebra-el-dia-mundial-de-la-infancia-y-por-que-es-importante.jpg","width":680,"height":453},{"@type":"BreadcrumbList","@id":"https:\/\/addinformatica.com\/ca\/noticies\/quan-se-celebra-el-dia-mundial-de-la-infancia-i-per-que-es-important\/#breadcrumb","itemListElement":[{"@type":"ListItem","position":1,"name":"Portada","item":"https:\/\/addinformatica.com\/ca\/"},{"@type":"ListItem","position":2,"name":"Quan se celebra el Dia Mundial de la Inf\u00e0ncia i per qu\u00e8 \u00e9s important"}]},{"@type":"WebSite","@id":"https:\/\/addinformatica.com\/#website","url":"https:\/\/addinformatica.com\/","name":"ResiPlus","description":"Software de gesti\u00f3n de residencias, centros de d\u00eda y discapacitados | ResiPlus","potentialAction":[{"@type":"SearchAction","target":{"@type":"EntryPoint","urlTemplate":"https:\/\/addinformatica.com\/?s={search_term_string}"},"query-input":{"@type":"PropertyValueSpecification","valueRequired":true,"valueName":"search_term_string"}}],"inLanguage":"ca"},{"@type":"Person","@id":"https:\/\/addinformatica.com\/#\/schema\/person\/063f1036d6af39f34b17382e1b7fdd24","name":"ADD_es_admin","image":{"@type":"ImageObject","inLanguage":"ca","@id":"https:\/\/secure.gravatar.com\/avatar\/f24b1ca4e9d4f6821988e85d4d11d5a5a70c73477e7bd56eb713e4abc2e4ab23?s=96&d=mm&r=g","url":"https:\/\/secure.gravatar.com\/avatar\/f24b1ca4e9d4f6821988e85d4d11d5a5a70c73477e7bd56eb713e4abc2e4ab23?s=96&d=mm&r=g","contentUrl":"https:\/\/secure.gravatar.com\/avatar\/f24b1ca4e9d4f6821988e85d4d11d5a5a70c73477e7bd56eb713e4abc2e4ab23?s=96&d=mm&r=g","caption":"ADD_es_admin"},"sameAs":["https:\/\/resiplus.dagocreativo.com"],"url":"https:\/\/addinformatica.com\/ca\/author\/add_es_admin\/"}]}},"_links":{"self":[{"href":"https:\/\/addinformatica.com\/ca\/wp-json\/wp\/v2\/posts\/36400","targetHints":{"allow":["GET"]}}],"collection":[{"href":"https:\/\/addinformatica.com\/ca\/wp-json\/wp\/v2\/posts"}],"about":[{"href":"https:\/\/addinformatica.com\/ca\/wp-json\/wp\/v2\/types\/post"}],"author":[{"embeddable":true,"href":"https:\/\/addinformatica.com\/ca\/wp-json\/wp\/v2\/users\/1"}],"replies":[{"embeddable":true,"href":"https:\/\/addinformatica.com\/ca\/wp-json\/wp\/v2\/comments?post=36400"}],"version-history":[{"count":0,"href":"https:\/\/addinformatica.com\/ca\/wp-json\/wp\/v2\/posts\/36400\/revisions"}],"wp:featuredmedia":[{"embeddable":true,"href":"https:\/\/addinformatica.com\/ca\/wp-json\/wp\/v2\/media\/35532"}],"wp:attachment":[{"href":"https:\/\/addinformatica.com\/ca\/wp-json\/wp\/v2\/media?parent=36400"}],"wp:term":[{"taxonomy":"category","embeddable":true,"href":"https:\/\/addinformatica.com\/ca\/wp-json\/wp\/v2\/categories?post=36400"},{"taxonomy":"post_tag","embeddable":true,"href":"https:\/\/addinformatica.com\/ca\/wp-json\/wp\/v2\/tags?post=36400"},{"taxonomy":"video-cat","embeddable":true,"href":"https:\/\/addinformatica.com\/ca\/wp-json\/wp\/v2\/video-cat?post=36400"}],"curies":[{"name":"wp","href":"https:\/\/api.w.org\/{rel}","templated":true}]}}