{"id":35516,"date":"2024-09-04T09:05:41","date_gmt":"2024-09-04T09:05:41","guid":{"rendered":"https:\/\/addinformatica.com\/sense-categoria\/artistas-con-discapacidad-inspirando-y-cambiando-paradigmas-en-el-mundo\/"},"modified":"2025-01-21T14:46:59","modified_gmt":"2025-01-21T14:46:59","slug":"artistes-amb-discapacitat-inspirant-i-canviant-paradigmes-al-mon","status":"publish","type":"post","link":"https:\/\/addinformatica.com\/ca\/noticies\/artistes-amb-discapacitat-inspirant-i-canviant-paradigmes-al-mon\/","title":{"rendered":"Artistes amb discapacitat: inspirant i canviant paradigmes al m\u00f3n"},"content":{"rendered":"\n<figure class=\"wp-block-image aligncenter size-full\"><img loading=\"lazy\" decoding=\"async\" width=\"1000\" height=\"621\" src=\"https:\/\/addinformatica.com\/wp-content\/uploads\/2024\/09\/artistas-con-discapacidad-inspirando-y-cambiando-paradigmas-en-el-mundo-yayoi-kusama.jpg\" alt=\"artistes-amb-discapacitat-inspirant-i-canviant-paradigmes-al-m\u00f3n-yayoi-kusama\" class=\"wp-image-34717\" srcset=\"https:\/\/addinformatica.com\/wp-content\/uploads\/2024\/09\/artistas-con-discapacidad-inspirando-y-cambiando-paradigmas-en-el-mundo-yayoi-kusama.jpg 1000w, https:\/\/addinformatica.com\/wp-content\/uploads\/2024\/09\/artistas-con-discapacidad-inspirando-y-cambiando-paradigmas-en-el-mundo-yayoi-kusama-300x186.jpg 300w, https:\/\/addinformatica.com\/wp-content\/uploads\/2024\/09\/artistas-con-discapacidad-inspirando-y-cambiando-paradigmas-en-el-mundo-yayoi-kusama-768x477.jpg 768w\" sizes=\"auto, (max-width: 1000px) 100vw, 1000px\" \/><\/figure>\n\n\n\n<p>Els artistes tenen el poder de canviar la nostra percepci\u00f3 del m\u00f3n. Tot i aix\u00f2, quan es tracta d&#8217;artistes amb discapacitat, ens trobem davant de persones excepcionals perqu\u00e8 no nom\u00e9s s\u00f3n capa\u00e7os de mostrar-nos noves maneres de veure la realitat, sin\u00f3 tamb\u00e9 perqu\u00e8 ens ensenyen que \u00e9s possible superar les limitacions i les dificultats per <strong>inspirar i canviar el m\u00f3n amb el seu talent i perseveran\u00e7a.<\/strong><\/p>\n\n\n\n<p>En aquest post volem destacar l&#8217;obra dels qui s&#8217;han convertit en icones mundials de l&#8217;art, per\u00f2 que en aquest cam\u00ed tamb\u00e9 <strong>van haver de trencar estereotips i demostrar que la seva discapacitat no \u00e9s un fre; <\/strong>tot al contrari, pot servir com a impuls i esdevenir el seu segell .<\/p>\n\n\n\n<p>A continuaci\u00f3 destaquem els <strong>artistes amb discapacitat a diferents \u00e0rees <\/strong>m\u00e9s representatius.<\/p>\n\n\n\n<h2 class=\"wp-block-heading\">Stevie Wonder<\/h2>\n\n\n\n<p><a href=\"https:\/\/www.youtube.com\/watch?v=9O6kqjYZs0E\"><strong><em>I just call to say I love you<\/em><\/strong><\/a>\u00e9s una de les can\u00e7ons m\u00e9s ic\u00f2niques d&#8217;aquest compositor i cantant nascut el 13 de maig de 1950 a Michigan, Estats Units. El seu veritable nom \u00e9s Stevland Hardaway Morris, i la seva carrera musical li ha aportat reconeixement mundial i nombrosos reconeixements, entre ells diversos Grammys.<\/p>\n\n\n\n<p><strong>Pr\u00e0cticament des del seu naixement va patir de ceguesa <\/strong>, per\u00f2 aix\u00f2 no va impedir que als 11 anys firm\u00e9s amb el segell discogr\u00e0fic Motown, a qui va impressionar amb el seu grandi\u00f3s talent. El <strong>piano, l&#8217;harm\u00f2nica i el teclat electr\u00f2nic <\/strong>s\u00f3n alguns dels instruments que toca Wonder amb especial mestratge.<\/p>\n\n\n\n<p>Aquest artista tamb\u00e9 ha tingut una <strong>destacada participaci\u00f3 com a activista de causes humanit\u00e0ries, <\/strong>com els drets de les persones amb discapacitat i la lluita contra malalties com el c\u00e0ncer, la diabetis i la Sida. El 2009 va ser nomenat Missatger de la Pau per l&#8217;ONU, i les seves accions han impulsat pol\u00edtiques que emparen les persones amb discapacitat.<\/p>\n\n\n\n<h2 class=\"wp-block-heading\">Nahuel Pennisi<\/h2>\n\n\n\n<p>El jove <strong>guitarrista, cantant i compositor Nahuel Pennisi <\/strong>va n\u00e9ixer el 1990 a Buenos Aires, Argentina. Ha guanyat quatre premis Carlos Gardel i ha estat nominat en tres ocasions als Grammys Llatins, gr\u00e0cies al <strong>talent que ha aconseguit de manera autodidacta des que era molt petit.<\/strong><\/p>\n\n\n\n<p><strong>Pennisi \u00e9s cec de naixement <\/strong>, per sobre d&#8217;aix\u00f2 i d&#8217;algunes limitacions econ\u00f2miques va aconseguir desenvolupar una t\u00e8cnica i un estil molt personal, que l&#8217;han portat a omplir escenaris amb presentacions emotives i captivadores.<\/p>\n\n\n\n<p><strong>La seva carrera ha tingut diverses etapes, <\/strong>en un primer moment, entre 2007 i 2010, va ser m\u00fasic de carrer. El 2012 va llan\u00e7ar de manera independent el seu primer \u00e0lbum titulat <em>El Somni de la Can\u00e7\u00f3, <\/em>iel 2015 comen\u00e7a a gravar amb Sony Music, discogr\u00e0fica amb qu\u00e8 va treure 3 discos.<\/p>\n\n\n\n<p><strong>El seu creixement no s&#8217;atura <\/strong>, el 2024 va publicar el seu <a href=\"https:\/\/www.youtube.com\/playlist?list=PLwNJN49MbjGJ-Klpp9qHoQkwEe0oVGGd_\">4t disc titulat <\/a><a href=\"https:\/\/www.youtube.com\/playlist?list=PLwNJN49MbjGJ-Klpp9qHoQkwEe0oVGGd_\"><em>Moments <\/em><\/a>. M\u00e9s enll\u00e0 de continuar sent una refer\u00e8ncia del folklore argent\u00ed, s&#8217;atreveix a experimentar amb nous sons i amb un nou rol: el de productor.<\/p>\n\n\n\n<figure class=\"wp-block-image aligncenter size-full\"><img loading=\"lazy\" decoding=\"async\" width=\"1000\" height=\"621\" src=\"https:\/\/addinformatica.com\/wp-content\/uploads\/2024\/09\/rick-allen-ha-servido-de-inspiracion-para-distintas-generaciones-.jpg\" alt=\"rick-allen-ha-servit-de-inspiracion-per-diferents-generacions\" class=\"wp-image-34719\" srcset=\"https:\/\/addinformatica.com\/wp-content\/uploads\/2024\/09\/rick-allen-ha-servido-de-inspiracion-para-distintas-generaciones-.jpg 1000w, https:\/\/addinformatica.com\/wp-content\/uploads\/2024\/09\/rick-allen-ha-servido-de-inspiracion-para-distintas-generaciones--300x186.jpg 300w, https:\/\/addinformatica.com\/wp-content\/uploads\/2024\/09\/rick-allen-ha-servido-de-inspiracion-para-distintas-generaciones--768x477.jpg 768w\" sizes=\"auto, (max-width: 1000px) 100vw, 1000px\" \/><\/figure>\n\n\n\n<h2 class=\"wp-block-heading\">Rick Allen<\/h2>\n\n\n\n<p><a><\/a>La hist\u00f2ria de l&#8217;angl\u00e8s Rick Allen (1963) tamb\u00e9 \u00e9s summament inspiradora perqu\u00e8 <strong>va aconseguir superar un dels fets m\u00e9s desafiadors per a un baterista <\/strong>: va perdre el bra\u00e7 esquerre en un accident automobil\u00edstic. Aix\u00f2 va passar el 1984, quan tenia 21 anys i comptava amb 6 anys tocant per a la banda de heavy metall Def Leppard.<\/p>\n\n\n\n<p>En aquell moment semblava que la seva carrera musical havia acabat, per\u00f2 va passar tot el contrari. Allen va trobar inspiraci\u00f3 en el suport dels seus fans i dels seus companys de la banda per <strong>comen\u00e7ar de nou amb gran determinaci\u00f3, <\/strong>iaprendre a tocar la bateria amb un bra\u00e7 i dues cames.<\/p>\n\n\n\n<p>Actualment, aquest artista segueix sent part de <a href=\"https:\/\/es.wikipedia.org\/wiki\/Def_Leppard\">Def Leppard <\/a>, i una <strong>refer\u00e8ncia dins de l&#8217;escenari del Rock a nivell mundial.<\/strong><\/p>\n\n\n\n<h2 class=\"wp-block-heading\">Yayoi Kusama<\/h2>\n\n\n\n<p>Yayoi Kusama \u00e9s una artista pl\u00e0stica nascuda el 22 de mar\u00e7 de 1929 al Jap\u00f3. Des de petita va patir un trastorn obsessiu-compulsiu, que es va derivar d&#8217;una <strong>neurosi provocada per la Segona Guerra Mundial, i per una din\u00e0mica familiar en qu\u00e8 hi havia maltractament i aband\u00f3. <\/strong>Les al\u00b7lucinacions i els atacs de p\u00e0nic es van fer presents des de ben petita i <strong>l&#8217;art es va convertir en una via d&#8217;escapament.<\/strong><\/p>\n\n\n\n<p>El 1957, quan va intentar iniciar una carrera art\u00edstica reconeguda, va viatjar a Nova York on va enfrontar el masclisme i el classisme sense obtenir gaire \u00e8xit. Aix\u00f2 i la mort de la seva parella sentimental li van provocar una forta depressi\u00f3 que la va motivar a abandonar la carrera, tornar al seu pa\u00eds i recloure&#8217;s en un hospital psiqui\u00e0tric de T\u00f2quio.<\/p>\n\n\n\n<p>Inesperadament, aquesta decisi\u00f3 va donar reconeixement a la seva obra i progressivament la seva feina va arribar a ser un referent de grans corrents com l&#8217; <a href=\"https:\/\/es.wikipedia.org\/wiki\/Arte_pop\">art pop <\/a>i el <a href=\"https:\/\/historia-arte.com\/movimientos\/minimalismo\">minimalisme <\/a>.<\/p>\n\n\n\n<p>Als seus m\u00e9s de 90 anys <strong>continua reclosa al psiqui\u00e0tric i \u00e9s una artista prol\u00edfera <\/strong>en t\u00e8cniques com collage, la pintura, l&#8217;art performance, l&#8217;escultura i les instal\u00b7lacions. A totes les seves obres o la majoria, predomina el principi de l&#8217;acumulaci\u00f3: res no existeix per si mateix, tot al planeta est\u00e0 encadenat.<\/p>\n\n\n\n<h2 class=\"wp-block-heading\">Const\u00e0ncia i determinaci\u00f3 per superar les barreres<\/h2>\n\n\n\n<p>Tot i que cadascuna de les hist\u00f2ries que t&#8217;hem presentat s\u00f3n molt diferents, totes tenen un factor en com\u00fa: els seus protagonistes van treballar de manera constant i amb determinaci\u00f3 per assolir els seus somnis. I ells no s\u00f3n els \u00fanics, hi ha moltes experi\u00e8ncies inspiradores d&#8217;artistes amb discapacitat que tamb\u00e9 han trencat paradigmes.<\/p>\n\n\n\n<p>En coneixes alguna? Pots compartir-la als comentaris.<\/p>\n","protected":false},"excerpt":{"rendered":"<p>Els artistes tenen el poder de canviar la nostra percepci\u00f3 del m\u00f3n. Tot i aix\u00f2, quan es tracta d&#8217;artistes amb discapacitat, ens trobem davant de persones excepcionals perqu\u00e8 no nom\u00e9s s\u00f3n capa\u00e7os de mostrar-nos noves maneres de veure la realitat, sin\u00f3 tamb\u00e9 perqu\u00e8 ens ensenyen que \u00e9s possible superar les limitacions i les dificultats per [&#8230;]\n","protected":false},"author":1,"featured_media":34718,"comment_status":"closed","ping_status":"open","sticky":false,"template":"","format":"standard","meta":{"_acf_changed":false,"footnotes":""},"categories":[298],"tags":[],"video-cat":[],"class_list":["post-35516","post","type-post","status-publish","format-standard","has-post-thumbnail","hentry","category-noticies"],"acf":[],"yoast_head":"<!-- This site is optimized with the Yoast SEO plugin v27.4 - https:\/\/yoast.com\/product\/yoast-seo-wordpress\/ -->\n<title>Artistes amb discapacitat: inspirant i canviant paradigmes al m\u00f3n - ResiPlus<\/title>\n<meta name=\"robots\" content=\"index, follow, max-snippet:-1, max-image-preview:large, max-video-preview:-1\" \/>\n<link rel=\"canonical\" href=\"https:\/\/addinformatica.com\/ca\/noticies\/artistes-amb-discapacitat-inspirant-i-canviant-paradigmes-al-mon\/\" \/>\n<meta property=\"og:locale\" content=\"ca_ES\" \/>\n<meta property=\"og:type\" content=\"article\" \/>\n<meta property=\"og:title\" content=\"Artistes amb discapacitat: inspirant i canviant paradigmes al m\u00f3n - ResiPlus\" \/>\n<meta property=\"og:description\" content=\"Els artistes tenen el poder de canviar la nostra percepci\u00f3 del m\u00f3n. Tot i aix\u00f2, quan es tracta d&#8217;artistes amb discapacitat, ens trobem davant de persones excepcionals perqu\u00e8 no nom\u00e9s s\u00f3n capa\u00e7os de mostrar-nos noves maneres de veure la realitat, sin\u00f3 tamb\u00e9 perqu\u00e8 ens ensenyen que \u00e9s possible superar les limitacions i les dificultats per [...]\" \/>\n<meta property=\"og:url\" content=\"https:\/\/addinformatica.com\/ca\/noticies\/artistes-amb-discapacitat-inspirant-i-canviant-paradigmes-al-mon\/\" \/>\n<meta property=\"og:site_name\" content=\"ResiPlus\" \/>\n<meta property=\"article:published_time\" content=\"2024-09-04T09:05:41+00:00\" \/>\n<meta property=\"article:modified_time\" content=\"2025-01-21T14:46:59+00:00\" \/>\n<meta property=\"og:image\" content=\"https:\/\/addinformatica.com\/wp-content\/uploads\/2024\/09\/artistas-con-discapacidad-inspirando-y-cambiando-paradigmas-en-el-mundo-yayoi-kusama.jpg\" \/>\n\t<meta property=\"og:image:width\" content=\"1000\" \/>\n\t<meta property=\"og:image:height\" content=\"621\" \/>\n\t<meta property=\"og:image:type\" content=\"image\/jpeg\" \/>\n<meta name=\"author\" content=\"ADD_es_admin\" \/>\n<meta name=\"twitter:card\" content=\"summary_large_image\" \/>\n<meta name=\"twitter:label1\" content=\"Escrit per\" \/>\n\t<meta name=\"twitter:data1\" content=\"ADD_es_admin\" \/>\n\t<meta name=\"twitter:label2\" content=\"Temps estimat de lectura\" \/>\n\t<meta name=\"twitter:data2\" content=\"5 minuts\" \/>\n<script type=\"application\/ld+json\" class=\"yoast-schema-graph\">{\"@context\":\"https:\\\/\\\/schema.org\",\"@graph\":[{\"@type\":\"Article\",\"@id\":\"https:\\\/\\\/addinformatica.com\\\/ca\\\/noticies\\\/artistes-amb-discapacitat-inspirant-i-canviant-paradigmes-al-mon\\\/#article\",\"isPartOf\":{\"@id\":\"https:\\\/\\\/addinformatica.com\\\/ca\\\/noticies\\\/artistes-amb-discapacitat-inspirant-i-canviant-paradigmes-al-mon\\\/\"},\"author\":{\"name\":\"ADD_es_admin\",\"@id\":\"https:\\\/\\\/addinformatica.com\\\/#\\\/schema\\\/person\\\/063f1036d6af39f34b17382e1b7fdd24\"},\"headline\":\"Artistes amb discapacitat: inspirant i canviant paradigmes al m\u00f3n\",\"datePublished\":\"2024-09-04T09:05:41+00:00\",\"dateModified\":\"2025-01-21T14:46:59+00:00\",\"mainEntityOfPage\":{\"@id\":\"https:\\\/\\\/addinformatica.com\\\/ca\\\/noticies\\\/artistes-amb-discapacitat-inspirant-i-canviant-paradigmes-al-mon\\\/\"},\"wordCount\":949,\"image\":{\"@id\":\"https:\\\/\\\/addinformatica.com\\\/ca\\\/noticies\\\/artistes-amb-discapacitat-inspirant-i-canviant-paradigmes-al-mon\\\/#primaryimage\"},\"thumbnailUrl\":\"https:\\\/\\\/addinformatica.com\\\/wp-content\\\/uploads\\\/2024\\\/09\\\/artistas-con-discapacidad-inspirando-y-cambiando-paradigmas-en-el-mundo-yayoi-kusama.jpg\",\"articleSection\":[\"Noticies\"],\"inLanguage\":\"ca\"},{\"@type\":\"WebPage\",\"@id\":\"https:\\\/\\\/addinformatica.com\\\/ca\\\/noticies\\\/artistes-amb-discapacitat-inspirant-i-canviant-paradigmes-al-mon\\\/\",\"url\":\"https:\\\/\\\/addinformatica.com\\\/ca\\\/noticies\\\/artistes-amb-discapacitat-inspirant-i-canviant-paradigmes-al-mon\\\/\",\"name\":\"Artistes amb discapacitat: inspirant i canviant paradigmes al m\u00f3n - ResiPlus\",\"isPartOf\":{\"@id\":\"https:\\\/\\\/addinformatica.com\\\/#website\"},\"primaryImageOfPage\":{\"@id\":\"https:\\\/\\\/addinformatica.com\\\/ca\\\/noticies\\\/artistes-amb-discapacitat-inspirant-i-canviant-paradigmes-al-mon\\\/#primaryimage\"},\"image\":{\"@id\":\"https:\\\/\\\/addinformatica.com\\\/ca\\\/noticies\\\/artistes-amb-discapacitat-inspirant-i-canviant-paradigmes-al-mon\\\/#primaryimage\"},\"thumbnailUrl\":\"https:\\\/\\\/addinformatica.com\\\/wp-content\\\/uploads\\\/2024\\\/09\\\/artistas-con-discapacidad-inspirando-y-cambiando-paradigmas-en-el-mundo-yayoi-kusama.jpg\",\"datePublished\":\"2024-09-04T09:05:41+00:00\",\"dateModified\":\"2025-01-21T14:46:59+00:00\",\"author\":{\"@id\":\"https:\\\/\\\/addinformatica.com\\\/#\\\/schema\\\/person\\\/063f1036d6af39f34b17382e1b7fdd24\"},\"breadcrumb\":{\"@id\":\"https:\\\/\\\/addinformatica.com\\\/ca\\\/noticies\\\/artistes-amb-discapacitat-inspirant-i-canviant-paradigmes-al-mon\\\/#breadcrumb\"},\"inLanguage\":\"ca\",\"potentialAction\":[{\"@type\":\"ReadAction\",\"target\":[\"https:\\\/\\\/addinformatica.com\\\/ca\\\/noticies\\\/artistes-amb-discapacitat-inspirant-i-canviant-paradigmes-al-mon\\\/\"]}]},{\"@type\":\"ImageObject\",\"inLanguage\":\"ca\",\"@id\":\"https:\\\/\\\/addinformatica.com\\\/ca\\\/noticies\\\/artistes-amb-discapacitat-inspirant-i-canviant-paradigmes-al-mon\\\/#primaryimage\",\"url\":\"https:\\\/\\\/addinformatica.com\\\/wp-content\\\/uploads\\\/2024\\\/09\\\/artistas-con-discapacidad-inspirando-y-cambiando-paradigmas-en-el-mundo-yayoi-kusama.jpg\",\"contentUrl\":\"https:\\\/\\\/addinformatica.com\\\/wp-content\\\/uploads\\\/2024\\\/09\\\/artistas-con-discapacidad-inspirando-y-cambiando-paradigmas-en-el-mundo-yayoi-kusama.jpg\",\"width\":1000,\"height\":621},{\"@type\":\"BreadcrumbList\",\"@id\":\"https:\\\/\\\/addinformatica.com\\\/ca\\\/noticies\\\/artistes-amb-discapacitat-inspirant-i-canviant-paradigmes-al-mon\\\/#breadcrumb\",\"itemListElement\":[{\"@type\":\"ListItem\",\"position\":1,\"name\":\"Portada\",\"item\":\"https:\\\/\\\/addinformatica.com\\\/ca\\\/\"},{\"@type\":\"ListItem\",\"position\":2,\"name\":\"Artistes amb discapacitat: inspirant i canviant paradigmes al m\u00f3n\"}]},{\"@type\":\"WebSite\",\"@id\":\"https:\\\/\\\/addinformatica.com\\\/#website\",\"url\":\"https:\\\/\\\/addinformatica.com\\\/\",\"name\":\"ResiPlus\",\"description\":\"Software de gesti\u00f3n de residencias, centros de d\u00eda y discapacitados | ResiPlus\",\"potentialAction\":[{\"@type\":\"SearchAction\",\"target\":{\"@type\":\"EntryPoint\",\"urlTemplate\":\"https:\\\/\\\/addinformatica.com\\\/?s={search_term_string}\"},\"query-input\":{\"@type\":\"PropertyValueSpecification\",\"valueRequired\":true,\"valueName\":\"search_term_string\"}}],\"inLanguage\":\"ca\"},{\"@type\":\"Person\",\"@id\":\"https:\\\/\\\/addinformatica.com\\\/#\\\/schema\\\/person\\\/063f1036d6af39f34b17382e1b7fdd24\",\"name\":\"ADD_es_admin\",\"image\":{\"@type\":\"ImageObject\",\"inLanguage\":\"ca\",\"@id\":\"https:\\\/\\\/secure.gravatar.com\\\/avatar\\\/f24b1ca4e9d4f6821988e85d4d11d5a5a70c73477e7bd56eb713e4abc2e4ab23?s=96&d=mm&r=g\",\"url\":\"https:\\\/\\\/secure.gravatar.com\\\/avatar\\\/f24b1ca4e9d4f6821988e85d4d11d5a5a70c73477e7bd56eb713e4abc2e4ab23?s=96&d=mm&r=g\",\"contentUrl\":\"https:\\\/\\\/secure.gravatar.com\\\/avatar\\\/f24b1ca4e9d4f6821988e85d4d11d5a5a70c73477e7bd56eb713e4abc2e4ab23?s=96&d=mm&r=g\",\"caption\":\"ADD_es_admin\"},\"sameAs\":[\"https:\\\/\\\/resiplus.dagocreativo.com\"],\"url\":\"https:\\\/\\\/addinformatica.com\\\/ca\\\/author\\\/add_es_admin\\\/\"}]}<\/script>\n<!-- \/ Yoast SEO plugin. -->","yoast_head_json":{"title":"Artistes amb discapacitat: inspirant i canviant paradigmes al m\u00f3n - ResiPlus","robots":{"index":"index","follow":"follow","max-snippet":"max-snippet:-1","max-image-preview":"max-image-preview:large","max-video-preview":"max-video-preview:-1"},"canonical":"https:\/\/addinformatica.com\/ca\/noticies\/artistes-amb-discapacitat-inspirant-i-canviant-paradigmes-al-mon\/","og_locale":"ca_ES","og_type":"article","og_title":"Artistes amb discapacitat: inspirant i canviant paradigmes al m\u00f3n - ResiPlus","og_description":"Els artistes tenen el poder de canviar la nostra percepci\u00f3 del m\u00f3n. Tot i aix\u00f2, quan es tracta d&#8217;artistes amb discapacitat, ens trobem davant de persones excepcionals perqu\u00e8 no nom\u00e9s s\u00f3n capa\u00e7os de mostrar-nos noves maneres de veure la realitat, sin\u00f3 tamb\u00e9 perqu\u00e8 ens ensenyen que \u00e9s possible superar les limitacions i les dificultats per [...]","og_url":"https:\/\/addinformatica.com\/ca\/noticies\/artistes-amb-discapacitat-inspirant-i-canviant-paradigmes-al-mon\/","og_site_name":"ResiPlus","article_published_time":"2024-09-04T09:05:41+00:00","article_modified_time":"2025-01-21T14:46:59+00:00","og_image":[{"width":1000,"height":621,"url":"https:\/\/addinformatica.com\/wp-content\/uploads\/2024\/09\/artistas-con-discapacidad-inspirando-y-cambiando-paradigmas-en-el-mundo-yayoi-kusama.jpg","type":"image\/jpeg"}],"author":"ADD_es_admin","twitter_card":"summary_large_image","twitter_misc":{"Escrit per":"ADD_es_admin","Temps estimat de lectura":"5 minuts"},"schema":{"@context":"https:\/\/schema.org","@graph":[{"@type":"Article","@id":"https:\/\/addinformatica.com\/ca\/noticies\/artistes-amb-discapacitat-inspirant-i-canviant-paradigmes-al-mon\/#article","isPartOf":{"@id":"https:\/\/addinformatica.com\/ca\/noticies\/artistes-amb-discapacitat-inspirant-i-canviant-paradigmes-al-mon\/"},"author":{"name":"ADD_es_admin","@id":"https:\/\/addinformatica.com\/#\/schema\/person\/063f1036d6af39f34b17382e1b7fdd24"},"headline":"Artistes amb discapacitat: inspirant i canviant paradigmes al m\u00f3n","datePublished":"2024-09-04T09:05:41+00:00","dateModified":"2025-01-21T14:46:59+00:00","mainEntityOfPage":{"@id":"https:\/\/addinformatica.com\/ca\/noticies\/artistes-amb-discapacitat-inspirant-i-canviant-paradigmes-al-mon\/"},"wordCount":949,"image":{"@id":"https:\/\/addinformatica.com\/ca\/noticies\/artistes-amb-discapacitat-inspirant-i-canviant-paradigmes-al-mon\/#primaryimage"},"thumbnailUrl":"https:\/\/addinformatica.com\/wp-content\/uploads\/2024\/09\/artistas-con-discapacidad-inspirando-y-cambiando-paradigmas-en-el-mundo-yayoi-kusama.jpg","articleSection":["Noticies"],"inLanguage":"ca"},{"@type":"WebPage","@id":"https:\/\/addinformatica.com\/ca\/noticies\/artistes-amb-discapacitat-inspirant-i-canviant-paradigmes-al-mon\/","url":"https:\/\/addinformatica.com\/ca\/noticies\/artistes-amb-discapacitat-inspirant-i-canviant-paradigmes-al-mon\/","name":"Artistes amb discapacitat: inspirant i canviant paradigmes al m\u00f3n - ResiPlus","isPartOf":{"@id":"https:\/\/addinformatica.com\/#website"},"primaryImageOfPage":{"@id":"https:\/\/addinformatica.com\/ca\/noticies\/artistes-amb-discapacitat-inspirant-i-canviant-paradigmes-al-mon\/#primaryimage"},"image":{"@id":"https:\/\/addinformatica.com\/ca\/noticies\/artistes-amb-discapacitat-inspirant-i-canviant-paradigmes-al-mon\/#primaryimage"},"thumbnailUrl":"https:\/\/addinformatica.com\/wp-content\/uploads\/2024\/09\/artistas-con-discapacidad-inspirando-y-cambiando-paradigmas-en-el-mundo-yayoi-kusama.jpg","datePublished":"2024-09-04T09:05:41+00:00","dateModified":"2025-01-21T14:46:59+00:00","author":{"@id":"https:\/\/addinformatica.com\/#\/schema\/person\/063f1036d6af39f34b17382e1b7fdd24"},"breadcrumb":{"@id":"https:\/\/addinformatica.com\/ca\/noticies\/artistes-amb-discapacitat-inspirant-i-canviant-paradigmes-al-mon\/#breadcrumb"},"inLanguage":"ca","potentialAction":[{"@type":"ReadAction","target":["https:\/\/addinformatica.com\/ca\/noticies\/artistes-amb-discapacitat-inspirant-i-canviant-paradigmes-al-mon\/"]}]},{"@type":"ImageObject","inLanguage":"ca","@id":"https:\/\/addinformatica.com\/ca\/noticies\/artistes-amb-discapacitat-inspirant-i-canviant-paradigmes-al-mon\/#primaryimage","url":"https:\/\/addinformatica.com\/wp-content\/uploads\/2024\/09\/artistas-con-discapacidad-inspirando-y-cambiando-paradigmas-en-el-mundo-yayoi-kusama.jpg","contentUrl":"https:\/\/addinformatica.com\/wp-content\/uploads\/2024\/09\/artistas-con-discapacidad-inspirando-y-cambiando-paradigmas-en-el-mundo-yayoi-kusama.jpg","width":1000,"height":621},{"@type":"BreadcrumbList","@id":"https:\/\/addinformatica.com\/ca\/noticies\/artistes-amb-discapacitat-inspirant-i-canviant-paradigmes-al-mon\/#breadcrumb","itemListElement":[{"@type":"ListItem","position":1,"name":"Portada","item":"https:\/\/addinformatica.com\/ca\/"},{"@type":"ListItem","position":2,"name":"Artistes amb discapacitat: inspirant i canviant paradigmes al m\u00f3n"}]},{"@type":"WebSite","@id":"https:\/\/addinformatica.com\/#website","url":"https:\/\/addinformatica.com\/","name":"ResiPlus","description":"Software de gesti\u00f3n de residencias, centros de d\u00eda y discapacitados | ResiPlus","potentialAction":[{"@type":"SearchAction","target":{"@type":"EntryPoint","urlTemplate":"https:\/\/addinformatica.com\/?s={search_term_string}"},"query-input":{"@type":"PropertyValueSpecification","valueRequired":true,"valueName":"search_term_string"}}],"inLanguage":"ca"},{"@type":"Person","@id":"https:\/\/addinformatica.com\/#\/schema\/person\/063f1036d6af39f34b17382e1b7fdd24","name":"ADD_es_admin","image":{"@type":"ImageObject","inLanguage":"ca","@id":"https:\/\/secure.gravatar.com\/avatar\/f24b1ca4e9d4f6821988e85d4d11d5a5a70c73477e7bd56eb713e4abc2e4ab23?s=96&d=mm&r=g","url":"https:\/\/secure.gravatar.com\/avatar\/f24b1ca4e9d4f6821988e85d4d11d5a5a70c73477e7bd56eb713e4abc2e4ab23?s=96&d=mm&r=g","contentUrl":"https:\/\/secure.gravatar.com\/avatar\/f24b1ca4e9d4f6821988e85d4d11d5a5a70c73477e7bd56eb713e4abc2e4ab23?s=96&d=mm&r=g","caption":"ADD_es_admin"},"sameAs":["https:\/\/resiplus.dagocreativo.com"],"url":"https:\/\/addinformatica.com\/ca\/author\/add_es_admin\/"}]}},"_links":{"self":[{"href":"https:\/\/addinformatica.com\/ca\/wp-json\/wp\/v2\/posts\/35516","targetHints":{"allow":["GET"]}}],"collection":[{"href":"https:\/\/addinformatica.com\/ca\/wp-json\/wp\/v2\/posts"}],"about":[{"href":"https:\/\/addinformatica.com\/ca\/wp-json\/wp\/v2\/types\/post"}],"author":[{"embeddable":true,"href":"https:\/\/addinformatica.com\/ca\/wp-json\/wp\/v2\/users\/1"}],"replies":[{"embeddable":true,"href":"https:\/\/addinformatica.com\/ca\/wp-json\/wp\/v2\/comments?post=35516"}],"version-history":[{"count":0,"href":"https:\/\/addinformatica.com\/ca\/wp-json\/wp\/v2\/posts\/35516\/revisions"}],"wp:featuredmedia":[{"embeddable":true,"href":"https:\/\/addinformatica.com\/ca\/wp-json\/wp\/v2\/media\/34718"}],"wp:attachment":[{"href":"https:\/\/addinformatica.com\/ca\/wp-json\/wp\/v2\/media?parent=35516"}],"wp:term":[{"taxonomy":"category","embeddable":true,"href":"https:\/\/addinformatica.com\/ca\/wp-json\/wp\/v2\/categories?post=35516"},{"taxonomy":"post_tag","embeddable":true,"href":"https:\/\/addinformatica.com\/ca\/wp-json\/wp\/v2\/tags?post=35516"},{"taxonomy":"video-cat","embeddable":true,"href":"https:\/\/addinformatica.com\/ca\/wp-json\/wp\/v2\/video-cat?post=35516"}],"curies":[{"name":"wp","href":"https:\/\/api.w.org\/{rel}","templated":true}]}}