{"id":35509,"date":"2024-10-15T08:00:00","date_gmt":"2024-10-15T08:00:00","guid":{"rendered":"https:\/\/addinformatica.com\/?p=35509"},"modified":"2024-10-14T07:13:53","modified_gmt":"2024-10-14T07:13:53","slug":"adopta-un-abuelo-aprovecha-al-maximo-los-vinculos-intergeneracionales-y-la-tecnologia","status":"publish","type":"post","link":"https:\/\/addinformatica.com\/ca\/noticies\/adopta-un-abuelo-aprovecha-al-maximo-los-vinculos-intergeneracionales-y-la-tecnologia\/","title":{"rendered":"Adopta Un Avi: aprofita al m\u00e0xim els enlla\u00e7os intergeneracionals i la tecnologia"},"content":{"rendered":"\n<figure class=\"wp-block-image aligncenter size-large\"><img loading=\"lazy\" decoding=\"async\" width=\"1024\" height=\"482\" src=\"https:\/\/addinformatica.com\/wp-content\/uploads\/2024\/10\/adopta-un-abuelo-aprovechando-vinculos-intergeneracionales-1024x482.jpg\" alt=\"adopta-un-avi-aprofitant-al-maxim-els-vincles-intergeneracionals-i-la-tecnologia\" class=\"wp-image-35130\" srcset=\"https:\/\/addinformatica.com\/wp-content\/uploads\/2024\/10\/adopta-un-abuelo-aprovechando-vinculos-intergeneracionales-1024x482.jpg 1024w, https:\/\/addinformatica.com\/wp-content\/uploads\/2024\/10\/adopta-un-abuelo-aprovechando-vinculos-intergeneracionales-300x141.jpg 300w, https:\/\/addinformatica.com\/wp-content\/uploads\/2024\/10\/adopta-un-abuelo-aprovechando-vinculos-intergeneracionales-768x361.jpg 768w, https:\/\/addinformatica.com\/wp-content\/uploads\/2024\/10\/adopta-un-abuelo-aprovechando-vinculos-intergeneracionales.jpg 1224w\" sizes=\"auto, (max-width: 1024px) 100vw, 1024px\" \/><\/figure>\n\n\n\n<p>D&#8217;acord amb dades aportades per l&#8217;Organitzaci\u00f3 Mundial de la Salut (OMS), la poblaci\u00f3 de persones m\u00e9s grans de seixanta anys es duplicar\u00e0 per a l&#8217;any 2050 i arribar\u00e0 als 2.100 milions, mentre que la poblaci\u00f3 de persones de 80 anys o m\u00e9s es triplicar\u00e0 i arribar\u00e0 a 426 milions.<\/p>\n\n\n\n<p>Aquestes xifres representen tot un desafiament, ja que ens planteja un gran interrogant: quants d&#8217;aquestes persones grans viuen o viuran amb dignitat i amb plenitud aquesta etapa de la seva vida? <strong>Adopta Un Avi <\/strong>\u00e9s una organitzaci\u00f3 que busca precisament contribuir a donar soluci\u00f3 a aquest repte, consolidant els vincles intergeneracionals a trav\u00e9s de diverses eines i accions:<\/p>\n\n\n\n<ul class=\"wp-block-list\">\n<li><strong>Padrinatges<\/strong><\/li>\n\n\n\n<li><strong>Tecnologies de la comunicaci\u00f3<\/strong><\/li>\n\n\n\n<li><strong>Tallers<\/strong><\/li>\n\n\n\n<li><strong>Activitats<\/strong><\/li>\n<\/ul>\n\n\n\n<figure class=\"wp-block-image aligncenter size-large\"><img loading=\"lazy\" decoding=\"async\" width=\"1024\" height=\"482\" src=\"https:\/\/addinformatica.com\/wp-content\/uploads\/2024\/10\/que-es-adopta-un-abuelo-1024x482.jpg\" alt=\"que-es-adopta-un-avi\" class=\"wp-image-35132\" srcset=\"https:\/\/addinformatica.com\/wp-content\/uploads\/2024\/10\/que-es-adopta-un-abuelo-1024x482.jpg 1024w, https:\/\/addinformatica.com\/wp-content\/uploads\/2024\/10\/que-es-adopta-un-abuelo-300x141.jpg 300w, https:\/\/addinformatica.com\/wp-content\/uploads\/2024\/10\/que-es-adopta-un-abuelo-768x361.jpg 768w, https:\/\/addinformatica.com\/wp-content\/uploads\/2024\/10\/que-es-adopta-un-abuelo.jpg 1224w\" sizes=\"auto, (max-width: 1024px) 100vw, 1024px\" \/><\/figure>\n\n\n\n<h2 class=\"wp-block-heading\">Qu\u00e8 \u00e9s Adopta Un Avi?<\/h2>\n\n\n\n<p><a href=\"https:\/\/addinformatica.com\/noticias\/adopta-un-abuelo\/\"><strong>Adopta Un Avi<\/strong><\/a><strong><u> <\/u><\/strong><a href=\"https:\/\/addinformatica.com\/noticias\/adopta-un-abuelo\/\">neix l&#8217;any 2014, <\/a>amb el prop\u00f2sit de connectar persones grans que es troben sols amb <strong>joves voluntaris disposats a donar-los l&#8217;atenci\u00f3 que necessiten i que mereixen <\/strong>per fer-los sentir estimats, escoltats i acompanyats.<\/p>\n\n\n\n<p>Ara b\u00e9, hi ha una s\u00e8rie de valors, conceptes, motivacions i estrat\u00e8gies clau que donen m\u00e9s profunditat i pes a la iniciativa:<\/p>\n\n\n\n<ul class=\"wp-block-list\">\n<li>Un dels principals \u00e9s el concepte de <a href=\"https:\/\/addinformatica.com\/noticias\/conoce-los-beneficios-de-la-convivencia-intergeneracional\/\"><strong>conviv\u00e8ncia intergeneracional i tots els beneficis que aporta <\/strong><\/a>, no nom\u00e9s als grans, sin\u00f3 tamb\u00e9 als joves que troben en aquestes activitats models a seguir i un valu\u00f3s intercanvi de coneixements.<\/li>\n\n\n\n<li><strong>Rendir tribut <\/strong>i donar a la gent gran el lloc que mereixen.<\/li>\n\n\n\n<li>Crear <strong>experi\u00e8ncies transformadores <\/strong>que impactin totes les persones (joves i grans) involucrades en les activitats.<\/li>\n\n\n\n<li>Desenvolupar i <strong>posar la tecnologia al servei del benestar de la gent gran, <\/strong>convertint-les en eines fonamentals per a la connexi\u00f3 intergeneracional.<\/li>\n<\/ul>\n\n\n\n<p>Sota aquestes premisses, <strong>Adopta Un Avi <\/strong>ha desenvolupat algunes accions que, sens dubte, han deixat una empremta preciosa que ha marcat qui viu aquesta experi\u00e8ncia. Entre elles destaquen cartes de Nadal, Somnis, activitats i esdeveniments d&#8217;acompanyament setmanal i un programa de donacions per als qui no tenen temps de participar de manera presencial.<\/p>\n\n\n\n<h3 class=\"wp-block-heading\">Com ajuda l&#8217;organitzaci\u00f3 a trav\u00e9s dels padrinatges?<\/h3>\n\n\n\n<p>El voluntariat \u00e9s un actiu molt valu\u00f3s dins de l&#8217;organitzaci\u00f3. <strong>Actualment, sumen m\u00e9s de 9.600 voluntaris <\/strong>que deixen un impacte positiu en la gent gran a trav\u00e9s del voluntariat en l\u00ednia i el voluntariat presencial.<\/p>\n\n\n\n<p><strong>Convertir-se en part d&#8217;Adopta Un Avi \u00e9s senzill: <\/strong>primer et registres a la seva <a href=\"https:\/\/adoptaunabuelo.org\/2021\/10\/04\/lanzamiento-nueva-app\/\"><strong>APP <\/strong><\/a>, el seg\u00fcent pas seria el match amb un avi\/a, \u00e9s a dir, l&#8217;assignaci\u00f3 de l&#8217;avi\/a a cada persona, i despr\u00e9s d&#8217;aix\u00f2, ja comen\u00e7aria el voluntariat.<\/p>\n\n\n\n<p>Com podeu veure, \u00e9s tot un proc\u00e9s en qu\u00e8 es fomenta el comprom\u00eds i se sensibilitza sobre la import\u00e0ncia d&#8217;aquest intercanvi d&#8217;experi\u00e8ncies i coneixements.<\/p>\n\n\n\n<figure class=\"wp-block-image aligncenter size-large\"><img loading=\"lazy\" decoding=\"async\" width=\"1024\" height=\"482\" src=\"https:\/\/addinformatica.com\/wp-content\/uploads\/2024\/10\/abuelos-hackers-tecnologia-alcance-mayores-1024x482.jpg\" alt=\"avis-hackers-la-tecnologia-al-abast-dels-majors\" class=\"wp-image-35128\" srcset=\"https:\/\/addinformatica.com\/wp-content\/uploads\/2024\/10\/abuelos-hackers-tecnologia-alcance-mayores-1024x482.jpg 1024w, https:\/\/addinformatica.com\/wp-content\/uploads\/2024\/10\/abuelos-hackers-tecnologia-alcance-mayores-300x141.jpg 300w, https:\/\/addinformatica.com\/wp-content\/uploads\/2024\/10\/abuelos-hackers-tecnologia-alcance-mayores-768x361.jpg 768w, https:\/\/addinformatica.com\/wp-content\/uploads\/2024\/10\/abuelos-hackers-tecnologia-alcance-mayores.jpg 1224w\" sizes=\"auto, (max-width: 1024px) 100vw, 1024px\" \/><\/figure>\n\n\n\n<h2 class=\"wp-block-heading\">Avis Hackers, la tecnologia com a eina per connectar generacions<\/h2>\n\n\n\n<p><strong>La tecnologia ha jugat un rol fonamental <\/strong>perqu\u00e8 Adopta Un Avi assoleixi els seus objectius. Per exemple, han desenvolupat la seva pr\u00f2pia APP de coordinar trobades cara a cara (dins de les institucions o sortides), i tamb\u00e9 trobades virtuals dins de l&#8217;aplicaci\u00f3, que inclouen trucades i videotrucades.<\/p>\n\n\n\n<p>Per\u00f2 Adopta Un Avi ha decidit anar m\u00e9s enll\u00e0 amb la seva proposta i ha portat endavant el <strong>projecte Avis Hackers, <\/strong>amb qu\u00e8 busquen <strong>superar o reduir <\/strong><a href=\"https:\/\/addinformatica.com\/noticias\/brecha-digital-desafios-del-acceso-a-internet-para-las-personas-mayores\/\"><strong>les barreres que limiten l&#8217;acc\u00e9s de la gent gran a les noves tecnologies i<\/strong><strong> <\/strong><strong>a internet <\/strong><\/a><strong>. <\/strong>Com ho han fet? A trav\u00e9s de nombrosos tallers on se centren en:<\/p>\n\n\n\n<ul class=\"wp-block-list\">\n<li><strong>Orientar <\/strong>la generaci\u00f3 de gent gran sobre l&#8217;\u00fas de les eines digitals. Des d&#8217;ensenyar-los a enviar notes de veu, fins a formar-los sobre l&#8217;\u00fas de filtres a les xarxes socials.<\/li>\n\n\n\n<li><strong>Promoure una actitud m\u00e9s oberta <\/strong>a l&#8217;\u00fas de les noves tecnologies de la comunicaci\u00f3, fomentant la confian\u00e7a al voltant del tema i combatent els prejudicis o la por de cometre errors.<\/li>\n\n\n\n<li><strong>Resoldre <\/strong>tots els dubtes que puguin arribar a entorpir la interacci\u00f3 amb les eines tecnol\u00f2giques.<\/li>\n\n\n\n<li>Fomentar <strong>xarxes de suport <\/strong>en qu\u00e8 s&#8217;han involucrat nombroses empreses privades, fundacions, resid\u00e8ncies i centres d&#8217;atenci\u00f3 a la persona gran.<\/li>\n<\/ul>\n\n\n\n<p>Tot aix\u00f2 en un ambient am\u00e8 i de diversi\u00f3. Cada taller \u00e9s una celebraci\u00f3 en qu\u00e8 es gaudeix i apr\u00e8n alhora. No obstant aix\u00f2, una altra conseq\u00fc\u00e8ncia important del projecte \u00e9s que es visibilitza i se sensibilitza sobre la import\u00e0ncia de la <strong>inclusi\u00f3 de la gent gran en una societat cada cop m\u00e9s digitalitzada.<\/strong><\/p>\n\n\n\n<figure class=\"wp-block-image aligncenter size-large\"><img loading=\"lazy\" decoding=\"async\" width=\"1024\" height=\"482\" src=\"https:\/\/addinformatica.com\/wp-content\/uploads\/2024\/10\/abuelo-hackers-inclusion-mayores-sociedad-digitalizada-1024x482.jpg\" alt=\"avi-hackers-inclusio-dels-majors-en-una-societat-cada-veu-mes-digitalitzada\" class=\"wp-image-35126\" srcset=\"https:\/\/addinformatica.com\/wp-content\/uploads\/2024\/10\/abuelo-hackers-inclusion-mayores-sociedad-digitalizada-1024x482.jpg 1024w, https:\/\/addinformatica.com\/wp-content\/uploads\/2024\/10\/abuelo-hackers-inclusion-mayores-sociedad-digitalizada-300x141.jpg 300w, https:\/\/addinformatica.com\/wp-content\/uploads\/2024\/10\/abuelo-hackers-inclusion-mayores-sociedad-digitalizada-768x361.jpg 768w, https:\/\/addinformatica.com\/wp-content\/uploads\/2024\/10\/abuelo-hackers-inclusion-mayores-sociedad-digitalizada.jpg 1224w\" sizes=\"auto, (max-width: 1024px) 100vw, 1024px\" \/><\/figure>\n\n\n\n<h2 class=\"wp-block-heading\">Tecnologia i voluntat al servei dels nostres majors<\/h2>\n\n\n\n<p>Actualment, s\u00f3n moltes les persones grans que han estat \u201cadoptades\u201d i impactades per les iniciatives portades endavant per Adopta Un Avi, activitats senzilles per\u00f2 molt contundents.<\/p>\n\n\n\n<p>La inversi\u00f3 m\u00e9s important del projecte ha estat la voluntat i, sens dubte, la tecnologia ha estat de molt valor i la millor aliada per <strong>generar i enfortir els vincles intergeneracionals necessaris <\/strong>per millorar la qualitat de vida i afavorir el benestar dels nostres majors.<\/p>\n\n\n\n<p>Unim-nos a aquesta iniciativa i fem que se sentin valorats els nostres grans!<\/p>\n","protected":false},"excerpt":{"rendered":"<p>D&#8217;acord amb dades aportades per l&#8217;Organitzaci\u00f3 Mundial de la Salut (OMS), la poblaci\u00f3 de persones m\u00e9s grans de seixanta anys es duplicar\u00e0 per a l&#8217;any 2050 i arribar\u00e0 als 2.100 milions, mentre que la poblaci\u00f3 de persones de 80 anys o m\u00e9s es triplicar\u00e0 i arribar\u00e0 a 426 milions. Aquestes xifres representen tot un desafiament, [&#8230;]\n","protected":false},"author":1,"featured_media":35132,"comment_status":"closed","ping_status":"open","sticky":false,"template":"","format":"standard","meta":{"_acf_changed":false,"footnotes":""},"categories":[298],"tags":[],"video-cat":[],"class_list":["post-35509","post","type-post","status-publish","format-standard","has-post-thumbnail","hentry","category-noticies"],"acf":[],"yoast_head":"<!-- This site is optimized with the Yoast SEO plugin v27.4 - https:\/\/yoast.com\/product\/yoast-seo-wordpress\/ -->\n<title>Adopta Un Avi: aprofita al m\u00e0xim els enlla\u00e7os intergeneracionals i la tecnologia - ResiPlus<\/title>\n<meta name=\"robots\" content=\"index, follow, max-snippet:-1, max-image-preview:large, max-video-preview:-1\" \/>\n<link rel=\"canonical\" href=\"https:\/\/addinformatica.com\/noticias\/adopta-un-abuelo-aprovecha-al-maximo-los-vinculos-intergeneracionales-y-la-tecnologia\/\" \/>\n<meta property=\"og:locale\" content=\"ca_ES\" \/>\n<meta property=\"og:type\" content=\"article\" \/>\n<meta property=\"og:title\" content=\"Adopta Un Avi: aprofita al m\u00e0xim els enlla\u00e7os intergeneracionals i la tecnologia - ResiPlus\" \/>\n<meta property=\"og:description\" content=\"D&#8217;acord amb dades aportades per l&#8217;Organitzaci\u00f3 Mundial de la Salut (OMS), la poblaci\u00f3 de persones m\u00e9s grans de seixanta anys es duplicar\u00e0 per a l&#8217;any 2050 i arribar\u00e0 als 2.100 milions, mentre que la poblaci\u00f3 de persones de 80 anys o m\u00e9s es triplicar\u00e0 i arribar\u00e0 a 426 milions. Aquestes xifres representen tot un desafiament, [...]\" \/>\n<meta property=\"og:url\" content=\"https:\/\/addinformatica.com\/noticias\/adopta-un-abuelo-aprovecha-al-maximo-los-vinculos-intergeneracionales-y-la-tecnologia\/\" \/>\n<meta property=\"og:site_name\" content=\"ResiPlus\" \/>\n<meta property=\"article:published_time\" content=\"2024-10-15T08:00:00+00:00\" \/>\n<meta property=\"og:image\" content=\"https:\/\/addinformatica.com\/wp-content\/uploads\/2024\/10\/que-es-adopta-un-abuelo.jpg\" \/>\n\t<meta property=\"og:image:width\" content=\"1224\" \/>\n\t<meta property=\"og:image:height\" content=\"576\" \/>\n\t<meta property=\"og:image:type\" content=\"image\/jpeg\" \/>\n<meta name=\"author\" content=\"ADD_es_admin\" \/>\n<meta name=\"twitter:card\" content=\"summary_large_image\" \/>\n<meta name=\"twitter:label1\" content=\"Escrit per\" \/>\n\t<meta name=\"twitter:data1\" content=\"ADD_es_admin\" \/>\n\t<meta name=\"twitter:label2\" content=\"Temps estimat de lectura\" \/>\n\t<meta name=\"twitter:data2\" content=\"5 minuts\" \/>\n<script type=\"application\/ld+json\" class=\"yoast-schema-graph\">{\"@context\":\"https:\\\/\\\/schema.org\",\"@graph\":[{\"@type\":\"Article\",\"@id\":\"https:\\\/\\\/addinformatica.com\\\/noticias\\\/adopta-un-abuelo-aprovecha-al-maximo-los-vinculos-intergeneracionales-y-la-tecnologia\\\/#article\",\"isPartOf\":{\"@id\":\"https:\\\/\\\/addinformatica.com\\\/noticias\\\/adopta-un-abuelo-aprovecha-al-maximo-los-vinculos-intergeneracionales-y-la-tecnologia\\\/\"},\"author\":{\"name\":\"ADD_es_admin\",\"@id\":\"https:\\\/\\\/addinformatica.com\\\/#\\\/schema\\\/person\\\/063f1036d6af39f34b17382e1b7fdd24\"},\"headline\":\"Adopta Un Avi: aprofita al m\u00e0xim els enlla\u00e7os intergeneracionals i la tecnologia\",\"datePublished\":\"2024-10-15T08:00:00+00:00\",\"mainEntityOfPage\":{\"@id\":\"https:\\\/\\\/addinformatica.com\\\/noticias\\\/adopta-un-abuelo-aprovecha-al-maximo-los-vinculos-intergeneracionales-y-la-tecnologia\\\/\"},\"wordCount\":848,\"image\":{\"@id\":\"https:\\\/\\\/addinformatica.com\\\/noticias\\\/adopta-un-abuelo-aprovecha-al-maximo-los-vinculos-intergeneracionales-y-la-tecnologia\\\/#primaryimage\"},\"thumbnailUrl\":\"https:\\\/\\\/addinformatica.com\\\/wp-content\\\/uploads\\\/2024\\\/10\\\/que-es-adopta-un-abuelo.jpg\",\"articleSection\":[\"Noticies\"],\"inLanguage\":\"ca\"},{\"@type\":\"WebPage\",\"@id\":\"https:\\\/\\\/addinformatica.com\\\/noticias\\\/adopta-un-abuelo-aprovecha-al-maximo-los-vinculos-intergeneracionales-y-la-tecnologia\\\/\",\"url\":\"https:\\\/\\\/addinformatica.com\\\/noticias\\\/adopta-un-abuelo-aprovecha-al-maximo-los-vinculos-intergeneracionales-y-la-tecnologia\\\/\",\"name\":\"Adopta Un Avi: aprofita al m\u00e0xim els enlla\u00e7os intergeneracionals i la tecnologia - ResiPlus\",\"isPartOf\":{\"@id\":\"https:\\\/\\\/addinformatica.com\\\/#website\"},\"primaryImageOfPage\":{\"@id\":\"https:\\\/\\\/addinformatica.com\\\/noticias\\\/adopta-un-abuelo-aprovecha-al-maximo-los-vinculos-intergeneracionales-y-la-tecnologia\\\/#primaryimage\"},\"image\":{\"@id\":\"https:\\\/\\\/addinformatica.com\\\/noticias\\\/adopta-un-abuelo-aprovecha-al-maximo-los-vinculos-intergeneracionales-y-la-tecnologia\\\/#primaryimage\"},\"thumbnailUrl\":\"https:\\\/\\\/addinformatica.com\\\/wp-content\\\/uploads\\\/2024\\\/10\\\/que-es-adopta-un-abuelo.jpg\",\"datePublished\":\"2024-10-15T08:00:00+00:00\",\"author\":{\"@id\":\"https:\\\/\\\/addinformatica.com\\\/#\\\/schema\\\/person\\\/063f1036d6af39f34b17382e1b7fdd24\"},\"breadcrumb\":{\"@id\":\"https:\\\/\\\/addinformatica.com\\\/noticias\\\/adopta-un-abuelo-aprovecha-al-maximo-los-vinculos-intergeneracionales-y-la-tecnologia\\\/#breadcrumb\"},\"inLanguage\":\"ca\",\"potentialAction\":[{\"@type\":\"ReadAction\",\"target\":[\"https:\\\/\\\/addinformatica.com\\\/noticias\\\/adopta-un-abuelo-aprovecha-al-maximo-los-vinculos-intergeneracionales-y-la-tecnologia\\\/\"]}]},{\"@type\":\"ImageObject\",\"inLanguage\":\"ca\",\"@id\":\"https:\\\/\\\/addinformatica.com\\\/noticias\\\/adopta-un-abuelo-aprovecha-al-maximo-los-vinculos-intergeneracionales-y-la-tecnologia\\\/#primaryimage\",\"url\":\"https:\\\/\\\/addinformatica.com\\\/wp-content\\\/uploads\\\/2024\\\/10\\\/que-es-adopta-un-abuelo.jpg\",\"contentUrl\":\"https:\\\/\\\/addinformatica.com\\\/wp-content\\\/uploads\\\/2024\\\/10\\\/que-es-adopta-un-abuelo.jpg\",\"width\":1224,\"height\":576},{\"@type\":\"BreadcrumbList\",\"@id\":\"https:\\\/\\\/addinformatica.com\\\/noticias\\\/adopta-un-abuelo-aprovecha-al-maximo-los-vinculos-intergeneracionales-y-la-tecnologia\\\/#breadcrumb\",\"itemListElement\":[{\"@type\":\"ListItem\",\"position\":1,\"name\":\"Portada\",\"item\":\"https:\\\/\\\/addinformatica.com\\\/ca\\\/\"},{\"@type\":\"ListItem\",\"position\":2,\"name\":\"Adopta Un Avi: aprofita al m\u00e0xim els enlla\u00e7os intergeneracionals i la tecnologia\"}]},{\"@type\":\"WebSite\",\"@id\":\"https:\\\/\\\/addinformatica.com\\\/#website\",\"url\":\"https:\\\/\\\/addinformatica.com\\\/\",\"name\":\"ResiPlus\",\"description\":\"Software de gesti\u00f3n de residencias, centros de d\u00eda y discapacitados | ResiPlus\",\"potentialAction\":[{\"@type\":\"SearchAction\",\"target\":{\"@type\":\"EntryPoint\",\"urlTemplate\":\"https:\\\/\\\/addinformatica.com\\\/?s={search_term_string}\"},\"query-input\":{\"@type\":\"PropertyValueSpecification\",\"valueRequired\":true,\"valueName\":\"search_term_string\"}}],\"inLanguage\":\"ca\"},{\"@type\":\"Person\",\"@id\":\"https:\\\/\\\/addinformatica.com\\\/#\\\/schema\\\/person\\\/063f1036d6af39f34b17382e1b7fdd24\",\"name\":\"ADD_es_admin\",\"image\":{\"@type\":\"ImageObject\",\"inLanguage\":\"ca\",\"@id\":\"https:\\\/\\\/secure.gravatar.com\\\/avatar\\\/f24b1ca4e9d4f6821988e85d4d11d5a5a70c73477e7bd56eb713e4abc2e4ab23?s=96&d=mm&r=g\",\"url\":\"https:\\\/\\\/secure.gravatar.com\\\/avatar\\\/f24b1ca4e9d4f6821988e85d4d11d5a5a70c73477e7bd56eb713e4abc2e4ab23?s=96&d=mm&r=g\",\"contentUrl\":\"https:\\\/\\\/secure.gravatar.com\\\/avatar\\\/f24b1ca4e9d4f6821988e85d4d11d5a5a70c73477e7bd56eb713e4abc2e4ab23?s=96&d=mm&r=g\",\"caption\":\"ADD_es_admin\"},\"sameAs\":[\"https:\\\/\\\/resiplus.dagocreativo.com\"],\"url\":\"https:\\\/\\\/addinformatica.com\\\/ca\\\/author\\\/add_es_admin\\\/\"}]}<\/script>\n<!-- \/ Yoast SEO plugin. -->","yoast_head_json":{"title":"Adopta Un Avi: aprofita al m\u00e0xim els enlla\u00e7os intergeneracionals i la tecnologia - ResiPlus","robots":{"index":"index","follow":"follow","max-snippet":"max-snippet:-1","max-image-preview":"max-image-preview:large","max-video-preview":"max-video-preview:-1"},"canonical":"https:\/\/addinformatica.com\/noticias\/adopta-un-abuelo-aprovecha-al-maximo-los-vinculos-intergeneracionales-y-la-tecnologia\/","og_locale":"ca_ES","og_type":"article","og_title":"Adopta Un Avi: aprofita al m\u00e0xim els enlla\u00e7os intergeneracionals i la tecnologia - ResiPlus","og_description":"D&#8217;acord amb dades aportades per l&#8217;Organitzaci\u00f3 Mundial de la Salut (OMS), la poblaci\u00f3 de persones m\u00e9s grans de seixanta anys es duplicar\u00e0 per a l&#8217;any 2050 i arribar\u00e0 als 2.100 milions, mentre que la poblaci\u00f3 de persones de 80 anys o m\u00e9s es triplicar\u00e0 i arribar\u00e0 a 426 milions. Aquestes xifres representen tot un desafiament, [...]","og_url":"https:\/\/addinformatica.com\/noticias\/adopta-un-abuelo-aprovecha-al-maximo-los-vinculos-intergeneracionales-y-la-tecnologia\/","og_site_name":"ResiPlus","article_published_time":"2024-10-15T08:00:00+00:00","og_image":[{"width":1224,"height":576,"url":"https:\/\/addinformatica.com\/wp-content\/uploads\/2024\/10\/que-es-adopta-un-abuelo.jpg","type":"image\/jpeg"}],"author":"ADD_es_admin","twitter_card":"summary_large_image","twitter_misc":{"Escrit per":"ADD_es_admin","Temps estimat de lectura":"5 minuts"},"schema":{"@context":"https:\/\/schema.org","@graph":[{"@type":"Article","@id":"https:\/\/addinformatica.com\/noticias\/adopta-un-abuelo-aprovecha-al-maximo-los-vinculos-intergeneracionales-y-la-tecnologia\/#article","isPartOf":{"@id":"https:\/\/addinformatica.com\/noticias\/adopta-un-abuelo-aprovecha-al-maximo-los-vinculos-intergeneracionales-y-la-tecnologia\/"},"author":{"name":"ADD_es_admin","@id":"https:\/\/addinformatica.com\/#\/schema\/person\/063f1036d6af39f34b17382e1b7fdd24"},"headline":"Adopta Un Avi: aprofita al m\u00e0xim els enlla\u00e7os intergeneracionals i la tecnologia","datePublished":"2024-10-15T08:00:00+00:00","mainEntityOfPage":{"@id":"https:\/\/addinformatica.com\/noticias\/adopta-un-abuelo-aprovecha-al-maximo-los-vinculos-intergeneracionales-y-la-tecnologia\/"},"wordCount":848,"image":{"@id":"https:\/\/addinformatica.com\/noticias\/adopta-un-abuelo-aprovecha-al-maximo-los-vinculos-intergeneracionales-y-la-tecnologia\/#primaryimage"},"thumbnailUrl":"https:\/\/addinformatica.com\/wp-content\/uploads\/2024\/10\/que-es-adopta-un-abuelo.jpg","articleSection":["Noticies"],"inLanguage":"ca"},{"@type":"WebPage","@id":"https:\/\/addinformatica.com\/noticias\/adopta-un-abuelo-aprovecha-al-maximo-los-vinculos-intergeneracionales-y-la-tecnologia\/","url":"https:\/\/addinformatica.com\/noticias\/adopta-un-abuelo-aprovecha-al-maximo-los-vinculos-intergeneracionales-y-la-tecnologia\/","name":"Adopta Un Avi: aprofita al m\u00e0xim els enlla\u00e7os intergeneracionals i la tecnologia - ResiPlus","isPartOf":{"@id":"https:\/\/addinformatica.com\/#website"},"primaryImageOfPage":{"@id":"https:\/\/addinformatica.com\/noticias\/adopta-un-abuelo-aprovecha-al-maximo-los-vinculos-intergeneracionales-y-la-tecnologia\/#primaryimage"},"image":{"@id":"https:\/\/addinformatica.com\/noticias\/adopta-un-abuelo-aprovecha-al-maximo-los-vinculos-intergeneracionales-y-la-tecnologia\/#primaryimage"},"thumbnailUrl":"https:\/\/addinformatica.com\/wp-content\/uploads\/2024\/10\/que-es-adopta-un-abuelo.jpg","datePublished":"2024-10-15T08:00:00+00:00","author":{"@id":"https:\/\/addinformatica.com\/#\/schema\/person\/063f1036d6af39f34b17382e1b7fdd24"},"breadcrumb":{"@id":"https:\/\/addinformatica.com\/noticias\/adopta-un-abuelo-aprovecha-al-maximo-los-vinculos-intergeneracionales-y-la-tecnologia\/#breadcrumb"},"inLanguage":"ca","potentialAction":[{"@type":"ReadAction","target":["https:\/\/addinformatica.com\/noticias\/adopta-un-abuelo-aprovecha-al-maximo-los-vinculos-intergeneracionales-y-la-tecnologia\/"]}]},{"@type":"ImageObject","inLanguage":"ca","@id":"https:\/\/addinformatica.com\/noticias\/adopta-un-abuelo-aprovecha-al-maximo-los-vinculos-intergeneracionales-y-la-tecnologia\/#primaryimage","url":"https:\/\/addinformatica.com\/wp-content\/uploads\/2024\/10\/que-es-adopta-un-abuelo.jpg","contentUrl":"https:\/\/addinformatica.com\/wp-content\/uploads\/2024\/10\/que-es-adopta-un-abuelo.jpg","width":1224,"height":576},{"@type":"BreadcrumbList","@id":"https:\/\/addinformatica.com\/noticias\/adopta-un-abuelo-aprovecha-al-maximo-los-vinculos-intergeneracionales-y-la-tecnologia\/#breadcrumb","itemListElement":[{"@type":"ListItem","position":1,"name":"Portada","item":"https:\/\/addinformatica.com\/ca\/"},{"@type":"ListItem","position":2,"name":"Adopta Un Avi: aprofita al m\u00e0xim els enlla\u00e7os intergeneracionals i la tecnologia"}]},{"@type":"WebSite","@id":"https:\/\/addinformatica.com\/#website","url":"https:\/\/addinformatica.com\/","name":"ResiPlus","description":"Software de gesti\u00f3n de residencias, centros de d\u00eda y discapacitados | ResiPlus","potentialAction":[{"@type":"SearchAction","target":{"@type":"EntryPoint","urlTemplate":"https:\/\/addinformatica.com\/?s={search_term_string}"},"query-input":{"@type":"PropertyValueSpecification","valueRequired":true,"valueName":"search_term_string"}}],"inLanguage":"ca"},{"@type":"Person","@id":"https:\/\/addinformatica.com\/#\/schema\/person\/063f1036d6af39f34b17382e1b7fdd24","name":"ADD_es_admin","image":{"@type":"ImageObject","inLanguage":"ca","@id":"https:\/\/secure.gravatar.com\/avatar\/f24b1ca4e9d4f6821988e85d4d11d5a5a70c73477e7bd56eb713e4abc2e4ab23?s=96&d=mm&r=g","url":"https:\/\/secure.gravatar.com\/avatar\/f24b1ca4e9d4f6821988e85d4d11d5a5a70c73477e7bd56eb713e4abc2e4ab23?s=96&d=mm&r=g","contentUrl":"https:\/\/secure.gravatar.com\/avatar\/f24b1ca4e9d4f6821988e85d4d11d5a5a70c73477e7bd56eb713e4abc2e4ab23?s=96&d=mm&r=g","caption":"ADD_es_admin"},"sameAs":["https:\/\/resiplus.dagocreativo.com"],"url":"https:\/\/addinformatica.com\/ca\/author\/add_es_admin\/"}]}},"_links":{"self":[{"href":"https:\/\/addinformatica.com\/ca\/wp-json\/wp\/v2\/posts\/35509","targetHints":{"allow":["GET"]}}],"collection":[{"href":"https:\/\/addinformatica.com\/ca\/wp-json\/wp\/v2\/posts"}],"about":[{"href":"https:\/\/addinformatica.com\/ca\/wp-json\/wp\/v2\/types\/post"}],"author":[{"embeddable":true,"href":"https:\/\/addinformatica.com\/ca\/wp-json\/wp\/v2\/users\/1"}],"replies":[{"embeddable":true,"href":"https:\/\/addinformatica.com\/ca\/wp-json\/wp\/v2\/comments?post=35509"}],"version-history":[{"count":0,"href":"https:\/\/addinformatica.com\/ca\/wp-json\/wp\/v2\/posts\/35509\/revisions"}],"wp:featuredmedia":[{"embeddable":true,"href":"https:\/\/addinformatica.com\/ca\/wp-json\/wp\/v2\/media\/35132"}],"wp:attachment":[{"href":"https:\/\/addinformatica.com\/ca\/wp-json\/wp\/v2\/media?parent=35509"}],"wp:term":[{"taxonomy":"category","embeddable":true,"href":"https:\/\/addinformatica.com\/ca\/wp-json\/wp\/v2\/categories?post=35509"},{"taxonomy":"post_tag","embeddable":true,"href":"https:\/\/addinformatica.com\/ca\/wp-json\/wp\/v2\/tags?post=35509"},{"taxonomy":"video-cat","embeddable":true,"href":"https:\/\/addinformatica.com\/ca\/wp-json\/wp\/v2\/video-cat?post=35509"}],"curies":[{"name":"wp","href":"https:\/\/api.w.org\/{rel}","templated":true}]}}