{"id":32594,"date":"2024-06-07T05:16:59","date_gmt":"2024-06-07T05:16:59","guid":{"rendered":"https:\/\/addinformatica.com\/sense-categoria\/de-que-modo-se-garantiza-el-derecho-a-ser-cuidado-y-protegido\/"},"modified":"2024-06-11T06:50:30","modified_gmt":"2024-06-11T06:50:30","slug":"de-quina-manera-es-garanteix-el-dret-a-ser-cuidat-i-protegit","status":"publish","type":"post","link":"https:\/\/addinformatica.com\/ca\/noticies\/de-quina-manera-es-garanteix-el-dret-a-ser-cuidat-i-protegit\/","title":{"rendered":"De quina manera es garanteix el dret a ser cuidat i protegit?"},"content":{"rendered":"\n<figure class=\"wp-block-image aligncenter size-large\"><img loading=\"lazy\" decoding=\"async\" width=\"1024\" height=\"683\" src=\"https:\/\/addinformatica.com\/wp-content\/uploads\/2024\/06\/derecho-a-ser-cuidado-y-protegido-1024x683.jpg\" alt=\"dret-a-ser-cuidat-i-protegit\" class=\"wp-image-32577\" srcset=\"https:\/\/addinformatica.com\/wp-content\/uploads\/2024\/06\/derecho-a-ser-cuidado-y-protegido-1024x683.jpg 1024w, https:\/\/addinformatica.com\/wp-content\/uploads\/2024\/06\/derecho-a-ser-cuidado-y-protegido-300x200.jpg 300w, https:\/\/addinformatica.com\/wp-content\/uploads\/2024\/06\/derecho-a-ser-cuidado-y-protegido-768x512.jpg 768w, https:\/\/addinformatica.com\/wp-content\/uploads\/2024\/06\/derecho-a-ser-cuidado-y-protegido.jpg 1200w\" sizes=\"auto, (max-width: 1024px) 100vw, 1024px\" \/><\/figure>\n\n\n\n<p>Hi ha sectors de la poblaci\u00f3 que s\u00f3n una mica m\u00e9s vulnerables, ja sigui per la seva edat o per alguna condici\u00f3 especial, f\u00edsica o mental. Per a ells resulta m\u00e9s complex realitzar les activitats quotidianes de la vida sense l&#8217;assist\u00e8ncia adequada, i \u00e9s indispensable la seva <strong>protecci\u00f3 i cura <\/strong>.<\/p>\n\n\n\n<p>Ara b\u00e9, <strong>de quina manera es garanteix el dret a ser cuidat i protegit? <\/strong>Aquesta \u00e9s una pregunta interessant a la qual pretenem donar resposta des d&#8217;una perspectiva social, jur\u00eddica i tamb\u00e9 emp\u00e0tica, ja que dins d&#8217;una societat en desenvolupament com <strong>Espanya <\/strong>hi ha normes que insten la poblaci\u00f3 a protegir els nens, persones grans i discapacitats com a sectors m\u00e9s vulnerables. Aix\u00f2 no obstant, es tracta d&#8217;un valor que s&#8217;ha de cultivar des de diversos sectors, familiars, educatius i socials, estenent-se a la poblaci\u00f3 en general.<\/p>\n\n\n\n<p>T&#8217;interessa con\u00e8ixer tot el que implica aquest dret i qu\u00e8 has de fer per posar el teu granet de sorra? Continua llegint!<\/p>\n\n\n\n<h2 class=\"wp-block-heading\">Qu\u00e8 \u00e9s el dret a la protecci\u00f3 i la cura?<\/h2>\n\n\n\n<p>Hi ha moments en les etapes del desenvolupament hum\u00e0 en qu\u00e8 \u00e9s m\u00e9s fr\u00e0gil i en aquestes \u00e8poques es requereix un <strong>bon sistema de protecci\u00f3 i cura que garanteixi el benestar general.<\/strong><\/p>\n\n\n\n<p>En un sentit ampli, el dret a la protecci\u00f3 engloba un conjunt de <strong>garanties, atencions i projectes <\/strong>destinats a crear un estat de seguretat i resguard per a tots els ciutadans d\u2019una naci\u00f3, per\u00f2 especialment per als m\u00e9s necessitats, entre els quals destaquen <strong>nens, adults majors i persones amb alguna discapacitat <\/strong>.<\/p>\n\n\n\n<h2 class=\"wp-block-heading\">Garantia de protecci\u00f3 i cura a les nostres lleis<\/h2>\n\n\n\n<p><strong>El dret a la protecci\u00f3 ia la cura est\u00e0 considerat un dret hum\u00e0 fonamental, <\/strong>i es refereix a l&#8217;obligaci\u00f3 dels pa\u00efsos i de la societat en general de garantir que totes les persones estiguin segures i que siguin ateses adequadament.<\/p>\n\n\n\n<p>Aquest dret es reconeix en diversos instruments normatius de car\u00e0cter nacional i internacional com la Declaraci\u00f3 Universal dels Drets Humans, la Constituci\u00f3 Espanyola i la Convenci\u00f3 sobre els Drets dels Infants.<\/p>\n\n\n\n<p>Ara b\u00e9, per tractar-se d&#8217;un dret ampli, abasta una s\u00e8rie d&#8217;aspectes com l&#8217;assist\u00e8ncia m\u00e8dica, l&#8217;educaci\u00f3, l&#8217;alimentaci\u00f3, l&#8217;habitatge, etc., els factors que determinen, en definitiva, el benestar general de la poblaci\u00f3 i especialment dels m\u00e9s fr\u00e0gils, per la qual cosa s\u00f3n desenvolupats de manera m\u00e9s profunda en m\u00faltiples instruments legals.<\/p>\n\n\n\n<figure class=\"wp-block-image aligncenter size-large\"><img loading=\"lazy\" decoding=\"async\" width=\"1024\" height=\"684\" src=\"https:\/\/addinformatica.com\/wp-content\/uploads\/2024\/06\/que-se-debe-hacer-para-garantizar-el-derecho-a-ser-cuidado-y-protegido-1024x684.jpg\" alt=\"que-s'ha de-fer-per-garantir-el-dret-a-ser-cuidat-i-protegit\" class=\"wp-image-32579\" srcset=\"https:\/\/addinformatica.com\/wp-content\/uploads\/2024\/06\/que-se-debe-hacer-para-garantizar-el-derecho-a-ser-cuidado-y-protegido-1024x684.jpg 1024w, https:\/\/addinformatica.com\/wp-content\/uploads\/2024\/06\/que-se-debe-hacer-para-garantizar-el-derecho-a-ser-cuidado-y-protegido-300x200.jpg 300w, https:\/\/addinformatica.com\/wp-content\/uploads\/2024\/06\/que-se-debe-hacer-para-garantizar-el-derecho-a-ser-cuidado-y-protegido-768x513.jpg 768w, https:\/\/addinformatica.com\/wp-content\/uploads\/2024\/06\/que-se-debe-hacer-para-garantizar-el-derecho-a-ser-cuidado-y-protegido.jpg 1200w\" sizes=\"auto, (max-width: 1024px) 100vw, 1024px\" \/><\/figure>\n\n\n\n<h2 class=\"wp-block-heading\">Qu\u00e8 cal fer per garantir el dret a ser cuidat i protegit?<\/h2>\n\n\n\n<p>Crear un sistema funcional que garanteixi el dret a la cura i a la protecci\u00f3 dep\u00e8n de tothom.<\/p>\n\n\n\n<p>Inicialment, <strong>parteix de les pol\u00edtiques governamentals <\/strong>que posin a disposici\u00f3 dels usuaris una efectiva xarxa d&#8217;atenci\u00f3 que abasti tots els sectors abans assenyalats, <strong>per\u00f2 tamb\u00e9 requereix del comprom\u00eds social dels ciutadans <\/strong>en general, els qui tenen l&#8217;obligaci\u00f3 de proveir all\u00f2 necessari als seus fills , persones grans i discapacitats.<\/p>\n\n\n\n<p>Per\u00f2, <strong>quina \u00e9s la manera m\u00e9s precisa de garantir aquest dret segons cada sector de la poblaci\u00f3? <\/strong>Vegem-ho:<\/p>\n\n\n\n<h3 class=\"wp-block-heading\">Dret de protecci\u00f3 i cura en els nens<\/h3>\n\n\n\n<p>La inf\u00e0ncia \u00e9s una de les etapes m\u00e9s sensibles de l&#8217;\u00e9sser hum\u00e0 ia causa de les falles constants en mat\u00e8ria d&#8217;educaci\u00f3, planificaci\u00f3 familiar, conformaci\u00f3 de valors i desenvolupament econ\u00f2mic, sorgeixen cada vegada m\u00e9s problemes que transgredeixen els drets infantils i posen en risc els nens , nenes i adolescents del pa\u00eds.<\/p>\n\n\n\n<p>La <a href=\"https:\/\/addinformatica.com\/noticias\/que-significa-pobreza-infantil\/\">pobresa infantil <\/a>, les agressions f\u00edsiques i verbals, la fam, les defici\u00e8ncies del sistema educatiu i del sistema de salut, s\u00f3n alguns dels principals problemes socials que l&#8217;estat ha de resoldre per garantir el dret de protecci\u00f3 i cura dels nens, a m\u00e9s de enfortir els <strong>programes d\u2019alimentaci\u00f3 i assist\u00e8ncia social.<\/strong><\/p>\n\n\n\n<p>De part de la societat en general cal <strong>refor\u00e7ar els valors familiars <\/strong>, planificar i crear xarxes de seguretat infant juvenil que ataquin els problemes des de l&#8217;arrel, procurant un desenvolupament cognitiu, f\u00edsic i emocional ple de les persones des de la inf\u00e0ncia.<\/p>\n\n\n\n<h3 class=\"wp-block-heading\">Dret de protecci\u00f3 i cura a la gent gran i discapacitats<\/h3>\n\n\n\n<p>D\u2019altra banda, cal considerar que les persones en edat avan\u00e7ada s\u00f3n el pilar d\u2019una societat culta i educada, de la mateixa manera, el tracte propiciat als discapacitats denota, en gran mesura, el grau de desenvolupament i evoluci\u00f3 d\u201fun pa\u00eds.<\/p>\n\n\n\n<p>En aquest sentit, ressalta la import\u00e0ncia de <strong>procurar el benestar general de les persones grans i de les persones que pateixen algun tipus de discapacitat <\/strong>, i per a ells, igual que en el cas dels nens, cal garantir una assist\u00e8ncia integral, per\u00f2 a aquest cas enfocat molt m\u00e9s a la salut i a l&#8217;alimentaci\u00f3.<\/p>\n\n\n\n<p>Aix\u00ed, cal recalcar l&#8217;obligaci\u00f3 que t\u00e9 l&#8217;estat de crear vies d&#8217;acc\u00e9s apropiades per a ells, de procurar un acostament m\u00e9s gran dels serveis m\u00e8dics i assistencials, de desenvolupar activitats destinades a millorar les seves condicions f\u00edsiques i mentals, etc.<\/p>\n\n\n\n<p>De la mateixa manera, \u00e9s fonamental la creaci\u00f3 de consci\u00e8ncia per part de la societat, que han de <strong>cultivar valors d&#8217;atenci\u00f3, cura i seguretat <\/strong>per a aquestes persones, <strong>crear sentiments d&#8217;empatia <\/strong>i mantenir una actitud proactiva en benefici dels ciutadans m\u00e9s fr\u00e0gils.<\/p>\n\n\n\n<h3 class=\"wp-block-heading\">Dret de protecci\u00f3 i cura a la poblaci\u00f3 general<\/h3>\n\n\n\n<p>Addicionalment, \u00e9s fonamental fer veure que el dret a la protecci\u00f3 i la cura \u00e9s essencial per als sectors vulnerables, per\u00f2 tamb\u00e9 per a la poblaci\u00f3 en general.<\/p>\n\n\n\n<p>De manera que les <strong>pol\u00edtiques de seguretat, salut, educaci\u00f3, planificaci\u00f3 familiar <\/strong>, entre d&#8217;altres, han de ser realment <strong>integrals<\/strong>, procurant que les persones es desenvolupin plenament i sense mancances en tots els aspectes de la seva vida.<\/p>\n\n\n\n<figure class=\"wp-block-image aligncenter size-large\"><img loading=\"lazy\" decoding=\"async\" width=\"1024\" height=\"681\" src=\"https:\/\/addinformatica.com\/wp-content\/uploads\/2024\/06\/cuidar-y-proteger-es-tarea-de-todos-1024x681.jpg\" alt=\"cuidar-i-protegir-es-tasca-de-tots\" class=\"wp-image-32575\" srcset=\"https:\/\/addinformatica.com\/wp-content\/uploads\/2024\/06\/cuidar-y-proteger-es-tarea-de-todos-1024x681.jpg 1024w, https:\/\/addinformatica.com\/wp-content\/uploads\/2024\/06\/cuidar-y-proteger-es-tarea-de-todos-300x200.jpg 300w, https:\/\/addinformatica.com\/wp-content\/uploads\/2024\/06\/cuidar-y-proteger-es-tarea-de-todos-768x511.jpg 768w, https:\/\/addinformatica.com\/wp-content\/uploads\/2024\/06\/cuidar-y-proteger-es-tarea-de-todos.jpg 1200w\" sizes=\"auto, (max-width: 1024px) 100vw, 1024px\" \/><\/figure>\n\n\n\n<h2 class=\"wp-block-heading\">Cuidar i protegir \u00e9s tasca de tothom<\/h2>\n\n\n\n<p>En definitiva, per garantir el dret a ser cuidat i protegit, les persones d&#8217;una societat han d&#8217;exigir pol\u00edtiques governamentals destinades al desenvolupament integral de sectors com: educaci\u00f3, salut, planificaci\u00f3 familiar, etc.<\/p>\n\n\n\n<p>Per\u00f2, per altra banda, cal comprendre que <strong>cuidar i protegir \u00e9s tasca de tots! <\/strong>Pel que cultivar els valors, respectar les normes, crear sentiments d&#8217;empatia, de consci\u00e8ncia amb els sectors m\u00e9s necessitats, i procurar un desenvolupament integral com a persona que sent les bases d&#8217;una societat educada i capacitada per atendre les insufici\u00e8ncies dels seus, converteixen en tasques indispensables.<\/p>\n\n\n\n<p>Aix\u00ed que, <strong>comen\u00e7a per cuidar i protegir-te de tu mateix i dels teus<\/strong>, per\u00f2 a poc a poc est\u00e9n aquesta seguretat als sectors m\u00e9s vulnerables, aix\u00ed posar\u00e0s el teu granet de sorra.<\/p>\n","protected":false},"excerpt":{"rendered":"<p>Hi ha sectors de la poblaci\u00f3 que s\u00f3n una mica m\u00e9s vulnerables, ja sigui per la seva edat o per alguna condici\u00f3 especial, f\u00edsica o mental. Per a ells resulta m\u00e9s complex realitzar les activitats quotidianes de la vida sense l&#8217;assist\u00e8ncia adequada, i \u00e9s indispensable la seva protecci\u00f3 i cura . Ara b\u00e9, de quina [&#8230;]\n","protected":false},"author":1,"featured_media":32580,"comment_status":"closed","ping_status":"open","sticky":false,"template":"","format":"standard","meta":{"_acf_changed":false,"footnotes":""},"categories":[298],"tags":[],"video-cat":[],"class_list":["post-32594","post","type-post","status-publish","format-standard","has-post-thumbnail","hentry","category-noticies"],"acf":[],"yoast_head":"<!-- This site is optimized with the Yoast SEO plugin v27.4 - https:\/\/yoast.com\/product\/yoast-seo-wordpress\/ -->\n<title>De quina manera es garanteix el dret a ser cuidat i protegit? - ResiPlus<\/title>\n<meta name=\"robots\" content=\"index, follow, max-snippet:-1, max-image-preview:large, max-video-preview:-1\" \/>\n<link rel=\"canonical\" href=\"https:\/\/addinformatica.com\/ca\/noticies\/de-quina-manera-es-garanteix-el-dret-a-ser-cuidat-i-protegit\/\" \/>\n<meta property=\"og:locale\" content=\"ca_ES\" \/>\n<meta property=\"og:type\" content=\"article\" \/>\n<meta property=\"og:title\" content=\"De quina manera es garanteix el dret a ser cuidat i protegit? - ResiPlus\" \/>\n<meta property=\"og:description\" content=\"Hi ha sectors de la poblaci\u00f3 que s\u00f3n una mica m\u00e9s vulnerables, ja sigui per la seva edat o per alguna condici\u00f3 especial, f\u00edsica o mental. Per a ells resulta m\u00e9s complex realitzar les activitats quotidianes de la vida sense l&#8217;assist\u00e8ncia adequada, i \u00e9s indispensable la seva protecci\u00f3 i cura . Ara b\u00e9, de quina [...]\" \/>\n<meta property=\"og:url\" content=\"https:\/\/addinformatica.com\/ca\/noticies\/de-quina-manera-es-garanteix-el-dret-a-ser-cuidat-i-protegit\/\" \/>\n<meta property=\"og:site_name\" content=\"ResiPlus\" \/>\n<meta property=\"article:published_time\" content=\"2024-06-07T05:16:59+00:00\" \/>\n<meta property=\"article:modified_time\" content=\"2024-06-11T06:50:30+00:00\" \/>\n<meta property=\"og:image\" content=\"https:\/\/addinformatica.com\/wp-content\/uploads\/2024\/06\/que-se-debe-hacer-para-garantizar-el-derecho-a-ser-cuidado-y-protegido.jpg\" \/>\n\t<meta property=\"og:image:width\" content=\"1200\" \/>\n\t<meta property=\"og:image:height\" content=\"801\" \/>\n\t<meta property=\"og:image:type\" content=\"image\/jpeg\" \/>\n<meta name=\"author\" content=\"ADD_es_admin\" \/>\n<meta name=\"twitter:card\" content=\"summary_large_image\" \/>\n<meta name=\"twitter:label1\" content=\"Escrit per\" \/>\n\t<meta name=\"twitter:data1\" content=\"ADD_es_admin\" \/>\n\t<meta name=\"twitter:label2\" content=\"Temps estimat de lectura\" \/>\n\t<meta name=\"twitter:data2\" content=\"6 minuts\" \/>\n<script type=\"application\/ld+json\" class=\"yoast-schema-graph\">{\"@context\":\"https:\\\/\\\/schema.org\",\"@graph\":[{\"@type\":\"Article\",\"@id\":\"https:\\\/\\\/addinformatica.com\\\/ca\\\/noticies\\\/de-quina-manera-es-garanteix-el-dret-a-ser-cuidat-i-protegit\\\/#article\",\"isPartOf\":{\"@id\":\"https:\\\/\\\/addinformatica.com\\\/ca\\\/noticies\\\/de-quina-manera-es-garanteix-el-dret-a-ser-cuidat-i-protegit\\\/\"},\"author\":{\"name\":\"ADD_es_admin\",\"@id\":\"https:\\\/\\\/addinformatica.com\\\/#\\\/schema\\\/person\\\/063f1036d6af39f34b17382e1b7fdd24\"},\"headline\":\"De quina manera es garanteix el dret a ser cuidat i protegit?\",\"datePublished\":\"2024-06-07T05:16:59+00:00\",\"dateModified\":\"2024-06-11T06:50:30+00:00\",\"mainEntityOfPage\":{\"@id\":\"https:\\\/\\\/addinformatica.com\\\/ca\\\/noticies\\\/de-quina-manera-es-garanteix-el-dret-a-ser-cuidat-i-protegit\\\/\"},\"wordCount\":1124,\"image\":{\"@id\":\"https:\\\/\\\/addinformatica.com\\\/ca\\\/noticies\\\/de-quina-manera-es-garanteix-el-dret-a-ser-cuidat-i-protegit\\\/#primaryimage\"},\"thumbnailUrl\":\"https:\\\/\\\/addinformatica.com\\\/wp-content\\\/uploads\\\/2024\\\/06\\\/que-se-debe-hacer-para-garantizar-el-derecho-a-ser-cuidado-y-protegido.jpg\",\"articleSection\":[\"Noticies\"],\"inLanguage\":\"ca\"},{\"@type\":\"WebPage\",\"@id\":\"https:\\\/\\\/addinformatica.com\\\/ca\\\/noticies\\\/de-quina-manera-es-garanteix-el-dret-a-ser-cuidat-i-protegit\\\/\",\"url\":\"https:\\\/\\\/addinformatica.com\\\/ca\\\/noticies\\\/de-quina-manera-es-garanteix-el-dret-a-ser-cuidat-i-protegit\\\/\",\"name\":\"De quina manera es garanteix el dret a ser cuidat i protegit? - ResiPlus\",\"isPartOf\":{\"@id\":\"https:\\\/\\\/addinformatica.com\\\/#website\"},\"primaryImageOfPage\":{\"@id\":\"https:\\\/\\\/addinformatica.com\\\/ca\\\/noticies\\\/de-quina-manera-es-garanteix-el-dret-a-ser-cuidat-i-protegit\\\/#primaryimage\"},\"image\":{\"@id\":\"https:\\\/\\\/addinformatica.com\\\/ca\\\/noticies\\\/de-quina-manera-es-garanteix-el-dret-a-ser-cuidat-i-protegit\\\/#primaryimage\"},\"thumbnailUrl\":\"https:\\\/\\\/addinformatica.com\\\/wp-content\\\/uploads\\\/2024\\\/06\\\/que-se-debe-hacer-para-garantizar-el-derecho-a-ser-cuidado-y-protegido.jpg\",\"datePublished\":\"2024-06-07T05:16:59+00:00\",\"dateModified\":\"2024-06-11T06:50:30+00:00\",\"author\":{\"@id\":\"https:\\\/\\\/addinformatica.com\\\/#\\\/schema\\\/person\\\/063f1036d6af39f34b17382e1b7fdd24\"},\"breadcrumb\":{\"@id\":\"https:\\\/\\\/addinformatica.com\\\/ca\\\/noticies\\\/de-quina-manera-es-garanteix-el-dret-a-ser-cuidat-i-protegit\\\/#breadcrumb\"},\"inLanguage\":\"ca\",\"potentialAction\":[{\"@type\":\"ReadAction\",\"target\":[\"https:\\\/\\\/addinformatica.com\\\/ca\\\/noticies\\\/de-quina-manera-es-garanteix-el-dret-a-ser-cuidat-i-protegit\\\/\"]}]},{\"@type\":\"ImageObject\",\"inLanguage\":\"ca\",\"@id\":\"https:\\\/\\\/addinformatica.com\\\/ca\\\/noticies\\\/de-quina-manera-es-garanteix-el-dret-a-ser-cuidat-i-protegit\\\/#primaryimage\",\"url\":\"https:\\\/\\\/addinformatica.com\\\/wp-content\\\/uploads\\\/2024\\\/06\\\/que-se-debe-hacer-para-garantizar-el-derecho-a-ser-cuidado-y-protegido.jpg\",\"contentUrl\":\"https:\\\/\\\/addinformatica.com\\\/wp-content\\\/uploads\\\/2024\\\/06\\\/que-se-debe-hacer-para-garantizar-el-derecho-a-ser-cuidado-y-protegido.jpg\",\"width\":1200,\"height\":801},{\"@type\":\"BreadcrumbList\",\"@id\":\"https:\\\/\\\/addinformatica.com\\\/ca\\\/noticies\\\/de-quina-manera-es-garanteix-el-dret-a-ser-cuidat-i-protegit\\\/#breadcrumb\",\"itemListElement\":[{\"@type\":\"ListItem\",\"position\":1,\"name\":\"Portada\",\"item\":\"https:\\\/\\\/addinformatica.com\\\/ca\\\/\"},{\"@type\":\"ListItem\",\"position\":2,\"name\":\"De quina manera es garanteix el dret a ser cuidat i protegit?\"}]},{\"@type\":\"WebSite\",\"@id\":\"https:\\\/\\\/addinformatica.com\\\/#website\",\"url\":\"https:\\\/\\\/addinformatica.com\\\/\",\"name\":\"ResiPlus\",\"description\":\"Software de gesti\u00f3n de residencias, centros de d\u00eda y discapacitados | ResiPlus\",\"potentialAction\":[{\"@type\":\"SearchAction\",\"target\":{\"@type\":\"EntryPoint\",\"urlTemplate\":\"https:\\\/\\\/addinformatica.com\\\/?s={search_term_string}\"},\"query-input\":{\"@type\":\"PropertyValueSpecification\",\"valueRequired\":true,\"valueName\":\"search_term_string\"}}],\"inLanguage\":\"ca\"},{\"@type\":\"Person\",\"@id\":\"https:\\\/\\\/addinformatica.com\\\/#\\\/schema\\\/person\\\/063f1036d6af39f34b17382e1b7fdd24\",\"name\":\"ADD_es_admin\",\"image\":{\"@type\":\"ImageObject\",\"inLanguage\":\"ca\",\"@id\":\"https:\\\/\\\/secure.gravatar.com\\\/avatar\\\/f24b1ca4e9d4f6821988e85d4d11d5a5a70c73477e7bd56eb713e4abc2e4ab23?s=96&d=mm&r=g\",\"url\":\"https:\\\/\\\/secure.gravatar.com\\\/avatar\\\/f24b1ca4e9d4f6821988e85d4d11d5a5a70c73477e7bd56eb713e4abc2e4ab23?s=96&d=mm&r=g\",\"contentUrl\":\"https:\\\/\\\/secure.gravatar.com\\\/avatar\\\/f24b1ca4e9d4f6821988e85d4d11d5a5a70c73477e7bd56eb713e4abc2e4ab23?s=96&d=mm&r=g\",\"caption\":\"ADD_es_admin\"},\"sameAs\":[\"https:\\\/\\\/resiplus.dagocreativo.com\"],\"url\":\"https:\\\/\\\/addinformatica.com\\\/ca\\\/author\\\/add_es_admin\\\/\"}]}<\/script>\n<!-- \/ Yoast SEO plugin. -->","yoast_head_json":{"title":"De quina manera es garanteix el dret a ser cuidat i protegit? - ResiPlus","robots":{"index":"index","follow":"follow","max-snippet":"max-snippet:-1","max-image-preview":"max-image-preview:large","max-video-preview":"max-video-preview:-1"},"canonical":"https:\/\/addinformatica.com\/ca\/noticies\/de-quina-manera-es-garanteix-el-dret-a-ser-cuidat-i-protegit\/","og_locale":"ca_ES","og_type":"article","og_title":"De quina manera es garanteix el dret a ser cuidat i protegit? - ResiPlus","og_description":"Hi ha sectors de la poblaci\u00f3 que s\u00f3n una mica m\u00e9s vulnerables, ja sigui per la seva edat o per alguna condici\u00f3 especial, f\u00edsica o mental. Per a ells resulta m\u00e9s complex realitzar les activitats quotidianes de la vida sense l&#8217;assist\u00e8ncia adequada, i \u00e9s indispensable la seva protecci\u00f3 i cura . Ara b\u00e9, de quina [...]","og_url":"https:\/\/addinformatica.com\/ca\/noticies\/de-quina-manera-es-garanteix-el-dret-a-ser-cuidat-i-protegit\/","og_site_name":"ResiPlus","article_published_time":"2024-06-07T05:16:59+00:00","article_modified_time":"2024-06-11T06:50:30+00:00","og_image":[{"width":1200,"height":801,"url":"https:\/\/addinformatica.com\/wp-content\/uploads\/2024\/06\/que-se-debe-hacer-para-garantizar-el-derecho-a-ser-cuidado-y-protegido.jpg","type":"image\/jpeg"}],"author":"ADD_es_admin","twitter_card":"summary_large_image","twitter_misc":{"Escrit per":"ADD_es_admin","Temps estimat de lectura":"6 minuts"},"schema":{"@context":"https:\/\/schema.org","@graph":[{"@type":"Article","@id":"https:\/\/addinformatica.com\/ca\/noticies\/de-quina-manera-es-garanteix-el-dret-a-ser-cuidat-i-protegit\/#article","isPartOf":{"@id":"https:\/\/addinformatica.com\/ca\/noticies\/de-quina-manera-es-garanteix-el-dret-a-ser-cuidat-i-protegit\/"},"author":{"name":"ADD_es_admin","@id":"https:\/\/addinformatica.com\/#\/schema\/person\/063f1036d6af39f34b17382e1b7fdd24"},"headline":"De quina manera es garanteix el dret a ser cuidat i protegit?","datePublished":"2024-06-07T05:16:59+00:00","dateModified":"2024-06-11T06:50:30+00:00","mainEntityOfPage":{"@id":"https:\/\/addinformatica.com\/ca\/noticies\/de-quina-manera-es-garanteix-el-dret-a-ser-cuidat-i-protegit\/"},"wordCount":1124,"image":{"@id":"https:\/\/addinformatica.com\/ca\/noticies\/de-quina-manera-es-garanteix-el-dret-a-ser-cuidat-i-protegit\/#primaryimage"},"thumbnailUrl":"https:\/\/addinformatica.com\/wp-content\/uploads\/2024\/06\/que-se-debe-hacer-para-garantizar-el-derecho-a-ser-cuidado-y-protegido.jpg","articleSection":["Noticies"],"inLanguage":"ca"},{"@type":"WebPage","@id":"https:\/\/addinformatica.com\/ca\/noticies\/de-quina-manera-es-garanteix-el-dret-a-ser-cuidat-i-protegit\/","url":"https:\/\/addinformatica.com\/ca\/noticies\/de-quina-manera-es-garanteix-el-dret-a-ser-cuidat-i-protegit\/","name":"De quina manera es garanteix el dret a ser cuidat i protegit? - ResiPlus","isPartOf":{"@id":"https:\/\/addinformatica.com\/#website"},"primaryImageOfPage":{"@id":"https:\/\/addinformatica.com\/ca\/noticies\/de-quina-manera-es-garanteix-el-dret-a-ser-cuidat-i-protegit\/#primaryimage"},"image":{"@id":"https:\/\/addinformatica.com\/ca\/noticies\/de-quina-manera-es-garanteix-el-dret-a-ser-cuidat-i-protegit\/#primaryimage"},"thumbnailUrl":"https:\/\/addinformatica.com\/wp-content\/uploads\/2024\/06\/que-se-debe-hacer-para-garantizar-el-derecho-a-ser-cuidado-y-protegido.jpg","datePublished":"2024-06-07T05:16:59+00:00","dateModified":"2024-06-11T06:50:30+00:00","author":{"@id":"https:\/\/addinformatica.com\/#\/schema\/person\/063f1036d6af39f34b17382e1b7fdd24"},"breadcrumb":{"@id":"https:\/\/addinformatica.com\/ca\/noticies\/de-quina-manera-es-garanteix-el-dret-a-ser-cuidat-i-protegit\/#breadcrumb"},"inLanguage":"ca","potentialAction":[{"@type":"ReadAction","target":["https:\/\/addinformatica.com\/ca\/noticies\/de-quina-manera-es-garanteix-el-dret-a-ser-cuidat-i-protegit\/"]}]},{"@type":"ImageObject","inLanguage":"ca","@id":"https:\/\/addinformatica.com\/ca\/noticies\/de-quina-manera-es-garanteix-el-dret-a-ser-cuidat-i-protegit\/#primaryimage","url":"https:\/\/addinformatica.com\/wp-content\/uploads\/2024\/06\/que-se-debe-hacer-para-garantizar-el-derecho-a-ser-cuidado-y-protegido.jpg","contentUrl":"https:\/\/addinformatica.com\/wp-content\/uploads\/2024\/06\/que-se-debe-hacer-para-garantizar-el-derecho-a-ser-cuidado-y-protegido.jpg","width":1200,"height":801},{"@type":"BreadcrumbList","@id":"https:\/\/addinformatica.com\/ca\/noticies\/de-quina-manera-es-garanteix-el-dret-a-ser-cuidat-i-protegit\/#breadcrumb","itemListElement":[{"@type":"ListItem","position":1,"name":"Portada","item":"https:\/\/addinformatica.com\/ca\/"},{"@type":"ListItem","position":2,"name":"De quina manera es garanteix el dret a ser cuidat i protegit?"}]},{"@type":"WebSite","@id":"https:\/\/addinformatica.com\/#website","url":"https:\/\/addinformatica.com\/","name":"ResiPlus","description":"Software de gesti\u00f3n de residencias, centros de d\u00eda y discapacitados | ResiPlus","potentialAction":[{"@type":"SearchAction","target":{"@type":"EntryPoint","urlTemplate":"https:\/\/addinformatica.com\/?s={search_term_string}"},"query-input":{"@type":"PropertyValueSpecification","valueRequired":true,"valueName":"search_term_string"}}],"inLanguage":"ca"},{"@type":"Person","@id":"https:\/\/addinformatica.com\/#\/schema\/person\/063f1036d6af39f34b17382e1b7fdd24","name":"ADD_es_admin","image":{"@type":"ImageObject","inLanguage":"ca","@id":"https:\/\/secure.gravatar.com\/avatar\/f24b1ca4e9d4f6821988e85d4d11d5a5a70c73477e7bd56eb713e4abc2e4ab23?s=96&d=mm&r=g","url":"https:\/\/secure.gravatar.com\/avatar\/f24b1ca4e9d4f6821988e85d4d11d5a5a70c73477e7bd56eb713e4abc2e4ab23?s=96&d=mm&r=g","contentUrl":"https:\/\/secure.gravatar.com\/avatar\/f24b1ca4e9d4f6821988e85d4d11d5a5a70c73477e7bd56eb713e4abc2e4ab23?s=96&d=mm&r=g","caption":"ADD_es_admin"},"sameAs":["https:\/\/resiplus.dagocreativo.com"],"url":"https:\/\/addinformatica.com\/ca\/author\/add_es_admin\/"}]}},"_links":{"self":[{"href":"https:\/\/addinformatica.com\/ca\/wp-json\/wp\/v2\/posts\/32594","targetHints":{"allow":["GET"]}}],"collection":[{"href":"https:\/\/addinformatica.com\/ca\/wp-json\/wp\/v2\/posts"}],"about":[{"href":"https:\/\/addinformatica.com\/ca\/wp-json\/wp\/v2\/types\/post"}],"author":[{"embeddable":true,"href":"https:\/\/addinformatica.com\/ca\/wp-json\/wp\/v2\/users\/1"}],"replies":[{"embeddable":true,"href":"https:\/\/addinformatica.com\/ca\/wp-json\/wp\/v2\/comments?post=32594"}],"version-history":[{"count":0,"href":"https:\/\/addinformatica.com\/ca\/wp-json\/wp\/v2\/posts\/32594\/revisions"}],"wp:featuredmedia":[{"embeddable":true,"href":"https:\/\/addinformatica.com\/ca\/wp-json\/wp\/v2\/media\/32580"}],"wp:attachment":[{"href":"https:\/\/addinformatica.com\/ca\/wp-json\/wp\/v2\/media?parent=32594"}],"wp:term":[{"taxonomy":"category","embeddable":true,"href":"https:\/\/addinformatica.com\/ca\/wp-json\/wp\/v2\/categories?post=32594"},{"taxonomy":"post_tag","embeddable":true,"href":"https:\/\/addinformatica.com\/ca\/wp-json\/wp\/v2\/tags?post=32594"},{"taxonomy":"video-cat","embeddable":true,"href":"https:\/\/addinformatica.com\/ca\/wp-json\/wp\/v2\/video-cat?post=32594"}],"curies":[{"name":"wp","href":"https:\/\/api.w.org\/{rel}","templated":true}]}}