{"id":32128,"date":"2024-04-07T08:00:00","date_gmt":"2024-04-07T08:00:00","guid":{"rendered":"https:\/\/addinformatica.com\/sense-categoria\/dia-mundial-de-la-salud\/"},"modified":"2024-04-19T06:12:45","modified_gmt":"2024-04-19T06:12:45","slug":"dia-mundial-de-la-salut","status":"publish","type":"post","link":"https:\/\/addinformatica.com\/ca\/noticies\/dia-mundial-de-la-salut\/","title":{"rendered":"Dia mundial de la salut"},"content":{"rendered":"\n<figure class=\"wp-block-image aligncenter size-large\"><img loading=\"lazy\" decoding=\"async\" width=\"1024\" height=\"683\" src=\"https:\/\/addinformatica.com\/wp-content\/uploads\/2024\/04\/dia-mundial-de-la-salud-1024x683.jpg\" alt=\"dia-mundial-de-la-salut\" class=\"wp-image-31945\" srcset=\"https:\/\/addinformatica.com\/wp-content\/uploads\/2024\/04\/dia-mundial-de-la-salud-1024x683.jpg 1024w, https:\/\/addinformatica.com\/wp-content\/uploads\/2024\/04\/dia-mundial-de-la-salud-300x200.jpg 300w, https:\/\/addinformatica.com\/wp-content\/uploads\/2024\/04\/dia-mundial-de-la-salud-768x512.jpg 768w, https:\/\/addinformatica.com\/wp-content\/uploads\/2024\/04\/dia-mundial-de-la-salud.jpg 1200w\" sizes=\"auto, (max-width: 1024px) 100vw, 1024px\" \/><\/figure>\n\n\n\n<p><strong>La salut \u00e9s un dret fonamental <\/strong>de totes les persones, i amb la creaci\u00f3 de l&#8217; <strong>Organitzaci\u00f3 Mundial de la Salut (OMS), <\/strong>una instituci\u00f3 especialitzada de les Nacions Unides ideada per promoure-la, prevenir malalties i millorar la qualitat de vida de tots els ciutadans, i per aix\u00f2 es commemora cada any el <strong>dia mundial de la salut.<\/strong><\/p>\n\n\n\n<p>Aquesta \u00e9s una data en qu\u00e8 se celebra l&#8217;estat ideal d&#8217;una persona, en qu\u00e8 es fan activitats tendents a garantir aquest dret a les poblacions m\u00e9s vulnerables de tot el m\u00f3n (a curt i a llarg termini), i en qu\u00e8 se&#8217;ls reclama a les entitats governamentals a crear pol\u00edtiques de garantia, seguiment i control de la salut.<\/p>\n\n\n\n<p>Vols saber <strong>quan, on i com se celebra el dia mundial de la salut? <\/strong>Continua llegint.<\/p>\n\n\n\n<h2 class=\"wp-block-heading\">Quan se celebra el dia mundial de la salut?<\/h2>\n\n\n\n<p>El <strong>7 d&#8217;abril de cada any <\/strong>se celebra el dia mundial de la salut i tamb\u00e9 l&#8217;aniversari de l&#8217; <a href=\"https:\/\/www.who.int\/es\">OMS <\/a>, que aquest 2024 compleix els 76 anys des de la fundaci\u00f3 el 1.948.<\/p>\n\n\n\n<p>S&#8217;ha escollit aquesta data especial per recordar que <strong>es tracta d&#8217;un dret hum\u00e0 fonamental que ha de ser garantit <\/strong>, creant-hi institucions sense \u00e0nim de lucre destinades a promoure-la ia preservar-la.<\/p>\n\n\n\n<p>Arreu del m\u00f3n, governs, organitzacions de salut, professionals m\u00e8dics o d&#8217;altres sectors i comunitats en general, s&#8217;uneixen per celebrar aquest dia, planificant des de grans esdeveniments, fins a activitats locals que calen en la consci\u00e8ncia dels ciutadans, establint aix\u00ed par\u00e0metres molt precisos sobre la salut, els quals es difonen a tots els racons del planeta.<\/p>\n\n\n\n<p>A trav\u00e9s de l&#8217;OMS es promouen amb m\u00e9s efici\u00e8ncia i efectivitat aquestes activitats, i es creen <strong>dades estad\u00edstiques <\/strong>que ajuden a millorar-les amb el pas del temps.<\/p>\n\n\n\n<h2 class=\"wp-block-heading\">Com se celebra el dia mundial de la salut?<\/h2>\n\n\n\n<p>El dia mundial de la salut \u00e9s una oportunitat per unir esfor\u00e7os en la <strong>promoci\u00f3 d&#8217;h\u00e0bits saludables <\/strong>, des dels professionals de la salut fins a les escoles, les entitats governamentals i la ciutadania en general, exerceix un paper important en la construcci\u00f3 d&#8217;un m\u00f3n m\u00e9s saludable .<\/p>\n\n\n\n<p>Algunes de les activitats que es duen a terme a nivell mundial per commemorar aquest dia, considerant els sectors m\u00e9s representatius del sector, s\u00f3n les seg\u00fcents:<\/p>\n\n\n\n<h3 class=\"wp-block-heading\">Entre els professionals de la salut<\/h3>\n\n\n\n<p>Els <strong>professionals de la salut juguen un paper fonamental en la promoci\u00f3 d&#8217;aquest dret, <\/strong>en dep\u00e8n que les institucions m\u00e8diques funcionin de forma correcta, oferint un servei de qualitat que sigui conforme als requeriments de la societat.<\/p>\n\n\n\n<p>Per celebrar el dia mundial de la salut, aquests professionals solen organitzar <strong>xerrades informatives o tallers <\/strong>destinats a compartir coneixements, actualitzar temes de gran import\u00e0ncia, el desenvolupament constant i crear consci\u00e8ncia sobre la prevenci\u00f3 a la salut.<\/p>\n\n\n\n<p>Amb aquestes activitats <strong>es fomenta l&#8217;aprenentatge continu <\/strong>, es capacita els treballadors de la salut i tamb\u00e9 la poblaci\u00f3 en general.<\/p>\n\n\n\n<figure class=\"wp-block-image aligncenter size-large\"><img loading=\"lazy\" decoding=\"async\" width=\"1024\" height=\"702\" src=\"https:\/\/addinformatica.com\/wp-content\/uploads\/2024\/04\/celebremos-promoviendo-la-salud-1024x702.jpg\" alt=\"celebrem-promovent-la-salut\" class=\"wp-image-31943\" srcset=\"https:\/\/addinformatica.com\/wp-content\/uploads\/2024\/04\/celebremos-promoviendo-la-salud-1024x702.jpg 1024w, https:\/\/addinformatica.com\/wp-content\/uploads\/2024\/04\/celebremos-promoviendo-la-salud-300x206.jpg 300w, https:\/\/addinformatica.com\/wp-content\/uploads\/2024\/04\/celebremos-promoviendo-la-salud-768x527.jpg 768w, https:\/\/addinformatica.com\/wp-content\/uploads\/2024\/04\/celebremos-promoviendo-la-salud.jpg 1200w\" sizes=\"auto, (max-width: 1024px) 100vw, 1024px\" \/><\/figure>\n\n\n\n<h3 class=\"wp-block-heading\">A les institucions educatives<\/h3>\n\n\n\n<p>Per la seva banda, a les institucions educatives de tots els nivells ia nivell mundial s&#8217;organitzen <strong>activitats per conscienciar els estudiants sobre la import\u00e0ncia de la salut.<\/strong><\/p>\n\n\n\n<p>Es dicten xerrades sobre temes variats, adequant-se a l&#8217;edat ia les necessitats de la poblaci\u00f3, per exemple sobre nutrici\u00f3, higiene personal, esport, planificaci\u00f3 familiar, protecci\u00f3 sexual, etc.<\/p>\n\n\n\n<p>Tamb\u00e9 <strong>es promou la participaci\u00f3 activa dels nens, <\/strong>convertint-los en multiplicadors de la informaci\u00f3, instant a l&#8217;elaboraci\u00f3 de cartelleres o flyers al\u00b7lusius a la data, creant jocs interactius en qu\u00e8 es promogui la prevenci\u00f3 de malalties, entre d&#8217;altres.<\/p>\n\n\n\n<h3 class=\"wp-block-heading\">A la societat<\/h3>\n\n\n\n<p>A diferents inst\u00e0ncies de la societat en general tamb\u00e9 s\u00f3n t\u00edpiques les activitats de prevenci\u00f3 i promoci\u00f3 de la salut.<\/p>\n\n\n\n<p>Per mitj\u00e0 de programes governamentals <strong>es creen campanyes de conscienciaci\u00f3 sobre temes avantguardistes<\/strong>, per exemple: tabaquisme, malalties de transmissi\u00f3 sexual, vacunaci\u00f3, etc., totes destinades a informar i prevenir, per\u00f2 tamb\u00e9 a promoure l&#8217;atenci\u00f3.<\/p>\n\n\n\n<p>Aix\u00ed mateix, per commemorar el dia mundial de la salut s&#8217;organitzen <strong>fires d&#8217;atenci\u00f3 integral <\/strong>a places p\u00fabliques, on s&#8217;ofereixen serveis gratu\u00efts com a mesura de pressi\u00f3 arterial, consells nutricionals, ex\u00e0mens de laboratori, jornades odontol\u00f2giques, proves de glucosa, atenci\u00f3 psicol\u00f2gica, entre d&#8217;altres .<\/p>\n\n\n\n<h3 class=\"wp-block-heading\">En altres sectors<\/h3>\n\n\n\n<p>A m\u00e9s, hi ha altres sectors que s&#8217;uneixen a la celebraci\u00f3 conscient del dia mundial de la salut a tot el m\u00f3n, <strong>algunes empreses fan activitats esportives per als seus treballadors, <\/strong>ofereixen programes de benestar, paquets d&#8217;atenci\u00f3 m\u00e8dica integral, jornades informatives, etc.<\/p>\n\n\n\n<p>Per mitj\u00e0 de les <strong>Xarxes<\/strong> <strong>Socials <\/strong>tamb\u00e9 es generen accions commemoratives, les quals poden provenir d&#8217;empreses, institucions de qualsevol mena i fins i tot de ciutadans. A m\u00e9s, <strong>els mitjans de comunicaci\u00f3 publiquen articles i reportatges especials <\/strong>per educar el p\u00fablic sobre el tema, i per mantenir-los informats sobre esdeveniments al\u00b7lusius a la data que puguin ser de l&#8217;inter\u00e8s de tothom.<\/p>\n\n\n\n<figure class=\"wp-block-image aligncenter size-large\"><img loading=\"lazy\" decoding=\"async\" width=\"1024\" height=\"748\" src=\"https:\/\/addinformatica.com\/wp-content\/uploads\/2024\/04\/el-dia-mundial-de-la-salud-celebra-la-vida-1024x748.jpg\" alt=\"el-dia-mundial-de-la-salud-celebra-la-vida\" class=\"wp-image-31947\" srcset=\"https:\/\/addinformatica.com\/wp-content\/uploads\/2024\/04\/el-dia-mundial-de-la-salud-celebra-la-vida-1024x748.jpg 1024w, https:\/\/addinformatica.com\/wp-content\/uploads\/2024\/04\/el-dia-mundial-de-la-salud-celebra-la-vida-300x219.jpg 300w, https:\/\/addinformatica.com\/wp-content\/uploads\/2024\/04\/el-dia-mundial-de-la-salud-celebra-la-vida-768x561.jpg 768w, https:\/\/addinformatica.com\/wp-content\/uploads\/2024\/04\/el-dia-mundial-de-la-salud-celebra-la-vida.jpg 1200w\" sizes=\"auto, (max-width: 1024px) 100vw, 1024px\" \/><\/figure>\n\n\n\n<h2 class=\"wp-block-heading\">Dia mundial de la salut: celebrant la vida<\/h2>\n\n\n\n<p>En el dia mundial de la salut honrem els que hi treballen incansablement, les institucions encarregades de promoure&#8217;n la cura, de crear <strong>campanyes per a la prevenci\u00f3 de m\u00faltiples malalties <\/strong>i, en definitiva, tots els que d&#8217;una manera o altra contribueixen a un m\u00f3n m\u00e9s saludable.<\/p>\n\n\n\n<p>Es tracta d&#8217;un dia en qu\u00e8 s&#8217;incentiva <strong>la societat a lluitar pel desenvolupament d&#8217;aquest dret a tot el m\u00f3n<\/strong>, deixant molt clar que cada persona ha de tenir la possibilitat d&#8217;accedir a mitjans p\u00fablics de salut, a medicines, a jornades de informaci\u00f3 i de prevenci\u00f3, i que les entitats governamentals en general han de garantir aquest dret a tots els ciutadans.<\/p>\n\n\n\n<p>Aix\u00f2 no obstant, tamb\u00e9 \u00e9s en cadascun de nosaltres prevenir, crear h\u00e0bits saludables que ens obliguin a portar un estil de vida actiu, comprom\u00e8s amb el nostre benestar general i el dels nostres.<\/p>\n\n\n\n<p><strong>Aquest 7 d&#8217;abril celebra el dia mundial de la salut <\/strong>amb plena consci\u00e8ncia: <strong>Celebra la vida!<\/strong><\/p>\n\n\n\n<p>I recorda que hem d&#8217;aportar el nostre granet de sorra per aconseguir un m\u00f3n m\u00e9s saludable, cosa que implica tenir cura de nosaltres mateixos, de tots i de tot el que ens envolta amb total i plena convicci\u00f3 que fem el millor.<\/p>\n\n\n\n<p>Patricia Marcos Garc\u00eda.<\/p>\n","protected":false},"excerpt":{"rendered":"<p>La salut \u00e9s un dret fonamental de totes les persones, i amb la creaci\u00f3 de l&#8217; Organitzaci\u00f3 Mundial de la Salut (OMS), una instituci\u00f3 especialitzada de les Nacions Unides ideada per promoure-la, prevenir malalties i millorar la qualitat de vida de tots els ciutadans, i per aix\u00f2 es commemora cada any el dia mundial de [&#8230;]\n","protected":false},"author":1,"featured_media":31946,"comment_status":"closed","ping_status":"open","sticky":false,"template":"","format":"standard","meta":{"_acf_changed":false,"footnotes":""},"categories":[298],"tags":[],"video-cat":[],"class_list":["post-32128","post","type-post","status-publish","format-standard","has-post-thumbnail","hentry","category-noticies"],"acf":[],"yoast_head":"<!-- This site is optimized with the Yoast SEO plugin v27.4 - https:\/\/yoast.com\/product\/yoast-seo-wordpress\/ -->\n<title>Dia mundial de la salut - ResiPlus<\/title>\n<meta name=\"robots\" content=\"index, follow, max-snippet:-1, max-image-preview:large, max-video-preview:-1\" \/>\n<link rel=\"canonical\" href=\"https:\/\/addinformatica.com\/ca\/noticies\/dia-mundial-de-la-salut\/\" \/>\n<meta property=\"og:locale\" content=\"ca_ES\" \/>\n<meta property=\"og:type\" content=\"article\" \/>\n<meta property=\"og:title\" content=\"Dia mundial de la salut - ResiPlus\" \/>\n<meta property=\"og:description\" content=\"La salut \u00e9s un dret fonamental de totes les persones, i amb la creaci\u00f3 de l&#8217; Organitzaci\u00f3 Mundial de la Salut (OMS), una instituci\u00f3 especialitzada de les Nacions Unides ideada per promoure-la, prevenir malalties i millorar la qualitat de vida de tots els ciutadans, i per aix\u00f2 es commemora cada any el dia mundial de [...]\" \/>\n<meta property=\"og:url\" content=\"https:\/\/addinformatica.com\/ca\/noticies\/dia-mundial-de-la-salut\/\" \/>\n<meta property=\"og:site_name\" content=\"ResiPlus\" \/>\n<meta property=\"article:published_time\" content=\"2024-04-07T08:00:00+00:00\" \/>\n<meta property=\"article:modified_time\" content=\"2024-04-19T06:12:45+00:00\" \/>\n<meta property=\"og:image\" content=\"https:\/\/addinformatica.com\/wp-content\/uploads\/2024\/04\/dia-mundial-de-la-salud.jpg\" \/>\n\t<meta property=\"og:image:width\" content=\"1200\" \/>\n\t<meta property=\"og:image:height\" content=\"800\" \/>\n\t<meta property=\"og:image:type\" content=\"image\/jpeg\" \/>\n<meta name=\"author\" content=\"ADD_es_admin\" \/>\n<meta name=\"twitter:card\" content=\"summary_large_image\" \/>\n<meta name=\"twitter:label1\" content=\"Escrit per\" \/>\n\t<meta name=\"twitter:data1\" content=\"ADD_es_admin\" \/>\n\t<meta name=\"twitter:label2\" content=\"Temps estimat de lectura\" \/>\n\t<meta name=\"twitter:data2\" content=\"6 minuts\" \/>\n<script type=\"application\/ld+json\" class=\"yoast-schema-graph\">{\"@context\":\"https:\\\/\\\/schema.org\",\"@graph\":[{\"@type\":\"Article\",\"@id\":\"https:\\\/\\\/addinformatica.com\\\/ca\\\/noticies\\\/dia-mundial-de-la-salut\\\/#article\",\"isPartOf\":{\"@id\":\"https:\\\/\\\/addinformatica.com\\\/ca\\\/noticies\\\/dia-mundial-de-la-salut\\\/\"},\"author\":{\"name\":\"ADD_es_admin\",\"@id\":\"https:\\\/\\\/addinformatica.com\\\/#\\\/schema\\\/person\\\/063f1036d6af39f34b17382e1b7fdd24\"},\"headline\":\"Dia mundial de la salut\",\"datePublished\":\"2024-04-07T08:00:00+00:00\",\"dateModified\":\"2024-04-19T06:12:45+00:00\",\"mainEntityOfPage\":{\"@id\":\"https:\\\/\\\/addinformatica.com\\\/ca\\\/noticies\\\/dia-mundial-de-la-salut\\\/\"},\"wordCount\":1058,\"image\":{\"@id\":\"https:\\\/\\\/addinformatica.com\\\/ca\\\/noticies\\\/dia-mundial-de-la-salut\\\/#primaryimage\"},\"thumbnailUrl\":\"https:\\\/\\\/addinformatica.com\\\/wp-content\\\/uploads\\\/2024\\\/04\\\/dia-mundial-de-la-salud.jpg\",\"articleSection\":[\"Noticies\"],\"inLanguage\":\"ca\"},{\"@type\":\"WebPage\",\"@id\":\"https:\\\/\\\/addinformatica.com\\\/ca\\\/noticies\\\/dia-mundial-de-la-salut\\\/\",\"url\":\"https:\\\/\\\/addinformatica.com\\\/ca\\\/noticies\\\/dia-mundial-de-la-salut\\\/\",\"name\":\"Dia mundial de la salut - ResiPlus\",\"isPartOf\":{\"@id\":\"https:\\\/\\\/addinformatica.com\\\/#website\"},\"primaryImageOfPage\":{\"@id\":\"https:\\\/\\\/addinformatica.com\\\/ca\\\/noticies\\\/dia-mundial-de-la-salut\\\/#primaryimage\"},\"image\":{\"@id\":\"https:\\\/\\\/addinformatica.com\\\/ca\\\/noticies\\\/dia-mundial-de-la-salut\\\/#primaryimage\"},\"thumbnailUrl\":\"https:\\\/\\\/addinformatica.com\\\/wp-content\\\/uploads\\\/2024\\\/04\\\/dia-mundial-de-la-salud.jpg\",\"datePublished\":\"2024-04-07T08:00:00+00:00\",\"dateModified\":\"2024-04-19T06:12:45+00:00\",\"author\":{\"@id\":\"https:\\\/\\\/addinformatica.com\\\/#\\\/schema\\\/person\\\/063f1036d6af39f34b17382e1b7fdd24\"},\"breadcrumb\":{\"@id\":\"https:\\\/\\\/addinformatica.com\\\/ca\\\/noticies\\\/dia-mundial-de-la-salut\\\/#breadcrumb\"},\"inLanguage\":\"ca\",\"potentialAction\":[{\"@type\":\"ReadAction\",\"target\":[\"https:\\\/\\\/addinformatica.com\\\/ca\\\/noticies\\\/dia-mundial-de-la-salut\\\/\"]}]},{\"@type\":\"ImageObject\",\"inLanguage\":\"ca\",\"@id\":\"https:\\\/\\\/addinformatica.com\\\/ca\\\/noticies\\\/dia-mundial-de-la-salut\\\/#primaryimage\",\"url\":\"https:\\\/\\\/addinformatica.com\\\/wp-content\\\/uploads\\\/2024\\\/04\\\/dia-mundial-de-la-salud.jpg\",\"contentUrl\":\"https:\\\/\\\/addinformatica.com\\\/wp-content\\\/uploads\\\/2024\\\/04\\\/dia-mundial-de-la-salud.jpg\",\"width\":1200,\"height\":800},{\"@type\":\"BreadcrumbList\",\"@id\":\"https:\\\/\\\/addinformatica.com\\\/ca\\\/noticies\\\/dia-mundial-de-la-salut\\\/#breadcrumb\",\"itemListElement\":[{\"@type\":\"ListItem\",\"position\":1,\"name\":\"Portada\",\"item\":\"https:\\\/\\\/addinformatica.com\\\/ca\\\/\"},{\"@type\":\"ListItem\",\"position\":2,\"name\":\"Dia mundial de la salut\"}]},{\"@type\":\"WebSite\",\"@id\":\"https:\\\/\\\/addinformatica.com\\\/#website\",\"url\":\"https:\\\/\\\/addinformatica.com\\\/\",\"name\":\"ResiPlus\",\"description\":\"Software de gesti\u00f3n de residencias, centros de d\u00eda y discapacitados | ResiPlus\",\"potentialAction\":[{\"@type\":\"SearchAction\",\"target\":{\"@type\":\"EntryPoint\",\"urlTemplate\":\"https:\\\/\\\/addinformatica.com\\\/?s={search_term_string}\"},\"query-input\":{\"@type\":\"PropertyValueSpecification\",\"valueRequired\":true,\"valueName\":\"search_term_string\"}}],\"inLanguage\":\"ca\"},{\"@type\":\"Person\",\"@id\":\"https:\\\/\\\/addinformatica.com\\\/#\\\/schema\\\/person\\\/063f1036d6af39f34b17382e1b7fdd24\",\"name\":\"ADD_es_admin\",\"image\":{\"@type\":\"ImageObject\",\"inLanguage\":\"ca\",\"@id\":\"https:\\\/\\\/secure.gravatar.com\\\/avatar\\\/f24b1ca4e9d4f6821988e85d4d11d5a5a70c73477e7bd56eb713e4abc2e4ab23?s=96&d=mm&r=g\",\"url\":\"https:\\\/\\\/secure.gravatar.com\\\/avatar\\\/f24b1ca4e9d4f6821988e85d4d11d5a5a70c73477e7bd56eb713e4abc2e4ab23?s=96&d=mm&r=g\",\"contentUrl\":\"https:\\\/\\\/secure.gravatar.com\\\/avatar\\\/f24b1ca4e9d4f6821988e85d4d11d5a5a70c73477e7bd56eb713e4abc2e4ab23?s=96&d=mm&r=g\",\"caption\":\"ADD_es_admin\"},\"sameAs\":[\"https:\\\/\\\/resiplus.dagocreativo.com\"],\"url\":\"https:\\\/\\\/addinformatica.com\\\/ca\\\/author\\\/add_es_admin\\\/\"}]}<\/script>\n<!-- \/ Yoast SEO plugin. -->","yoast_head_json":{"title":"Dia mundial de la salut - ResiPlus","robots":{"index":"index","follow":"follow","max-snippet":"max-snippet:-1","max-image-preview":"max-image-preview:large","max-video-preview":"max-video-preview:-1"},"canonical":"https:\/\/addinformatica.com\/ca\/noticies\/dia-mundial-de-la-salut\/","og_locale":"ca_ES","og_type":"article","og_title":"Dia mundial de la salut - ResiPlus","og_description":"La salut \u00e9s un dret fonamental de totes les persones, i amb la creaci\u00f3 de l&#8217; Organitzaci\u00f3 Mundial de la Salut (OMS), una instituci\u00f3 especialitzada de les Nacions Unides ideada per promoure-la, prevenir malalties i millorar la qualitat de vida de tots els ciutadans, i per aix\u00f2 es commemora cada any el dia mundial de [...]","og_url":"https:\/\/addinformatica.com\/ca\/noticies\/dia-mundial-de-la-salut\/","og_site_name":"ResiPlus","article_published_time":"2024-04-07T08:00:00+00:00","article_modified_time":"2024-04-19T06:12:45+00:00","og_image":[{"width":1200,"height":800,"url":"https:\/\/addinformatica.com\/wp-content\/uploads\/2024\/04\/dia-mundial-de-la-salud.jpg","type":"image\/jpeg"}],"author":"ADD_es_admin","twitter_card":"summary_large_image","twitter_misc":{"Escrit per":"ADD_es_admin","Temps estimat de lectura":"6 minuts"},"schema":{"@context":"https:\/\/schema.org","@graph":[{"@type":"Article","@id":"https:\/\/addinformatica.com\/ca\/noticies\/dia-mundial-de-la-salut\/#article","isPartOf":{"@id":"https:\/\/addinformatica.com\/ca\/noticies\/dia-mundial-de-la-salut\/"},"author":{"name":"ADD_es_admin","@id":"https:\/\/addinformatica.com\/#\/schema\/person\/063f1036d6af39f34b17382e1b7fdd24"},"headline":"Dia mundial de la salut","datePublished":"2024-04-07T08:00:00+00:00","dateModified":"2024-04-19T06:12:45+00:00","mainEntityOfPage":{"@id":"https:\/\/addinformatica.com\/ca\/noticies\/dia-mundial-de-la-salut\/"},"wordCount":1058,"image":{"@id":"https:\/\/addinformatica.com\/ca\/noticies\/dia-mundial-de-la-salut\/#primaryimage"},"thumbnailUrl":"https:\/\/addinformatica.com\/wp-content\/uploads\/2024\/04\/dia-mundial-de-la-salud.jpg","articleSection":["Noticies"],"inLanguage":"ca"},{"@type":"WebPage","@id":"https:\/\/addinformatica.com\/ca\/noticies\/dia-mundial-de-la-salut\/","url":"https:\/\/addinformatica.com\/ca\/noticies\/dia-mundial-de-la-salut\/","name":"Dia mundial de la salut - ResiPlus","isPartOf":{"@id":"https:\/\/addinformatica.com\/#website"},"primaryImageOfPage":{"@id":"https:\/\/addinformatica.com\/ca\/noticies\/dia-mundial-de-la-salut\/#primaryimage"},"image":{"@id":"https:\/\/addinformatica.com\/ca\/noticies\/dia-mundial-de-la-salut\/#primaryimage"},"thumbnailUrl":"https:\/\/addinformatica.com\/wp-content\/uploads\/2024\/04\/dia-mundial-de-la-salud.jpg","datePublished":"2024-04-07T08:00:00+00:00","dateModified":"2024-04-19T06:12:45+00:00","author":{"@id":"https:\/\/addinformatica.com\/#\/schema\/person\/063f1036d6af39f34b17382e1b7fdd24"},"breadcrumb":{"@id":"https:\/\/addinformatica.com\/ca\/noticies\/dia-mundial-de-la-salut\/#breadcrumb"},"inLanguage":"ca","potentialAction":[{"@type":"ReadAction","target":["https:\/\/addinformatica.com\/ca\/noticies\/dia-mundial-de-la-salut\/"]}]},{"@type":"ImageObject","inLanguage":"ca","@id":"https:\/\/addinformatica.com\/ca\/noticies\/dia-mundial-de-la-salut\/#primaryimage","url":"https:\/\/addinformatica.com\/wp-content\/uploads\/2024\/04\/dia-mundial-de-la-salud.jpg","contentUrl":"https:\/\/addinformatica.com\/wp-content\/uploads\/2024\/04\/dia-mundial-de-la-salud.jpg","width":1200,"height":800},{"@type":"BreadcrumbList","@id":"https:\/\/addinformatica.com\/ca\/noticies\/dia-mundial-de-la-salut\/#breadcrumb","itemListElement":[{"@type":"ListItem","position":1,"name":"Portada","item":"https:\/\/addinformatica.com\/ca\/"},{"@type":"ListItem","position":2,"name":"Dia mundial de la salut"}]},{"@type":"WebSite","@id":"https:\/\/addinformatica.com\/#website","url":"https:\/\/addinformatica.com\/","name":"ResiPlus","description":"Software de gesti\u00f3n de residencias, centros de d\u00eda y discapacitados | ResiPlus","potentialAction":[{"@type":"SearchAction","target":{"@type":"EntryPoint","urlTemplate":"https:\/\/addinformatica.com\/?s={search_term_string}"},"query-input":{"@type":"PropertyValueSpecification","valueRequired":true,"valueName":"search_term_string"}}],"inLanguage":"ca"},{"@type":"Person","@id":"https:\/\/addinformatica.com\/#\/schema\/person\/063f1036d6af39f34b17382e1b7fdd24","name":"ADD_es_admin","image":{"@type":"ImageObject","inLanguage":"ca","@id":"https:\/\/secure.gravatar.com\/avatar\/f24b1ca4e9d4f6821988e85d4d11d5a5a70c73477e7bd56eb713e4abc2e4ab23?s=96&d=mm&r=g","url":"https:\/\/secure.gravatar.com\/avatar\/f24b1ca4e9d4f6821988e85d4d11d5a5a70c73477e7bd56eb713e4abc2e4ab23?s=96&d=mm&r=g","contentUrl":"https:\/\/secure.gravatar.com\/avatar\/f24b1ca4e9d4f6821988e85d4d11d5a5a70c73477e7bd56eb713e4abc2e4ab23?s=96&d=mm&r=g","caption":"ADD_es_admin"},"sameAs":["https:\/\/resiplus.dagocreativo.com"],"url":"https:\/\/addinformatica.com\/ca\/author\/add_es_admin\/"}]}},"_links":{"self":[{"href":"https:\/\/addinformatica.com\/ca\/wp-json\/wp\/v2\/posts\/32128","targetHints":{"allow":["GET"]}}],"collection":[{"href":"https:\/\/addinformatica.com\/ca\/wp-json\/wp\/v2\/posts"}],"about":[{"href":"https:\/\/addinformatica.com\/ca\/wp-json\/wp\/v2\/types\/post"}],"author":[{"embeddable":true,"href":"https:\/\/addinformatica.com\/ca\/wp-json\/wp\/v2\/users\/1"}],"replies":[{"embeddable":true,"href":"https:\/\/addinformatica.com\/ca\/wp-json\/wp\/v2\/comments?post=32128"}],"version-history":[{"count":0,"href":"https:\/\/addinformatica.com\/ca\/wp-json\/wp\/v2\/posts\/32128\/revisions"}],"wp:featuredmedia":[{"embeddable":true,"href":"https:\/\/addinformatica.com\/ca\/wp-json\/wp\/v2\/media\/31946"}],"wp:attachment":[{"href":"https:\/\/addinformatica.com\/ca\/wp-json\/wp\/v2\/media?parent=32128"}],"wp:term":[{"taxonomy":"category","embeddable":true,"href":"https:\/\/addinformatica.com\/ca\/wp-json\/wp\/v2\/categories?post=32128"},{"taxonomy":"post_tag","embeddable":true,"href":"https:\/\/addinformatica.com\/ca\/wp-json\/wp\/v2\/tags?post=32128"},{"taxonomy":"video-cat","embeddable":true,"href":"https:\/\/addinformatica.com\/ca\/wp-json\/wp\/v2\/video-cat?post=32128"}],"curies":[{"name":"wp","href":"https:\/\/api.w.org\/{rel}","templated":true}]}}