{"id":31415,"date":"2024-02-07T10:24:21","date_gmt":"2024-02-07T10:24:21","guid":{"rendered":"https:\/\/addinformatica.com\/sense-categoria\/2o-y-3er-lugar-del-concurso-navcia-2023-2024-recreando-el-calor-de-hogar-de-la-navidad\/"},"modified":"2024-02-07T10:26:29","modified_gmt":"2024-02-07T10:26:29","slug":"2n-i-3er-lloc-del-concurs-navcia-2023-2024-recreant-la-calor-de-la-llar-del-nadal","status":"publish","type":"post","link":"https:\/\/addinformatica.com\/ca\/noticies\/2n-i-3er-lloc-del-concurs-navcia-2023-2024-recreant-la-calor-de-la-llar-del-nadal\/","title":{"rendered":"2n i 3er lloc del Concurs NAV&#038;CIA 2023-2024: recreant la calor de la llar del Nadal"},"content":{"rendered":"\n<figure class=\"wp-block-image aligncenter size-large\"><img loading=\"lazy\" decoding=\"async\" width=\"768\" height=\"1024\" src=\"https:\/\/addinformatica.com\/wp-content\/uploads\/2024\/02\/residencia-de-la-cruz-roja-de-castro-de-rei-gano-el-segundo-lugar-del-concurso-navcia-2023-2024-768x1024.jpg\" alt=\"residencia-de-la-cruz-roja-de-castro-de-rei-gano-el-2do-lugar-del-concurso-nav&amp;cia-2023-2024\" class=\"wp-image-31412\" srcset=\"https:\/\/addinformatica.com\/wp-content\/uploads\/2024\/02\/residencia-de-la-cruz-roja-de-castro-de-rei-gano-el-segundo-lugar-del-concurso-navcia-2023-2024-768x1024.jpg 768w, https:\/\/addinformatica.com\/wp-content\/uploads\/2024\/02\/residencia-de-la-cruz-roja-de-castro-de-rei-gano-el-segundo-lugar-del-concurso-navcia-2023-2024-225x300.jpg 225w, https:\/\/addinformatica.com\/wp-content\/uploads\/2024\/02\/residencia-de-la-cruz-roja-de-castro-de-rei-gano-el-segundo-lugar-del-concurso-navcia-2023-2024.jpg 948w\" sizes=\"auto, (max-width: 768px) 100vw, 768px\" \/><\/figure>\n\n\n\n<p>L&#8217; <strong>onzena edici\u00f3 del nostre Concurs de manualitats nadalenques NAV&amp;CIA 2023-2024 <\/strong>va culminar deixant un excel\u00b7lent aprenentatge i ressaltant el valor dels dependents. A <em>ADD inform\u00e0tica <\/em>agra\u00efm l&#8217;alt nivell de comprom\u00eds i de participaci\u00f3 que es va aconseguir observar a cadascun dels centres que hi van ser presents.<\/p>\n\n\n\n<p>Coneguem una mica sobre l&#8217;experi\u00e8ncia dels guanyadors del segon i tercer lloc de NAV&amp;CIA.<\/p>\n\n\n\n<h2 class=\"wp-block-heading\">Una \u201c <em>Noite Estrellada <\/em>\u201d va brillar al segon lloc recreant la calor de la llar del Nadal<\/h2>\n\n\n\n<p>Amb l&#8217;obra <em>Noite Estrelada \u201d <\/em>els membres de la <strong>residencia de la Cruz Roja de Castro de Rei (Lugo) &nbsp;<\/strong>es van fer mereixedors del 2n lloc, la seva participaci\u00f3 va estar plena de brillantor, colorit, creativitat i, sobretot, de calor de la llar.<\/p>\n\n\n\n<p>Els professionals d&#8217;aquest centre de cura al costat de les persones usu\u00e0ries es van proposar dur a terme una <strong>obra que reflecteix la calor de la llar que es viu a l&#8217;\u00e8poca decembrina <\/strong>, ja que aix\u00f2 \u00e9s el que aquest centre representa per a ells, una llar. Per aconseguir-ho, van condicionar un ambient amb elements representatius del nadal i el van omplir de l&#8217;amor i la fraternitat, la m\u00e0gia i la il\u00b7lusi\u00f3 que caracteritza aquesta \u00e8poca.<\/p>\n\n\n\n<p>Elements tals com una b\u00fastia per a les cartes al Pare Noel i els Reis Mags, un ninot de neu, un pal amb indicadors de dist\u00e0ncia a Lugo o Lap\u00f2nia, un rei mag gaireb\u00e9 en mida real muntat al seu camell, brillants flocs de neu, entre altres detalls preciosos, van servir per donar vida a l&#8217;obra. <strong>Tot fet a m\u00e0 i amb molta cura, entusiasme i calidesa <\/strong>.<\/p>\n\n\n\n<h3 class=\"wp-block-heading\">La il\u00b7lusi\u00f3 i la m\u00e0gia nadalenca com a principal motivaci\u00f3<\/h3>\n\n\n\n<p>La resid\u00e8ncia <strong>de la Cruz Roja de Castro de Rei (Lugo) t\u00e9 <\/strong>dependents de 20 a 54 anys amb trastorn dual, \u00e9s a dir, persones que pateixen de manera simult\u00e0nia una discapacitat intel\u00b7lectual i un trastorn mental.<\/p>\n\n\n\n<p>Tots ells, juntament amb l&#8217;equip de professionals que hi treballen, es van sumar a la creaci\u00f3 de les manualitats amb molt d&#8217;entusiasme. \u201cLa seva il\u00b7lusi\u00f3 m\u00e9s gran va ser que la gent pogu\u00e9s veure els treballs que havien realitzat. Independentment del premi, el que ells pretenien en elaborar aquests adorns, era <strong>crear un ambient d&#8217;il\u00b7lusi\u00f3 i m\u00e0gia nadalenca que tant caracteritza aquesta \u00e8poca <\/strong>. La seva intenci\u00f3 era demostrar la seva destresa a les manualitats, la seva implicaci\u00f3 amb el concurs i, sobretot, el sentiment de fam\u00edlia que s&#8217;aconsegueix treballant units per la mateixa causa\u201d, relata el personal del centre de cures.<\/p>\n\n\n\n<h3 class=\"wp-block-heading\">Totes les mans a l&#8217;obra, cadasc\u00fa va aportar un granet de sorra<\/h3>\n\n\n\n<p>El treball creatiu va comen\u00e7ar immediatament despr\u00e9s de la convocat\u00f2ria. Els professionals del centre van organitzar el treball i van elaborar el pla d&#8217;activitats, i els dependents es van posar fil a l&#8217;agulla per <strong>elaborar detalladament i amb molt d&#8217;amor cadascun dels elements de la decoraci\u00f3.<\/strong><\/p>\n\n\n\n<p>\u201cS&#8217;hi ha treballat en cadena per poder elaborar les manualitats de manera m\u00e9s detallada, \u00e9s a dir, una persona era l&#8217;encarregada de dibuixar els flocs de neu, una altra els retallava, una altra els pegava al sostre i aix\u00ed successivament amb la resta del material\u201d, ens expliquen com van dur a terme el gran treball en equip.<\/p>\n\n\n\n<p>Una de les claus del proc\u00e9s creatiu va ser que les activitats en qu\u00e8 es va exercir cadascun dels participants va ser dissenyada pensant especialment en ells, en els seus gustos, necessitats i capacitats, per tal de motivar al m\u00e0xim la participaci\u00f3, propiciar un ambient harmoni\u00f3s i un clima de germanor:<\/p>\n\n\n\n<p><a><\/a>\u201cTotes les persones residents al centre van participar amb gran entusiasme. Les activitats es van desenvolupar sempre tenint en compte les caracter\u00edstiques de cadascuna i basant-nos aix\u00ed en latenci\u00f3 centrada en la persona. La intenci\u00f3 va ser involucrar-los i fer-los part\u00edcips a tots ells en la seva decoraci\u00f3\u201d. I, sens dubte, el resultat va ser preci\u00f3s i molt emotiu.<\/p>\n\n\n\n<h3 class=\"wp-block-heading\">Com ho van celebrar?<\/h3>\n\n\n\n<p>Amb un acte tan senzill com emotiu: la mateixa tarda en qu\u00e8 van ser notificats, \u201c <strong>es va celebrar amb un berenar especial per a tots <\/strong>, premiant i motivant la seva participaci\u00f3, dedicaci\u00f3 i entusiasme amb el concurs \u201d. Compten molt satisfets.<\/p>\n\n\n\n<figure class=\"wp-block-image aligncenter size-full\"><img loading=\"lazy\" decoding=\"async\" width=\"386\" height=\"493\" src=\"https:\/\/addinformatica.com\/wp-content\/uploads\/2024\/02\/centro-de-dia-candas-gano-el-tercer-lugar-del-concurso-navcia-2023-2024.jpg\" alt=\"centro-de-dia-candas-gano-el-3er-lugar-del-concurso-nav&amp;cia-2023-2024\" class=\"wp-image-31410\" srcset=\"https:\/\/addinformatica.com\/wp-content\/uploads\/2024\/02\/centro-de-dia-candas-gano-el-tercer-lugar-del-concurso-navcia-2023-2024.jpg 386w, https:\/\/addinformatica.com\/wp-content\/uploads\/2024\/02\/centro-de-dia-candas-gano-el-tercer-lugar-del-concurso-navcia-2023-2024-235x300.jpg 235w\" sizes=\"auto, (max-width: 386px) 100vw, 386px\" \/><\/figure>\n\n\n\n<h2 class=\"wp-block-heading\">La m\u00e0gia del \u201c <em>Nadal Candasinas <\/em>\u201d va conquistar el tercer lloc del concurs<\/h2>\n\n\n\n<p><strong>El tercer lloc del nostre concurs el van guanyar les usu\u00e0ries del Centre de Dia Cand\u00e1s (Ast\u00faries), <\/strong>que van presentar l&#8217;obra titulada \u201c <em>Nadal Candasinas <\/em>\u201d: un arbre de Nadal senzill, net i preci\u00f3s, que va comptar amb el plus d&#8217;estar elaborat en material de reciclatge, i de conservar i transmetre la calidesa de la feina feta amb amor i en un ambient de total fraternitat.<\/p>\n\n\n\n<p>&#8220;L&#8217;objectiu era <strong>elaborar un arbre de Nadal fomentant la reutilitzaci\u00f3 de materials <\/strong>&#8220;, expliquen els membres del Centre de Dia Cand\u00e1s .<\/p>\n\n\n\n<h3 class=\"wp-block-heading\">El treball en equip com a clau de l\u00e8xit<\/h3>\n\n\n\n<p>Les usu\u00e0ries del centre i els professionals es van unir en la realitzaci\u00f3 daquesta obra, aportant <strong>el segell tradicional i amor\u00f3s del Nadal, sumat al toc perfecte de la creativitat <\/strong>. &#8220;Les usu\u00e0ries del centre de dia van decidir de forma consensuada quina manualitat farien per presentar-se al concurs&#8221;, mentre que tota la part creativa &#8220;ha estat guiada i supervisada per la terapeuta ocupacional i tres auxiliars&#8221;, relaten.<\/p>\n\n\n\n<p>\u201cVa ser un proc\u00e9s molt harmoni\u00f3s que ha servit per potenciar la creativitat, les relacions interpersonals i el treball en equip. Les usu\u00e0ries van pintar rotllos de paper, posteriorment es van enganxar, es va muntar l&#8217;arbre i, finalment, es van col\u00b7locar els adorns nadalencs\u201d, expressen entusiasmats.<\/p>\n\n\n\n<h3 class=\"wp-block-heading\">Fomentant el benestar de la gent gran<\/h3>\n\n\n\n<p>En la creaci\u00f3 de l&#8217;arbre <strong>van participar les 9 usu\u00e0ries del centre <\/strong>, amb edats compreses entre 73 i 89 anys, que tenen diferents diagn\u00f2stics com a deteriorament cognitiu, discapacitat intel\u00b7lectual, cardiopatia, hipoac\u00fasia, artrosi&#8230;<\/p>\n\n\n\n<p>La seva integraci\u00f3 a aquesta tasca va complir amb l&#8217;objectiu de fomentar el seu benestar a trav\u00e9s d&#8217;activitats recreatives, de treure profit de les seves capacitats per despertar i mantenir viu l&#8217;esperit del Nadal<\/p>\n\n\n\n<h3 class=\"wp-block-heading\">Com van celebrar el triomf?<\/h3>\n\n\n\n<p>La portaveu del centre narra que \u201cse&#8217;ls comunica a les usu\u00e0ries que s&#8217;han obtingut el tercer premi, s&#8217;aprofita per recordar les an\u00e8cdotes ocorregudes durant la realitzaci\u00f3 de la manualitat, i se&#8217;ls lliura un diploma a cadascuna\u201d, esperant motivar-ne la participaci\u00f3 a les properes edicions del concurs.<\/p>\n\n\n\n<h2 class=\"wp-block-heading\">M\u00e9s que un premi, una recompensa que se sent al cor<\/h2>\n\n\n\n<p>La selecci\u00f3 dels guanyadors va ser realitzada pel p\u00fablic, a trav\u00e9s d&#8217;una votaci\u00f3 a la nostra p\u00e0gina a Facebook. El <strong>premi per al segon lloc<\/strong> van ser <strong>dos Tablets i un kit jocs de taula, <\/strong>mentre que al <strong>tercer lloc se li va atorgar 1 tablet i un kit de joc de taula <\/strong>. \u00c9s gratificant la il\u00b7lusi\u00f3 amb qu\u00e8 reben el premi, alhora que incentiviem la realitzaci\u00f3 d&#8217;activitats recreatives que incideixen en el benestar dels residents.<\/p>\n\n\n\n<p>Ara b\u00e9, m\u00e9s enll\u00e0 de lliurar un premi, l&#8217;objectiu de tirar endavant el concurs any rere any \u00e9s motivar la participaci\u00f3, <strong>fer sentir als dependents que s\u00f3n importants <\/strong>i que la seva capacitat per crear \u00e9s summament valuosa.<\/p>\n\n\n\n<p>Per ells, no \u00e9s diferent. Ser part d&#8217;aquest esdeveniment, \u201cens ha proporcionat no nom\u00e9s uns fant\u00e0stics premis, sin\u00f3 que tamb\u00e9 hem pogut compartir experi\u00e8ncies enriquidores amb tot el personal que treballa al centre. Tamb\u00e9 ens ha perm\u00e8s comprovar que, precisament aquests moments s\u00f3n els ideals per crear lla\u00e7os entre les persones residents del centre perqu\u00e8 perdurin en el temps \u201d, expliquen des de la resid\u00e8ncia de la Cruz Roja de Castro de Rei.<\/p>\n\n\n\n<h2 class=\"wp-block-heading\">Qui pot participar al nostre Concurs de manualitats NAV&amp;CIA ?<\/h2>\n\n\n\n<p>La convocat\u00f2ria per a la propera edici\u00f3 del Concurs NAV&amp;CIA, igual que sempre, <strong>estar\u00e0 oberta per a tots els centres de Diversitat Funcional i de Persones Majors, d&#8217;Inf\u00e0ncia i Adolesci\u00e8ncia , de Salut Mental <\/strong>sense importar si formen part o no de la nostra \u00e0mplia cartera d&#8217;usuaris del <a href=\"https:\/\/addinformatica.com\/\"><em>Programari <\/em><\/a><a href=\"https:\/\/addinformatica.com\/\"><\/a><a href=\"https:\/\/addinformatica.com\/\"><em>Resiplus <\/em><\/a><a href=\"https:\/\/addinformatica.com\/\"><\/a><a href=\"https:\/\/addinformatica.com\/\">\u00ae <\/a><a href=\"https:\/\/addinformatica.com\/\">.<\/a><\/p>\n\n\n\n<p>L&#8217;objectiu sempre ser\u00e0 el mateix: alegrar el cor de les persones usu\u00e0ries i fer-los sentir que s\u00f3n membres importants de la nostra societat!<\/p>\n\n\n\n<p><a><\/a>Patricia Marcos Garc\u00eda<\/p>\n","protected":false},"excerpt":{"rendered":"<p>L&#8217; onzena edici\u00f3 del nostre Concurs de manualitats nadalenques NAV&amp;CIA 2023-2024 va culminar deixant un excel\u00b7lent aprenentatge i ressaltant el valor dels dependents. A ADD inform\u00e0tica agra\u00efm l&#8217;alt nivell de comprom\u00eds i de participaci\u00f3 que es va aconseguir observar a cadascun dels centres que hi van ser presents. Coneguem una mica sobre l&#8217;experi\u00e8ncia dels guanyadors [&#8230;]\n","protected":false},"author":1,"featured_media":31413,"comment_status":"closed","ping_status":"open","sticky":false,"template":"","format":"standard","meta":{"_acf_changed":false,"footnotes":""},"categories":[298],"tags":[],"video-cat":[],"class_list":["post-31415","post","type-post","status-publish","format-standard","has-post-thumbnail","hentry","category-noticies"],"acf":[],"yoast_head":"<!-- This site is optimized with the Yoast SEO plugin v27.4 - https:\/\/yoast.com\/product\/yoast-seo-wordpress\/ -->\n<title>2n i 3er lloc del Concurs NAV&amp;CIA 2023-2024: recreant la calor de la llar del Nadal - ResiPlus<\/title>\n<meta name=\"robots\" content=\"noindex, follow\" \/>\n<meta property=\"og:locale\" content=\"ca_ES\" \/>\n<meta property=\"og:type\" content=\"article\" \/>\n<meta property=\"og:title\" content=\"2n i 3er lloc del Concurs NAV&amp;CIA 2023-2024: recreant la calor de la llar del Nadal - ResiPlus\" \/>\n<meta property=\"og:description\" content=\"L&#8217; onzena edici\u00f3 del nostre Concurs de manualitats nadalenques NAV&amp;CIA 2023-2024 va culminar deixant un excel\u00b7lent aprenentatge i ressaltant el valor dels dependents. A ADD inform\u00e0tica agra\u00efm l&#8217;alt nivell de comprom\u00eds i de participaci\u00f3 que es va aconseguir observar a cadascun dels centres que hi van ser presents. Coneguem una mica sobre l&#8217;experi\u00e8ncia dels guanyadors [...]\" \/>\n<meta property=\"og:url\" content=\"https:\/\/addinformatica.com\/ca\/noticies\/2n-i-3er-lloc-del-concurs-navcia-2023-2024-recreant-la-calor-de-la-llar-del-nadal\/\" \/>\n<meta property=\"og:site_name\" content=\"ResiPlus\" \/>\n<meta property=\"article:published_time\" content=\"2024-02-07T10:24:21+00:00\" \/>\n<meta property=\"article:modified_time\" content=\"2024-02-07T10:26:29+00:00\" \/>\n<meta property=\"og:image\" content=\"https:\/\/addinformatica.com\/wp-content\/uploads\/2024\/02\/residencia-de-la-cruz-roja-de-castro-de-rei-gano-el-segundo-lugar-del-concurso-navcia-2023-2024.jpg\" \/>\n\t<meta property=\"og:image:width\" content=\"948\" \/>\n\t<meta property=\"og:image:height\" content=\"1264\" \/>\n\t<meta property=\"og:image:type\" content=\"image\/jpeg\" \/>\n<meta name=\"author\" content=\"ADD_es_admin\" \/>\n<meta name=\"twitter:card\" content=\"summary_large_image\" \/>\n<meta name=\"twitter:label1\" content=\"Escrit per\" \/>\n\t<meta name=\"twitter:data1\" content=\"ADD_es_admin\" \/>\n\t<meta name=\"twitter:label2\" content=\"Temps estimat de lectura\" \/>\n\t<meta name=\"twitter:data2\" content=\"7 minuts\" \/>\n<script type=\"application\/ld+json\" class=\"yoast-schema-graph\">{\"@context\":\"https:\\\/\\\/schema.org\",\"@graph\":[{\"@type\":\"Article\",\"@id\":\"https:\\\/\\\/addinformatica.com\\\/ca\\\/noticies\\\/2n-i-3er-lloc-del-concurs-navcia-2023-2024-recreant-la-calor-de-la-llar-del-nadal\\\/#article\",\"isPartOf\":{\"@id\":\"https:\\\/\\\/addinformatica.com\\\/ca\\\/noticies\\\/2n-i-3er-lloc-del-concurs-navcia-2023-2024-recreant-la-calor-de-la-llar-del-nadal\\\/\"},\"author\":{\"name\":\"ADD_es_admin\",\"@id\":\"https:\\\/\\\/addinformatica.com\\\/#\\\/schema\\\/person\\\/063f1036d6af39f34b17382e1b7fdd24\"},\"headline\":\"2n i 3er lloc del Concurs NAV&#038;CIA 2023-2024: recreant la calor de la llar del Nadal\",\"datePublished\":\"2024-02-07T10:24:21+00:00\",\"dateModified\":\"2024-02-07T10:26:29+00:00\",\"mainEntityOfPage\":{\"@id\":\"https:\\\/\\\/addinformatica.com\\\/ca\\\/noticies\\\/2n-i-3er-lloc-del-concurs-navcia-2023-2024-recreant-la-calor-de-la-llar-del-nadal\\\/\"},\"wordCount\":1433,\"image\":{\"@id\":\"https:\\\/\\\/addinformatica.com\\\/ca\\\/noticies\\\/2n-i-3er-lloc-del-concurs-navcia-2023-2024-recreant-la-calor-de-la-llar-del-nadal\\\/#primaryimage\"},\"thumbnailUrl\":\"https:\\\/\\\/addinformatica.com\\\/wp-content\\\/uploads\\\/2024\\\/02\\\/residencia-de-la-cruz-roja-de-castro-de-rei-gano-el-segundo-lugar-del-concurso-navcia-2023-2024.jpg\",\"articleSection\":[\"Noticies\"],\"inLanguage\":\"ca\"},{\"@type\":\"WebPage\",\"@id\":\"https:\\\/\\\/addinformatica.com\\\/ca\\\/noticies\\\/2n-i-3er-lloc-del-concurs-navcia-2023-2024-recreant-la-calor-de-la-llar-del-nadal\\\/\",\"url\":\"https:\\\/\\\/addinformatica.com\\\/ca\\\/noticies\\\/2n-i-3er-lloc-del-concurs-navcia-2023-2024-recreant-la-calor-de-la-llar-del-nadal\\\/\",\"name\":\"2n i 3er lloc del Concurs NAV&CIA 2023-2024: recreant la calor de la llar del Nadal - ResiPlus\",\"isPartOf\":{\"@id\":\"https:\\\/\\\/addinformatica.com\\\/#website\"},\"primaryImageOfPage\":{\"@id\":\"https:\\\/\\\/addinformatica.com\\\/ca\\\/noticies\\\/2n-i-3er-lloc-del-concurs-navcia-2023-2024-recreant-la-calor-de-la-llar-del-nadal\\\/#primaryimage\"},\"image\":{\"@id\":\"https:\\\/\\\/addinformatica.com\\\/ca\\\/noticies\\\/2n-i-3er-lloc-del-concurs-navcia-2023-2024-recreant-la-calor-de-la-llar-del-nadal\\\/#primaryimage\"},\"thumbnailUrl\":\"https:\\\/\\\/addinformatica.com\\\/wp-content\\\/uploads\\\/2024\\\/02\\\/residencia-de-la-cruz-roja-de-castro-de-rei-gano-el-segundo-lugar-del-concurso-navcia-2023-2024.jpg\",\"datePublished\":\"2024-02-07T10:24:21+00:00\",\"dateModified\":\"2024-02-07T10:26:29+00:00\",\"author\":{\"@id\":\"https:\\\/\\\/addinformatica.com\\\/#\\\/schema\\\/person\\\/063f1036d6af39f34b17382e1b7fdd24\"},\"breadcrumb\":{\"@id\":\"https:\\\/\\\/addinformatica.com\\\/ca\\\/noticies\\\/2n-i-3er-lloc-del-concurs-navcia-2023-2024-recreant-la-calor-de-la-llar-del-nadal\\\/#breadcrumb\"},\"inLanguage\":\"ca\",\"potentialAction\":[{\"@type\":\"ReadAction\",\"target\":[\"https:\\\/\\\/addinformatica.com\\\/ca\\\/noticies\\\/2n-i-3er-lloc-del-concurs-navcia-2023-2024-recreant-la-calor-de-la-llar-del-nadal\\\/\"]}]},{\"@type\":\"ImageObject\",\"inLanguage\":\"ca\",\"@id\":\"https:\\\/\\\/addinformatica.com\\\/ca\\\/noticies\\\/2n-i-3er-lloc-del-concurs-navcia-2023-2024-recreant-la-calor-de-la-llar-del-nadal\\\/#primaryimage\",\"url\":\"https:\\\/\\\/addinformatica.com\\\/wp-content\\\/uploads\\\/2024\\\/02\\\/residencia-de-la-cruz-roja-de-castro-de-rei-gano-el-segundo-lugar-del-concurso-navcia-2023-2024.jpg\",\"contentUrl\":\"https:\\\/\\\/addinformatica.com\\\/wp-content\\\/uploads\\\/2024\\\/02\\\/residencia-de-la-cruz-roja-de-castro-de-rei-gano-el-segundo-lugar-del-concurso-navcia-2023-2024.jpg\",\"width\":948,\"height\":1264},{\"@type\":\"BreadcrumbList\",\"@id\":\"https:\\\/\\\/addinformatica.com\\\/ca\\\/noticies\\\/2n-i-3er-lloc-del-concurs-navcia-2023-2024-recreant-la-calor-de-la-llar-del-nadal\\\/#breadcrumb\",\"itemListElement\":[{\"@type\":\"ListItem\",\"position\":1,\"name\":\"Portada\",\"item\":\"https:\\\/\\\/addinformatica.com\\\/ca\\\/\"},{\"@type\":\"ListItem\",\"position\":2,\"name\":\"2n i 3er lloc del Concurs NAV&#038;CIA 2023-2024: recreant la calor de la llar del Nadal\"}]},{\"@type\":\"WebSite\",\"@id\":\"https:\\\/\\\/addinformatica.com\\\/#website\",\"url\":\"https:\\\/\\\/addinformatica.com\\\/\",\"name\":\"ResiPlus\",\"description\":\"Software de gesti\u00f3n de residencias, centros de d\u00eda y discapacitados | ResiPlus\",\"potentialAction\":[{\"@type\":\"SearchAction\",\"target\":{\"@type\":\"EntryPoint\",\"urlTemplate\":\"https:\\\/\\\/addinformatica.com\\\/?s={search_term_string}\"},\"query-input\":{\"@type\":\"PropertyValueSpecification\",\"valueRequired\":true,\"valueName\":\"search_term_string\"}}],\"inLanguage\":\"ca\"},{\"@type\":\"Person\",\"@id\":\"https:\\\/\\\/addinformatica.com\\\/#\\\/schema\\\/person\\\/063f1036d6af39f34b17382e1b7fdd24\",\"name\":\"ADD_es_admin\",\"image\":{\"@type\":\"ImageObject\",\"inLanguage\":\"ca\",\"@id\":\"https:\\\/\\\/secure.gravatar.com\\\/avatar\\\/f24b1ca4e9d4f6821988e85d4d11d5a5a70c73477e7bd56eb713e4abc2e4ab23?s=96&d=mm&r=g\",\"url\":\"https:\\\/\\\/secure.gravatar.com\\\/avatar\\\/f24b1ca4e9d4f6821988e85d4d11d5a5a70c73477e7bd56eb713e4abc2e4ab23?s=96&d=mm&r=g\",\"contentUrl\":\"https:\\\/\\\/secure.gravatar.com\\\/avatar\\\/f24b1ca4e9d4f6821988e85d4d11d5a5a70c73477e7bd56eb713e4abc2e4ab23?s=96&d=mm&r=g\",\"caption\":\"ADD_es_admin\"},\"sameAs\":[\"https:\\\/\\\/resiplus.dagocreativo.com\"],\"url\":\"https:\\\/\\\/addinformatica.com\\\/ca\\\/author\\\/add_es_admin\\\/\"}]}<\/script>\n<!-- \/ Yoast SEO plugin. -->","yoast_head_json":{"title":"2n i 3er lloc del Concurs NAV&CIA 2023-2024: recreant la calor de la llar del Nadal - ResiPlus","robots":{"index":"noindex","follow":"follow"},"og_locale":"ca_ES","og_type":"article","og_title":"2n i 3er lloc del Concurs NAV&CIA 2023-2024: recreant la calor de la llar del Nadal - ResiPlus","og_description":"L&#8217; onzena edici\u00f3 del nostre Concurs de manualitats nadalenques NAV&amp;CIA 2023-2024 va culminar deixant un excel\u00b7lent aprenentatge i ressaltant el valor dels dependents. A ADD inform\u00e0tica agra\u00efm l&#8217;alt nivell de comprom\u00eds i de participaci\u00f3 que es va aconseguir observar a cadascun dels centres que hi van ser presents. Coneguem una mica sobre l&#8217;experi\u00e8ncia dels guanyadors [...]","og_url":"https:\/\/addinformatica.com\/ca\/noticies\/2n-i-3er-lloc-del-concurs-navcia-2023-2024-recreant-la-calor-de-la-llar-del-nadal\/","og_site_name":"ResiPlus","article_published_time":"2024-02-07T10:24:21+00:00","article_modified_time":"2024-02-07T10:26:29+00:00","og_image":[{"width":948,"height":1264,"url":"https:\/\/addinformatica.com\/wp-content\/uploads\/2024\/02\/residencia-de-la-cruz-roja-de-castro-de-rei-gano-el-segundo-lugar-del-concurso-navcia-2023-2024.jpg","type":"image\/jpeg"}],"author":"ADD_es_admin","twitter_card":"summary_large_image","twitter_misc":{"Escrit per":"ADD_es_admin","Temps estimat de lectura":"7 minuts"},"schema":{"@context":"https:\/\/schema.org","@graph":[{"@type":"Article","@id":"https:\/\/addinformatica.com\/ca\/noticies\/2n-i-3er-lloc-del-concurs-navcia-2023-2024-recreant-la-calor-de-la-llar-del-nadal\/#article","isPartOf":{"@id":"https:\/\/addinformatica.com\/ca\/noticies\/2n-i-3er-lloc-del-concurs-navcia-2023-2024-recreant-la-calor-de-la-llar-del-nadal\/"},"author":{"name":"ADD_es_admin","@id":"https:\/\/addinformatica.com\/#\/schema\/person\/063f1036d6af39f34b17382e1b7fdd24"},"headline":"2n i 3er lloc del Concurs NAV&#038;CIA 2023-2024: recreant la calor de la llar del Nadal","datePublished":"2024-02-07T10:24:21+00:00","dateModified":"2024-02-07T10:26:29+00:00","mainEntityOfPage":{"@id":"https:\/\/addinformatica.com\/ca\/noticies\/2n-i-3er-lloc-del-concurs-navcia-2023-2024-recreant-la-calor-de-la-llar-del-nadal\/"},"wordCount":1433,"image":{"@id":"https:\/\/addinformatica.com\/ca\/noticies\/2n-i-3er-lloc-del-concurs-navcia-2023-2024-recreant-la-calor-de-la-llar-del-nadal\/#primaryimage"},"thumbnailUrl":"https:\/\/addinformatica.com\/wp-content\/uploads\/2024\/02\/residencia-de-la-cruz-roja-de-castro-de-rei-gano-el-segundo-lugar-del-concurso-navcia-2023-2024.jpg","articleSection":["Noticies"],"inLanguage":"ca"},{"@type":"WebPage","@id":"https:\/\/addinformatica.com\/ca\/noticies\/2n-i-3er-lloc-del-concurs-navcia-2023-2024-recreant-la-calor-de-la-llar-del-nadal\/","url":"https:\/\/addinformatica.com\/ca\/noticies\/2n-i-3er-lloc-del-concurs-navcia-2023-2024-recreant-la-calor-de-la-llar-del-nadal\/","name":"2n i 3er lloc del Concurs NAV&CIA 2023-2024: recreant la calor de la llar del Nadal - ResiPlus","isPartOf":{"@id":"https:\/\/addinformatica.com\/#website"},"primaryImageOfPage":{"@id":"https:\/\/addinformatica.com\/ca\/noticies\/2n-i-3er-lloc-del-concurs-navcia-2023-2024-recreant-la-calor-de-la-llar-del-nadal\/#primaryimage"},"image":{"@id":"https:\/\/addinformatica.com\/ca\/noticies\/2n-i-3er-lloc-del-concurs-navcia-2023-2024-recreant-la-calor-de-la-llar-del-nadal\/#primaryimage"},"thumbnailUrl":"https:\/\/addinformatica.com\/wp-content\/uploads\/2024\/02\/residencia-de-la-cruz-roja-de-castro-de-rei-gano-el-segundo-lugar-del-concurso-navcia-2023-2024.jpg","datePublished":"2024-02-07T10:24:21+00:00","dateModified":"2024-02-07T10:26:29+00:00","author":{"@id":"https:\/\/addinformatica.com\/#\/schema\/person\/063f1036d6af39f34b17382e1b7fdd24"},"breadcrumb":{"@id":"https:\/\/addinformatica.com\/ca\/noticies\/2n-i-3er-lloc-del-concurs-navcia-2023-2024-recreant-la-calor-de-la-llar-del-nadal\/#breadcrumb"},"inLanguage":"ca","potentialAction":[{"@type":"ReadAction","target":["https:\/\/addinformatica.com\/ca\/noticies\/2n-i-3er-lloc-del-concurs-navcia-2023-2024-recreant-la-calor-de-la-llar-del-nadal\/"]}]},{"@type":"ImageObject","inLanguage":"ca","@id":"https:\/\/addinformatica.com\/ca\/noticies\/2n-i-3er-lloc-del-concurs-navcia-2023-2024-recreant-la-calor-de-la-llar-del-nadal\/#primaryimage","url":"https:\/\/addinformatica.com\/wp-content\/uploads\/2024\/02\/residencia-de-la-cruz-roja-de-castro-de-rei-gano-el-segundo-lugar-del-concurso-navcia-2023-2024.jpg","contentUrl":"https:\/\/addinformatica.com\/wp-content\/uploads\/2024\/02\/residencia-de-la-cruz-roja-de-castro-de-rei-gano-el-segundo-lugar-del-concurso-navcia-2023-2024.jpg","width":948,"height":1264},{"@type":"BreadcrumbList","@id":"https:\/\/addinformatica.com\/ca\/noticies\/2n-i-3er-lloc-del-concurs-navcia-2023-2024-recreant-la-calor-de-la-llar-del-nadal\/#breadcrumb","itemListElement":[{"@type":"ListItem","position":1,"name":"Portada","item":"https:\/\/addinformatica.com\/ca\/"},{"@type":"ListItem","position":2,"name":"2n i 3er lloc del Concurs NAV&#038;CIA 2023-2024: recreant la calor de la llar del Nadal"}]},{"@type":"WebSite","@id":"https:\/\/addinformatica.com\/#website","url":"https:\/\/addinformatica.com\/","name":"ResiPlus","description":"Software de gesti\u00f3n de residencias, centros de d\u00eda y discapacitados | ResiPlus","potentialAction":[{"@type":"SearchAction","target":{"@type":"EntryPoint","urlTemplate":"https:\/\/addinformatica.com\/?s={search_term_string}"},"query-input":{"@type":"PropertyValueSpecification","valueRequired":true,"valueName":"search_term_string"}}],"inLanguage":"ca"},{"@type":"Person","@id":"https:\/\/addinformatica.com\/#\/schema\/person\/063f1036d6af39f34b17382e1b7fdd24","name":"ADD_es_admin","image":{"@type":"ImageObject","inLanguage":"ca","@id":"https:\/\/secure.gravatar.com\/avatar\/f24b1ca4e9d4f6821988e85d4d11d5a5a70c73477e7bd56eb713e4abc2e4ab23?s=96&d=mm&r=g","url":"https:\/\/secure.gravatar.com\/avatar\/f24b1ca4e9d4f6821988e85d4d11d5a5a70c73477e7bd56eb713e4abc2e4ab23?s=96&d=mm&r=g","contentUrl":"https:\/\/secure.gravatar.com\/avatar\/f24b1ca4e9d4f6821988e85d4d11d5a5a70c73477e7bd56eb713e4abc2e4ab23?s=96&d=mm&r=g","caption":"ADD_es_admin"},"sameAs":["https:\/\/resiplus.dagocreativo.com"],"url":"https:\/\/addinformatica.com\/ca\/author\/add_es_admin\/"}]}},"_links":{"self":[{"href":"https:\/\/addinformatica.com\/ca\/wp-json\/wp\/v2\/posts\/31415","targetHints":{"allow":["GET"]}}],"collection":[{"href":"https:\/\/addinformatica.com\/ca\/wp-json\/wp\/v2\/posts"}],"about":[{"href":"https:\/\/addinformatica.com\/ca\/wp-json\/wp\/v2\/types\/post"}],"author":[{"embeddable":true,"href":"https:\/\/addinformatica.com\/ca\/wp-json\/wp\/v2\/users\/1"}],"replies":[{"embeddable":true,"href":"https:\/\/addinformatica.com\/ca\/wp-json\/wp\/v2\/comments?post=31415"}],"version-history":[{"count":0,"href":"https:\/\/addinformatica.com\/ca\/wp-json\/wp\/v2\/posts\/31415\/revisions"}],"wp:featuredmedia":[{"embeddable":true,"href":"https:\/\/addinformatica.com\/ca\/wp-json\/wp\/v2\/media\/31413"}],"wp:attachment":[{"href":"https:\/\/addinformatica.com\/ca\/wp-json\/wp\/v2\/media?parent=31415"}],"wp:term":[{"taxonomy":"category","embeddable":true,"href":"https:\/\/addinformatica.com\/ca\/wp-json\/wp\/v2\/categories?post=31415"},{"taxonomy":"post_tag","embeddable":true,"href":"https:\/\/addinformatica.com\/ca\/wp-json\/wp\/v2\/tags?post=31415"},{"taxonomy":"video-cat","embeddable":true,"href":"https:\/\/addinformatica.com\/ca\/wp-json\/wp\/v2\/video-cat?post=31415"}],"curies":[{"name":"wp","href":"https:\/\/api.w.org\/{rel}","templated":true}]}}