{"id":26957,"date":"2022-03-19T10:00:00","date_gmt":"2022-03-19T10:00:00","guid":{"rendered":"https:\/\/www.addinformatica.com\/?p=26957"},"modified":"2022-03-14T10:33:36","modified_gmt":"2022-03-14T10:33:36","slug":"dia-internacional-del-treball-social","status":"publish","type":"post","link":"https:\/\/addinformatica.com\/ca\/noticies\/dia-internacional-del-treball-social\/","title":{"rendered":"\ufffcDia Internacional del Treball Social"},"content":{"rendered":"\n<div class=\"wp-block-image\"><figure class=\"aligncenter size-full\"><img loading=\"lazy\" decoding=\"async\" width=\"951\" height=\"449\" src=\"https:\/\/addinformatica.com\/wp-content\/uploads\/2022\/03\/El-trabajo-social-influye-en-el-futuro-de-la-sociedad.jpg\" alt=\"El treball social influeix en el futur de la societat\" class=\"wp-image-26950\" srcset=\"https:\/\/addinformatica.com\/wp-content\/uploads\/2022\/03\/El-trabajo-social-influye-en-el-futuro-de-la-sociedad.jpg 951w, https:\/\/addinformatica.com\/wp-content\/uploads\/2022\/03\/El-trabajo-social-influye-en-el-futuro-de-la-sociedad-300x142.jpg 300w, https:\/\/addinformatica.com\/wp-content\/uploads\/2022\/03\/El-trabajo-social-influye-en-el-futuro-de-la-sociedad-768x363.jpg 768w\" sizes=\"auto, (max-width: 951px) 100vw, 951px\" \/><\/figure><\/div>\n\n\n\n<p>El <strong>Dia Internacional del Treball Social 2022 <\/strong>se celebra el 15 de mar\u00e7 sota el lema <em>\u201cConstruint junts un nou m\u00f3n eco-social: sense deixar ning\u00fa enrere\u201d, <\/em>seguint la l\u00ednia de la Cimera Mundial que es dur\u00e0 a terme des del 29 de juny al 2 de juliol d&#8217;aquest mateix any.<\/p>\n\n\n\n<p>En aquesta data se celebra la <strong>feina, el comprom\u00eds i la contribuci\u00f3 <\/strong>dels treballadors socials amb la societat. Aquests professionals s\u00f3n coneixedors de la realitat social en qu\u00e8 viuen moltes persones, s\u00f3n l\u00edders del canvi, a m\u00e9s de ser impulsors de la garantia i lluita dels drets socials de les persones .<\/p>\n\n\n\n<p>El seu <strong>important paper i professi\u00f3 <\/strong>t\u00e9 un enfocament de desenvolupament social local, per\u00f2 tamb\u00e9 cerca <strong>solucions globals <\/strong>davant de situacions que afecten ciutats i pa\u00efsos sencers. La celebraci\u00f3 <strong>d&#8217;aquest any <\/strong><strong>pret\u00e9n <\/strong><strong>que el treball social influeixi en les pol\u00edtiques nacionals, regionals i locals <\/strong>, en les accions dels governs i destacar la seva participaci\u00f3 i contribuci\u00f3 al m\u00f3n.<\/p>\n\n\n\n<h2 class=\"wp-block-heading\"><a><\/a>Quin \u00e9s lobjectiu del Dia Internacional del Treball Social?<\/h2>\n\n\n\n<p>El <strong>Dia Internacional del Treball Social <\/strong>t\u00e9 com a objectiu destacar els \u00e8xits del treball social, incrementar la visibilitat dels serveis socials per al desenvolupament de les societats. A m\u00e9s de <strong>defensar els drets humans i la just\u00edcia social <\/strong>.<\/p>\n\n\n\n<p>Treballadors socials de tot el m\u00f3n <strong>celebren i promouen <\/strong>les contribucions i repercussions que t\u00e9 la professi\u00f3 a les persones, fam\u00edlies senceres, comunitats i el pa\u00eds en general.<\/p>\n\n\n\n<h2 class=\"wp-block-heading\"><a><\/a>Quin \u00e9s el dia Internacional del Treball Social?<\/h2>\n\n\n\n<p>L&#8217;any 2008, es va celebrar a Salvador de Bahia, Brasil, l&#8217;<strong>Assemblea Nacional de Treballadors Socials <\/strong>, que van decidir fixar una data per a la celebraci\u00f3 del seu dia. Per unanimitat van determinar que <strong>cada tercer dimarts del mes de mar\u00e7 de cada any <\/strong>es commemorar\u00e0 el <strong>Dia Internacional del Treball Social <\/strong>.<\/p>\n\n\n\n<p>La Federaci\u00f3 Intencional de Treballadors\/es Socials, l&#8217;Associaci\u00f3 Internacional d&#8217;Escoles de Treball Social i el Comit\u00e8 Internacional per al Benestar Social prenen com a refer\u00e8ncia aquesta data i fan activitats conjuntes de celebraci\u00f3.<\/p>\n\n\n\n<h2 class=\"wp-block-heading\">Qu\u00e8 \u00e9s el Treball Social?<\/h2>\n\n\n\n<p>El <strong>treball social <\/strong>\u00e9s una de les professions m\u00e9s humanes que hi poden haver. El seu paper \u00e9s articular els recursos socials que estiguin disponibles per al benestar de les persones o societats, a m\u00e9s de proporcionar atenci\u00f3 i evitar que pateixin qualsevol car\u00e8ncia o dificultat.<\/p>\n\n\n\n<p>Els <strong>treballadors socials <\/strong>treballen en comunitats perqu\u00e8 les persones trobin formes positives d&#8217;avan\u00e7ar i enfrontar els desafiaments que presenta la vida , ajuden i donen suport a les persones perqu\u00e8 <strong>construeixin els entorns on volen viure <\/strong>, promuen la coproducci\u00f3, codeterminaci\u00f3 i la responsabilitat social.<\/p>\n\n\n\n<p>En definitiva, \u00e9s determinant tenir una bona salut social per aconseguir una salut econ\u00f2mica.<\/p>\n\n\n\n<h2 class=\"wp-block-heading\"><a><\/a>Principis d&#8217;un treballador social<\/h2>\n\n\n\n<p>Un <strong>treballador social <\/strong>basa la seva professi\u00f3 en una s\u00e8rie de principis que esmentarem a continuaci\u00f3:<\/p>\n\n\n\n<h3 class=\"wp-block-heading\"><a><\/a>1.&nbsp;&nbsp;&nbsp; Drets humans i just\u00edcia social<\/h3>\n\n\n\n<p>Els <strong>drets humans i la just\u00edcia social <\/strong>s\u00f3n aspectes essencials en el pensament i les accions d&#8217;un treballador social. La seva pr\u00e0ctica \u00e8tica els guia a lluitar contra les desigualtats, la discriminaci\u00f3 social, i empoderar les persones perqu\u00e8 construeixin el seu propi cam\u00ed a la vida, que visquin sense danyar ni abusar d&#8217;altres persones.<\/p>\n\n\n\n<h3 class=\"wp-block-heading\"><a><\/a>2.&nbsp;&nbsp;&nbsp; Protecci\u00f3 social i inclusi\u00f3<\/h3>\n\n\n\n<p>Els <strong>treballadors socials <\/strong>tenen els coneixements, les habilitats i l&#8217;experi\u00e8ncia per treballar al costat de les persones i recolzar-les en el canvi transformacional que volen realitzar per aconseguir benestar individual i col\u00b7lectiu.<\/p>\n\n\n\n<p>Els <strong>treballadors socials <\/strong>treballen per la protecci\u00f3 social, la inclusi\u00f3 i la cohesi\u00f3 social.<\/p>\n\n\n\n<h3 class=\"wp-block-heading\"><a><\/a>3.&nbsp;&nbsp;&nbsp; L&#8217;economia i el treball social<\/h3>\n\n\n\n<p>El <strong>desenvolupament de l&#8217;economia i el treball social <\/strong>van de la m\u00e0 , ja que cada euro gastat en un treball social significa un retorn de tres vegades m\u00e9s de la inversi\u00f3. \u00c9s un dels moviments pol\u00edtics m\u00e9s grans a nivell mundial que lluita per la pau i la just\u00edcia social.<\/p>\n\n\n\n<h2 class=\"wp-block-heading\"><a><\/a>Funcions dun treballador social<\/h2>\n\n\n\n<p>Els <strong>treballadors socials <\/strong>orienten els seus esfor\u00e7os a millorar la qualitat de vida de les persones que els necessiten , tenen moltes responsabilitats i van a molts llocs.<\/p>\n\n\n\n<p>Les funcions d&#8217;un treballador social m\u00e9s comunes s\u00f3n :<\/p>\n\n\n\n<ol class=\"wp-block-list\" type=\"1\"><li>Brinden <strong>consultoria a les comunitats <\/strong>en temes com ab\u00fas, trastorns psicol\u00f2gics, conflictes familiars, discriminaci\u00f3 per ra\u00e7a o g\u00e8nere, atur, estrat social, entre d&#8217;altres.<\/li><li>Donen <strong>assessoria a menors <\/strong>que estan en situaci\u00f3 de cust\u00f2dia en els sistemes d&#8217;acolliment familiar.<\/li><li>Ofereixen <strong>assessoria a adolescents i adults <\/strong>que estan reclosos a institucions penitenci\u00e0ries.<\/li><li>Tamb\u00e9 <strong>proporcionen <\/strong><strong>suport i assessoria <\/strong>a persones de la tercera edat que estan a geri\u00e0trics.<\/li><li>Orienten les persones perqu\u00e8 superin la pobresa i cre\u00efn mitjans de vida dignes.<\/li><li>Treballen en conjunt amb centres d&#8217;atenci\u00f3 infantils i adults grans, avaluar les seves necessitats i ajudar a resoldre-les.<\/li><\/ol>\n\n\n\n<h2 class=\"wp-block-heading\"><a><\/a>Caracter\u00edstiques d&#8217;un treballador social<\/h2>\n\n\n\n<p>Per <strong>realitzar un treball social <\/strong>cal que el professional compti amb excel\u00b7lents habilitats de comunicaci\u00f3, \u00e9s a dir, s&#8217;ha d&#8217;expressar-se de manera <strong>clara i amb seguretat<\/strong>. Tenir paci\u00e8ncia, empatia, tacte i bon judici perqu\u00e8 es relacionar\u00e0 amb molts tipus de persones, algunes m\u00e9s accessibles que altres.<\/p>\n\n\n\n<p>Un <strong>treballador social <\/strong>ha de tenir empatia, sensibilitat i compassi\u00f3 davant de les necessitats de les persones. Fer <strong>sentir els altres valorats<\/strong>, tenir la capacitat de treballar en un ambient multicultural, en un espai ple d&#8217;una gran diversitat de persones i dels seus or\u00edgens. Tamb\u00e9 ha de tenir <strong>alts nivells de creativitat i capacitat de lideratge<\/strong>, saber donar resposta efectiva davant de situacions adverses, i a adaptar-se als constants canvis que poden passar a la seva feina.<\/p>\n\n\n\n<div class=\"wp-block-image\"><figure class=\"aligncenter size-full\"><img loading=\"lazy\" decoding=\"async\" width=\"947\" height=\"496\" src=\"https:\/\/addinformatica.com\/wp-content\/uploads\/2022\/03\/Un-trabajador-social-ayuda-a-las-personas-a-superar-sus-problemas.jpg\" alt=\"Un treballador social ajuda les persones a superar els seus problemes\" class=\"wp-image-26952\" srcset=\"https:\/\/addinformatica.com\/wp-content\/uploads\/2022\/03\/Un-trabajador-social-ayuda-a-las-personas-a-superar-sus-problemas.jpg 947w, https:\/\/addinformatica.com\/wp-content\/uploads\/2022\/03\/Un-trabajador-social-ayuda-a-las-personas-a-superar-sus-problemas-300x157.jpg 300w, https:\/\/addinformatica.com\/wp-content\/uploads\/2022\/03\/Un-trabajador-social-ayuda-a-las-personas-a-superar-sus-problemas-768x402.jpg 768w\" sizes=\"auto, (max-width: 947px) 100vw, 947px\" \/><\/figure><\/div>\n\n\n\n<h2 class=\"wp-block-heading\">Celebra el Dia Internacional del Treball Social a ADD Inform\u00e0tica<\/h2>\n\n\n\n<p>A <a href=\"https:\/\/addinformatica.com\/empresa\/\"><em>ADD Inform\u00e0tica<\/em><\/a>celebrem el <strong>Dia Internacional del Treball Social, <\/strong>li donem el sentit de reconeixement que es mereixen.<\/p>\n\n\n\n<p>Promovem <strong>el seu paper important i la seva professi\u00f3 <\/strong>a la societat i en <strong>centres d&#8217; atenci\u00f3 d&#8217; adults grans <\/strong>.<\/p>\n\n\n\n<p>El nostre comprom\u00eds es veu reflectit a la nostra dedicaci\u00f3 a crear aplicacions que facilitin el treball social als centres d&#8217;ajuda, com ResiPlus\u00ae.<\/p>\n\n\n\n<p><a><\/a>Contacta amb nosaltres! Rebr\u00e0s atenci\u00f3 personalitzada i t&#8217;assessorarem en tot all\u00f2 que necessitis.<\/p>\n","protected":false},"excerpt":{"rendered":"<p>El Dia Internacional del Treball Social 2022 se celebra el 15 de mar\u00e7 sota el lema \u201cConstruint junts un nou m\u00f3n eco-social: sense deixar ning\u00fa enrere\u201d, seguint la l\u00ednia de la Cimera Mundial que es dur\u00e0 a terme des del 29 de juny al 2 de juliol d&#8217;aquest mateix any. En aquesta data se celebra [&#8230;]\n","protected":false},"author":1,"featured_media":26955,"comment_status":"closed","ping_status":"closed","sticky":false,"template":"","format":"standard","meta":{"_acf_changed":false,"footnotes":""},"categories":[298],"tags":[],"video-cat":[],"class_list":["post-26957","post","type-post","status-publish","format-standard","has-post-thumbnail","hentry","category-noticies"],"acf":[],"yoast_head":"<!-- This site is optimized with the Yoast SEO plugin v27.4 - https:\/\/yoast.com\/product\/yoast-seo-wordpress\/ -->\n<title>\ufffcDia Internacional del Treball Social - ResiPlus<\/title>\n<meta name=\"robots\" content=\"index, follow, max-snippet:-1, max-image-preview:large, max-video-preview:-1\" \/>\n<link rel=\"canonical\" href=\"https:\/\/addinformatica.com\/noticias\/dia-internacional-del-trabajo-social\/\" \/>\n<meta property=\"og:locale\" content=\"ca_ES\" \/>\n<meta property=\"og:type\" content=\"article\" \/>\n<meta property=\"og:title\" content=\"\ufffcDia Internacional del Treball Social - ResiPlus\" \/>\n<meta property=\"og:description\" content=\"El Dia Internacional del Treball Social 2022 se celebra el 15 de mar\u00e7 sota el lema \u201cConstruint junts un nou m\u00f3n eco-social: sense deixar ning\u00fa enrere\u201d, seguint la l\u00ednia de la Cimera Mundial que es dur\u00e0 a terme des del 29 de juny al 2 de juliol d&#8217;aquest mateix any. En aquesta data se celebra [...]\" \/>\n<meta property=\"og:url\" content=\"https:\/\/addinformatica.com\/noticias\/dia-internacional-del-trabajo-social\/\" \/>\n<meta property=\"og:site_name\" content=\"ResiPlus\" \/>\n<meta property=\"article:published_time\" content=\"2022-03-19T10:00:00+00:00\" \/>\n<meta property=\"og:image\" content=\"https:\/\/addinformatica.com\/wp-content\/uploads\/2022\/03\/Portada.jpg\" \/>\n\t<meta property=\"og:image:width\" content=\"949\" \/>\n\t<meta property=\"og:image:height\" content=\"620\" \/>\n\t<meta property=\"og:image:type\" content=\"image\/jpeg\" \/>\n<meta name=\"author\" content=\"ADD_es_admin\" \/>\n<meta name=\"twitter:card\" content=\"summary_large_image\" \/>\n<meta name=\"twitter:label1\" content=\"Escrit per\" \/>\n\t<meta name=\"twitter:data1\" content=\"ADD_es_admin\" \/>\n\t<meta name=\"twitter:label2\" content=\"Temps estimat de lectura\" \/>\n\t<meta name=\"twitter:data2\" content=\"5 minuts\" \/>\n<script type=\"application\/ld+json\" class=\"yoast-schema-graph\">{\"@context\":\"https:\\\/\\\/schema.org\",\"@graph\":[{\"@type\":\"Article\",\"@id\":\"https:\\\/\\\/addinformatica.com\\\/noticias\\\/dia-internacional-del-trabajo-social\\\/#article\",\"isPartOf\":{\"@id\":\"https:\\\/\\\/addinformatica.com\\\/noticias\\\/dia-internacional-del-trabajo-social\\\/\"},\"author\":{\"name\":\"ADD_es_admin\",\"@id\":\"https:\\\/\\\/addinformatica.com\\\/#\\\/schema\\\/person\\\/063f1036d6af39f34b17382e1b7fdd24\"},\"headline\":\"\ufffcDia Internacional del Treball Social\",\"datePublished\":\"2022-03-19T10:00:00+00:00\",\"mainEntityOfPage\":{\"@id\":\"https:\\\/\\\/addinformatica.com\\\/noticias\\\/dia-internacional-del-trabajo-social\\\/\"},\"wordCount\":1051,\"image\":{\"@id\":\"https:\\\/\\\/addinformatica.com\\\/noticias\\\/dia-internacional-del-trabajo-social\\\/#primaryimage\"},\"thumbnailUrl\":\"https:\\\/\\\/addinformatica.com\\\/wp-content\\\/uploads\\\/2022\\\/03\\\/Portada.jpg\",\"articleSection\":[\"Noticies\"],\"inLanguage\":\"ca\"},{\"@type\":\"WebPage\",\"@id\":\"https:\\\/\\\/addinformatica.com\\\/noticias\\\/dia-internacional-del-trabajo-social\\\/\",\"url\":\"https:\\\/\\\/addinformatica.com\\\/noticias\\\/dia-internacional-del-trabajo-social\\\/\",\"name\":\"\ufffcDia Internacional del Treball Social - ResiPlus\",\"isPartOf\":{\"@id\":\"https:\\\/\\\/addinformatica.com\\\/#website\"},\"primaryImageOfPage\":{\"@id\":\"https:\\\/\\\/addinformatica.com\\\/noticias\\\/dia-internacional-del-trabajo-social\\\/#primaryimage\"},\"image\":{\"@id\":\"https:\\\/\\\/addinformatica.com\\\/noticias\\\/dia-internacional-del-trabajo-social\\\/#primaryimage\"},\"thumbnailUrl\":\"https:\\\/\\\/addinformatica.com\\\/wp-content\\\/uploads\\\/2022\\\/03\\\/Portada.jpg\",\"datePublished\":\"2022-03-19T10:00:00+00:00\",\"author\":{\"@id\":\"https:\\\/\\\/addinformatica.com\\\/#\\\/schema\\\/person\\\/063f1036d6af39f34b17382e1b7fdd24\"},\"breadcrumb\":{\"@id\":\"https:\\\/\\\/addinformatica.com\\\/noticias\\\/dia-internacional-del-trabajo-social\\\/#breadcrumb\"},\"inLanguage\":\"ca\",\"potentialAction\":[{\"@type\":\"ReadAction\",\"target\":[\"https:\\\/\\\/addinformatica.com\\\/noticias\\\/dia-internacional-del-trabajo-social\\\/\"]}]},{\"@type\":\"ImageObject\",\"inLanguage\":\"ca\",\"@id\":\"https:\\\/\\\/addinformatica.com\\\/noticias\\\/dia-internacional-del-trabajo-social\\\/#primaryimage\",\"url\":\"https:\\\/\\\/addinformatica.com\\\/wp-content\\\/uploads\\\/2022\\\/03\\\/Portada.jpg\",\"contentUrl\":\"https:\\\/\\\/addinformatica.com\\\/wp-content\\\/uploads\\\/2022\\\/03\\\/Portada.jpg\",\"width\":949,\"height\":620},{\"@type\":\"BreadcrumbList\",\"@id\":\"https:\\\/\\\/addinformatica.com\\\/noticias\\\/dia-internacional-del-trabajo-social\\\/#breadcrumb\",\"itemListElement\":[{\"@type\":\"ListItem\",\"position\":1,\"name\":\"Portada\",\"item\":\"https:\\\/\\\/addinformatica.com\\\/ca\\\/\"},{\"@type\":\"ListItem\",\"position\":2,\"name\":\"\ufffcDia Internacional del Treball Social\"}]},{\"@type\":\"WebSite\",\"@id\":\"https:\\\/\\\/addinformatica.com\\\/#website\",\"url\":\"https:\\\/\\\/addinformatica.com\\\/\",\"name\":\"ResiPlus\",\"description\":\"Software de gesti\u00f3n de residencias, centros de d\u00eda y discapacitados | ResiPlus\",\"potentialAction\":[{\"@type\":\"SearchAction\",\"target\":{\"@type\":\"EntryPoint\",\"urlTemplate\":\"https:\\\/\\\/addinformatica.com\\\/?s={search_term_string}\"},\"query-input\":{\"@type\":\"PropertyValueSpecification\",\"valueRequired\":true,\"valueName\":\"search_term_string\"}}],\"inLanguage\":\"ca\"},{\"@type\":\"Person\",\"@id\":\"https:\\\/\\\/addinformatica.com\\\/#\\\/schema\\\/person\\\/063f1036d6af39f34b17382e1b7fdd24\",\"name\":\"ADD_es_admin\",\"image\":{\"@type\":\"ImageObject\",\"inLanguage\":\"ca\",\"@id\":\"https:\\\/\\\/secure.gravatar.com\\\/avatar\\\/f24b1ca4e9d4f6821988e85d4d11d5a5a70c73477e7bd56eb713e4abc2e4ab23?s=96&d=mm&r=g\",\"url\":\"https:\\\/\\\/secure.gravatar.com\\\/avatar\\\/f24b1ca4e9d4f6821988e85d4d11d5a5a70c73477e7bd56eb713e4abc2e4ab23?s=96&d=mm&r=g\",\"contentUrl\":\"https:\\\/\\\/secure.gravatar.com\\\/avatar\\\/f24b1ca4e9d4f6821988e85d4d11d5a5a70c73477e7bd56eb713e4abc2e4ab23?s=96&d=mm&r=g\",\"caption\":\"ADD_es_admin\"},\"sameAs\":[\"https:\\\/\\\/resiplus.dagocreativo.com\"],\"url\":\"https:\\\/\\\/addinformatica.com\\\/ca\\\/author\\\/add_es_admin\\\/\"}]}<\/script>\n<!-- \/ Yoast SEO plugin. -->","yoast_head_json":{"title":"\ufffcDia Internacional del Treball Social - ResiPlus","robots":{"index":"index","follow":"follow","max-snippet":"max-snippet:-1","max-image-preview":"max-image-preview:large","max-video-preview":"max-video-preview:-1"},"canonical":"https:\/\/addinformatica.com\/noticias\/dia-internacional-del-trabajo-social\/","og_locale":"ca_ES","og_type":"article","og_title":"\ufffcDia Internacional del Treball Social - ResiPlus","og_description":"El Dia Internacional del Treball Social 2022 se celebra el 15 de mar\u00e7 sota el lema \u201cConstruint junts un nou m\u00f3n eco-social: sense deixar ning\u00fa enrere\u201d, seguint la l\u00ednia de la Cimera Mundial que es dur\u00e0 a terme des del 29 de juny al 2 de juliol d&#8217;aquest mateix any. En aquesta data se celebra [...]","og_url":"https:\/\/addinformatica.com\/noticias\/dia-internacional-del-trabajo-social\/","og_site_name":"ResiPlus","article_published_time":"2022-03-19T10:00:00+00:00","og_image":[{"width":949,"height":620,"url":"https:\/\/addinformatica.com\/wp-content\/uploads\/2022\/03\/Portada.jpg","type":"image\/jpeg"}],"author":"ADD_es_admin","twitter_card":"summary_large_image","twitter_misc":{"Escrit per":"ADD_es_admin","Temps estimat de lectura":"5 minuts"},"schema":{"@context":"https:\/\/schema.org","@graph":[{"@type":"Article","@id":"https:\/\/addinformatica.com\/noticias\/dia-internacional-del-trabajo-social\/#article","isPartOf":{"@id":"https:\/\/addinformatica.com\/noticias\/dia-internacional-del-trabajo-social\/"},"author":{"name":"ADD_es_admin","@id":"https:\/\/addinformatica.com\/#\/schema\/person\/063f1036d6af39f34b17382e1b7fdd24"},"headline":"\ufffcDia Internacional del Treball Social","datePublished":"2022-03-19T10:00:00+00:00","mainEntityOfPage":{"@id":"https:\/\/addinformatica.com\/noticias\/dia-internacional-del-trabajo-social\/"},"wordCount":1051,"image":{"@id":"https:\/\/addinformatica.com\/noticias\/dia-internacional-del-trabajo-social\/#primaryimage"},"thumbnailUrl":"https:\/\/addinformatica.com\/wp-content\/uploads\/2022\/03\/Portada.jpg","articleSection":["Noticies"],"inLanguage":"ca"},{"@type":"WebPage","@id":"https:\/\/addinformatica.com\/noticias\/dia-internacional-del-trabajo-social\/","url":"https:\/\/addinformatica.com\/noticias\/dia-internacional-del-trabajo-social\/","name":"\ufffcDia Internacional del Treball Social - ResiPlus","isPartOf":{"@id":"https:\/\/addinformatica.com\/#website"},"primaryImageOfPage":{"@id":"https:\/\/addinformatica.com\/noticias\/dia-internacional-del-trabajo-social\/#primaryimage"},"image":{"@id":"https:\/\/addinformatica.com\/noticias\/dia-internacional-del-trabajo-social\/#primaryimage"},"thumbnailUrl":"https:\/\/addinformatica.com\/wp-content\/uploads\/2022\/03\/Portada.jpg","datePublished":"2022-03-19T10:00:00+00:00","author":{"@id":"https:\/\/addinformatica.com\/#\/schema\/person\/063f1036d6af39f34b17382e1b7fdd24"},"breadcrumb":{"@id":"https:\/\/addinformatica.com\/noticias\/dia-internacional-del-trabajo-social\/#breadcrumb"},"inLanguage":"ca","potentialAction":[{"@type":"ReadAction","target":["https:\/\/addinformatica.com\/noticias\/dia-internacional-del-trabajo-social\/"]}]},{"@type":"ImageObject","inLanguage":"ca","@id":"https:\/\/addinformatica.com\/noticias\/dia-internacional-del-trabajo-social\/#primaryimage","url":"https:\/\/addinformatica.com\/wp-content\/uploads\/2022\/03\/Portada.jpg","contentUrl":"https:\/\/addinformatica.com\/wp-content\/uploads\/2022\/03\/Portada.jpg","width":949,"height":620},{"@type":"BreadcrumbList","@id":"https:\/\/addinformatica.com\/noticias\/dia-internacional-del-trabajo-social\/#breadcrumb","itemListElement":[{"@type":"ListItem","position":1,"name":"Portada","item":"https:\/\/addinformatica.com\/ca\/"},{"@type":"ListItem","position":2,"name":"\ufffcDia Internacional del Treball Social"}]},{"@type":"WebSite","@id":"https:\/\/addinformatica.com\/#website","url":"https:\/\/addinformatica.com\/","name":"ResiPlus","description":"Software de gesti\u00f3n de residencias, centros de d\u00eda y discapacitados | ResiPlus","potentialAction":[{"@type":"SearchAction","target":{"@type":"EntryPoint","urlTemplate":"https:\/\/addinformatica.com\/?s={search_term_string}"},"query-input":{"@type":"PropertyValueSpecification","valueRequired":true,"valueName":"search_term_string"}}],"inLanguage":"ca"},{"@type":"Person","@id":"https:\/\/addinformatica.com\/#\/schema\/person\/063f1036d6af39f34b17382e1b7fdd24","name":"ADD_es_admin","image":{"@type":"ImageObject","inLanguage":"ca","@id":"https:\/\/secure.gravatar.com\/avatar\/f24b1ca4e9d4f6821988e85d4d11d5a5a70c73477e7bd56eb713e4abc2e4ab23?s=96&d=mm&r=g","url":"https:\/\/secure.gravatar.com\/avatar\/f24b1ca4e9d4f6821988e85d4d11d5a5a70c73477e7bd56eb713e4abc2e4ab23?s=96&d=mm&r=g","contentUrl":"https:\/\/secure.gravatar.com\/avatar\/f24b1ca4e9d4f6821988e85d4d11d5a5a70c73477e7bd56eb713e4abc2e4ab23?s=96&d=mm&r=g","caption":"ADD_es_admin"},"sameAs":["https:\/\/resiplus.dagocreativo.com"],"url":"https:\/\/addinformatica.com\/ca\/author\/add_es_admin\/"}]}},"_links":{"self":[{"href":"https:\/\/addinformatica.com\/ca\/wp-json\/wp\/v2\/posts\/26957","targetHints":{"allow":["GET"]}}],"collection":[{"href":"https:\/\/addinformatica.com\/ca\/wp-json\/wp\/v2\/posts"}],"about":[{"href":"https:\/\/addinformatica.com\/ca\/wp-json\/wp\/v2\/types\/post"}],"author":[{"embeddable":true,"href":"https:\/\/addinformatica.com\/ca\/wp-json\/wp\/v2\/users\/1"}],"replies":[{"embeddable":true,"href":"https:\/\/addinformatica.com\/ca\/wp-json\/wp\/v2\/comments?post=26957"}],"version-history":[{"count":0,"href":"https:\/\/addinformatica.com\/ca\/wp-json\/wp\/v2\/posts\/26957\/revisions"}],"wp:featuredmedia":[{"embeddable":true,"href":"https:\/\/addinformatica.com\/ca\/wp-json\/wp\/v2\/media\/26955"}],"wp:attachment":[{"href":"https:\/\/addinformatica.com\/ca\/wp-json\/wp\/v2\/media?parent=26957"}],"wp:term":[{"taxonomy":"category","embeddable":true,"href":"https:\/\/addinformatica.com\/ca\/wp-json\/wp\/v2\/categories?post=26957"},{"taxonomy":"post_tag","embeddable":true,"href":"https:\/\/addinformatica.com\/ca\/wp-json\/wp\/v2\/tags?post=26957"},{"taxonomy":"video-cat","embeddable":true,"href":"https:\/\/addinformatica.com\/ca\/wp-json\/wp\/v2\/video-cat?post=26957"}],"curies":[{"name":"wp","href":"https:\/\/api.w.org\/{rel}","templated":true}]}}