{"id":21567,"date":"2021-02-16T10:23:03","date_gmt":"2021-02-16T10:23:03","guid":{"rendered":"https:\/\/resiplus.dagocreativo.com\/jornada-digitalitzacio-residencial\/"},"modified":"2021-09-21T08:49:46","modified_gmt":"2021-09-21T08:49:46","slug":"jornada-digitalitzacio-residencial","status":"publish","type":"post","link":"https:\/\/addinformatica.com\/ca\/conferencies\/jornada-digitalitzacio-residencial\/","title":{"rendered":"Jornada: Digitalitzaci\u00f3 Residencial"},"content":{"rendered":"\n<figure class=\"wp-block-image size-large\"><img loading=\"lazy\" decoding=\"async\" width=\"750\" height=\"362\" src=\"https:\/\/addinformatica.com\/wp-content\/uploads\/2020\/02\/cabecera-jornada-digitalizacion-residencial-ca-1.jpg\" alt=\"\" class=\"wp-image-18110\" srcset=\"https:\/\/addinformatica.com\/wp-content\/uploads\/2020\/02\/cabecera-jornada-digitalizacion-residencial-ca-1.jpg 750w, https:\/\/addinformatica.com\/wp-content\/uploads\/2020\/02\/cabecera-jornada-digitalizacion-residencial-ca-1-300x145.jpg 300w\" sizes=\"auto, (max-width: 750px) 100vw, 750px\" \/><\/figure>\n\n\n\n<p>Ens trobem en l&#8217;era de la digitalitzaci\u00f3, del maneig r\u00e0pid i intu\u00eftiu de les dades i el sector sociosanitari no pot ser ali\u00e8 a aquesta tend\u00e8ncia. \u00c9s per aix\u00f2 que les empreses tecnol\u00f2giques hem de dotar de mitjans al personal dels centres, tant auxiliars com a directius, perqu\u00e8 la introducci\u00f3 i gesti\u00f3 de la informaci\u00f3 sigui el m\u00e9s eficient i segura possible.<\/p>\n\n\n\n<p>D&#8217;altra banda, la interacci\u00f3 entre sistemes \u00e9s fonamental. De manera individual ja aporten molt valor, per\u00f2 de forma integrada es potencia la seva funcionalitat. Integraci\u00f3 \u00e9s la paraula clau.<\/p>\n\n\n\n<figure class=\"wp-block-table\"><table><tbody><tr><td> <strong>Beneficis de la digitalitzaci\u00f3<\/strong> <\/td><\/tr><tr><td>Quins beneficis podrem obtenir de la digitalitzaci\u00f3?<\/td><\/tr><tr><td><strong>Qualitat i Seguretat .<\/strong>Major qualitat assistencial, millora de la imatge corporativa, eliminaci\u00f3 d&#8217;errors de transcripci\u00f3&#8230; <br><strong>Integraci\u00f3. <\/strong>Integrar els sistemes assistencials per aconseguir els beneficis de la feina en com\u00fa d&#8217;aquests. <br><strong>Efici\u00e8ncia. <\/strong>Augmentarem l&#8217;efici\u00e8ncia reduint els costos i millorant la gesti\u00f3 de centre.<\/td><\/tr><\/tbody><\/table><\/figure>\n\n\n\n<div style=\"height:25px\" aria-hidden=\"true\" class=\"wp-block-spacer\"><\/div>\n\n\n\n<figure class=\"wp-block-table\"><table><tbody><tr><td><strong>  AGENDA &#8211; DIMECRES 4 DE MAR\u00c7 DE 2020<\/strong><\/td><\/tr><tr><td> <strong>10:00-10:30<\/strong>  Recepci\u00f3 d&#8217;assistents i caf\u00e8.<\/td><\/tr><tr><td> <strong>10:30-11:00<\/strong>  Introducci\u00f3 de l&#8217;esdeveniment i empreses participants <\/td><\/tr><tr><td> <strong>11:00-12:30<\/strong>  Demostraci\u00f3 de integracions de el sector residencial on veurem com es comuniquen sistemes com: <br> Paciente enfermera.<br> Control de accesos.<br> Resi<strong>Plus<\/strong><sup>\u00ae<\/sup>.<br> Sistemes de telemedicina dissenyats per al sector residencia <\/td><\/tr><tr><td> <strong>12:30<\/strong> Finalitzaci\u00f3 de l&#8217;esdeveniment amb un vi d&#8217;honor<\/td><\/tr><tr><td><strong>Localitzaci\u00f3:<\/strong> <strong>Sala Picasso<\/strong> \u00b7 Av. Portal de l\u2019\u00c0ngel, 36, 08002 &#8211; Barcelona  <br>Esperem poder veure&#8217;ls a Barcelona. <\/td><\/tr><\/tbody><\/table><\/figure>\n\n\n\n<div style=\"height:50px\" aria-hidden=\"true\" class=\"wp-block-spacer\"><\/div>\n\n\n\n<div class=\"wp-block-button aligncenter is-style-fill\"><a class=\"wp-block-button__link\" href=\"https:\/\/isecosistemas.typeform.com\/to\/Iomyv4\" style=\"border-radius:5px\" target=\"_blank\" rel=\"noreferrer noopener\">INSCRIGUI<\/a><\/div>\n\n\n\n<div style=\"height:50px\" aria-hidden=\"true\" class=\"wp-block-spacer\"><\/div>\n","protected":false},"excerpt":{"rendered":"<p>Ens trobem en l&#8217;era de la digitalitzaci\u00f3, del maneig r\u00e0pid i intu\u00eftiu de les dades i el sector sociosanitari no pot ser ali\u00e8 a aquesta tend\u00e8ncia. \u00c9s per aix\u00f2 que les empreses tecnol\u00f2giques hem de dotar de mitjans al personal dels centres, tant auxiliars com a directius, perqu\u00e8 la introducci\u00f3 i gesti\u00f3 de la informaci\u00f3 [&#8230;]\n","protected":false},"author":1,"featured_media":22937,"comment_status":"closed","ping_status":"closed","sticky":false,"template":"","format":"standard","meta":{"_acf_changed":false,"footnotes":""},"categories":[297,298],"tags":[],"video-cat":[],"class_list":["post-21567","post","type-post","status-publish","format-standard","has-post-thumbnail","hentry","category-conferencies","category-noticies"],"acf":[],"yoast_head":"<!-- This site is optimized with the Yoast SEO plugin v27.4 - https:\/\/yoast.com\/product\/yoast-seo-wordpress\/ -->\n<title>Jornada: Digitalitzaci\u00f3 Residencial - ResiPlus<\/title>\n<meta name=\"robots\" content=\"index, follow, max-snippet:-1, max-image-preview:large, max-video-preview:-1\" \/>\n<link rel=\"canonical\" href=\"https:\/\/addinformatica.com\/ca\/conferencies\/jornada-digitalitzacio-residencial\/\" \/>\n<meta property=\"og:locale\" content=\"ca_ES\" \/>\n<meta property=\"og:type\" content=\"article\" \/>\n<meta property=\"og:title\" content=\"Jornada: Digitalitzaci\u00f3 Residencial - ResiPlus\" \/>\n<meta property=\"og:description\" content=\"Ens trobem en l&#8217;era de la digitalitzaci\u00f3, del maneig r\u00e0pid i intu\u00eftiu de les dades i el sector sociosanitari no pot ser ali\u00e8 a aquesta tend\u00e8ncia. \u00c9s per aix\u00f2 que les empreses tecnol\u00f2giques hem de dotar de mitjans al personal dels centres, tant auxiliars com a directius, perqu\u00e8 la introducci\u00f3 i gesti\u00f3 de la informaci\u00f3 [...]\" \/>\n<meta property=\"og:url\" content=\"https:\/\/addinformatica.com\/ca\/conferencies\/jornada-digitalitzacio-residencial\/\" \/>\n<meta property=\"og:site_name\" content=\"ResiPlus\" \/>\n<meta property=\"article:published_time\" content=\"2021-02-16T10:23:03+00:00\" \/>\n<meta property=\"article:modified_time\" content=\"2021-09-21T08:49:46+00:00\" \/>\n<meta property=\"og:image\" content=\"https:\/\/addinformatica.com\/wp-content\/uploads\/2020\/02\/destacada-jornada-digitalizacion-residencial-es-1.jpg\" \/>\n\t<meta property=\"og:image:width\" content=\"1200\" \/>\n\t<meta property=\"og:image:height\" content=\"720\" \/>\n\t<meta property=\"og:image:type\" content=\"image\/jpeg\" \/>\n<meta name=\"author\" content=\"ADD_es_admin\" \/>\n<meta name=\"twitter:card\" content=\"summary_large_image\" \/>\n<meta name=\"twitter:label1\" content=\"Escrit per\" \/>\n\t<meta name=\"twitter:data1\" content=\"ADD_es_admin\" \/>\n\t<meta name=\"twitter:label2\" content=\"Temps estimat de lectura\" \/>\n\t<meta name=\"twitter:data2\" content=\"2 minuts\" \/>\n<script type=\"application\/ld+json\" class=\"yoast-schema-graph\">{\"@context\":\"https:\\\/\\\/schema.org\",\"@graph\":[{\"@type\":\"Article\",\"@id\":\"https:\\\/\\\/addinformatica.com\\\/ca\\\/conferencies\\\/jornada-digitalitzacio-residencial\\\/#article\",\"isPartOf\":{\"@id\":\"https:\\\/\\\/addinformatica.com\\\/ca\\\/conferencies\\\/jornada-digitalitzacio-residencial\\\/\"},\"author\":{\"name\":\"ADD_es_admin\",\"@id\":\"https:\\\/\\\/addinformatica.com\\\/#\\\/schema\\\/person\\\/063f1036d6af39f34b17382e1b7fdd24\"},\"headline\":\"Jornada: Digitalitzaci\u00f3 Residencial\",\"datePublished\":\"2021-02-16T10:23:03+00:00\",\"dateModified\":\"2021-09-21T08:49:46+00:00\",\"mainEntityOfPage\":{\"@id\":\"https:\\\/\\\/addinformatica.com\\\/ca\\\/conferencies\\\/jornada-digitalitzacio-residencial\\\/\"},\"wordCount\":234,\"image\":{\"@id\":\"https:\\\/\\\/addinformatica.com\\\/ca\\\/conferencies\\\/jornada-digitalitzacio-residencial\\\/#primaryimage\"},\"thumbnailUrl\":\"https:\\\/\\\/addinformatica.com\\\/wp-content\\\/uploads\\\/2020\\\/02\\\/destacada-jornada-digitalizacion-residencial-es-1.jpg\",\"articleSection\":[\"Confer\u00e8ncies\",\"Noticies\"],\"inLanguage\":\"ca\"},{\"@type\":\"WebPage\",\"@id\":\"https:\\\/\\\/addinformatica.com\\\/ca\\\/conferencies\\\/jornada-digitalitzacio-residencial\\\/\",\"url\":\"https:\\\/\\\/addinformatica.com\\\/ca\\\/conferencies\\\/jornada-digitalitzacio-residencial\\\/\",\"name\":\"Jornada: Digitalitzaci\u00f3 Residencial - ResiPlus\",\"isPartOf\":{\"@id\":\"https:\\\/\\\/addinformatica.com\\\/#website\"},\"primaryImageOfPage\":{\"@id\":\"https:\\\/\\\/addinformatica.com\\\/ca\\\/conferencies\\\/jornada-digitalitzacio-residencial\\\/#primaryimage\"},\"image\":{\"@id\":\"https:\\\/\\\/addinformatica.com\\\/ca\\\/conferencies\\\/jornada-digitalitzacio-residencial\\\/#primaryimage\"},\"thumbnailUrl\":\"https:\\\/\\\/addinformatica.com\\\/wp-content\\\/uploads\\\/2020\\\/02\\\/destacada-jornada-digitalizacion-residencial-es-1.jpg\",\"datePublished\":\"2021-02-16T10:23:03+00:00\",\"dateModified\":\"2021-09-21T08:49:46+00:00\",\"author\":{\"@id\":\"https:\\\/\\\/addinformatica.com\\\/#\\\/schema\\\/person\\\/063f1036d6af39f34b17382e1b7fdd24\"},\"breadcrumb\":{\"@id\":\"https:\\\/\\\/addinformatica.com\\\/ca\\\/conferencies\\\/jornada-digitalitzacio-residencial\\\/#breadcrumb\"},\"inLanguage\":\"ca\",\"potentialAction\":[{\"@type\":\"ReadAction\",\"target\":[\"https:\\\/\\\/addinformatica.com\\\/ca\\\/conferencies\\\/jornada-digitalitzacio-residencial\\\/\"]}]},{\"@type\":\"ImageObject\",\"inLanguage\":\"ca\",\"@id\":\"https:\\\/\\\/addinformatica.com\\\/ca\\\/conferencies\\\/jornada-digitalitzacio-residencial\\\/#primaryimage\",\"url\":\"https:\\\/\\\/addinformatica.com\\\/wp-content\\\/uploads\\\/2020\\\/02\\\/destacada-jornada-digitalizacion-residencial-es-1.jpg\",\"contentUrl\":\"https:\\\/\\\/addinformatica.com\\\/wp-content\\\/uploads\\\/2020\\\/02\\\/destacada-jornada-digitalizacion-residencial-es-1.jpg\",\"width\":1200,\"height\":720},{\"@type\":\"BreadcrumbList\",\"@id\":\"https:\\\/\\\/addinformatica.com\\\/ca\\\/conferencies\\\/jornada-digitalitzacio-residencial\\\/#breadcrumb\",\"itemListElement\":[{\"@type\":\"ListItem\",\"position\":1,\"name\":\"Portada\",\"item\":\"https:\\\/\\\/addinformatica.com\\\/ca\\\/\"},{\"@type\":\"ListItem\",\"position\":2,\"name\":\"Jornada: Digitalitzaci\u00f3 Residencial\"}]},{\"@type\":\"WebSite\",\"@id\":\"https:\\\/\\\/addinformatica.com\\\/#website\",\"url\":\"https:\\\/\\\/addinformatica.com\\\/\",\"name\":\"ResiPlus\",\"description\":\"Software de gesti\u00f3n de residencias, centros de d\u00eda y discapacitados | ResiPlus\",\"potentialAction\":[{\"@type\":\"SearchAction\",\"target\":{\"@type\":\"EntryPoint\",\"urlTemplate\":\"https:\\\/\\\/addinformatica.com\\\/?s={search_term_string}\"},\"query-input\":{\"@type\":\"PropertyValueSpecification\",\"valueRequired\":true,\"valueName\":\"search_term_string\"}}],\"inLanguage\":\"ca\"},{\"@type\":\"Person\",\"@id\":\"https:\\\/\\\/addinformatica.com\\\/#\\\/schema\\\/person\\\/063f1036d6af39f34b17382e1b7fdd24\",\"name\":\"ADD_es_admin\",\"image\":{\"@type\":\"ImageObject\",\"inLanguage\":\"ca\",\"@id\":\"https:\\\/\\\/secure.gravatar.com\\\/avatar\\\/f24b1ca4e9d4f6821988e85d4d11d5a5a70c73477e7bd56eb713e4abc2e4ab23?s=96&d=mm&r=g\",\"url\":\"https:\\\/\\\/secure.gravatar.com\\\/avatar\\\/f24b1ca4e9d4f6821988e85d4d11d5a5a70c73477e7bd56eb713e4abc2e4ab23?s=96&d=mm&r=g\",\"contentUrl\":\"https:\\\/\\\/secure.gravatar.com\\\/avatar\\\/f24b1ca4e9d4f6821988e85d4d11d5a5a70c73477e7bd56eb713e4abc2e4ab23?s=96&d=mm&r=g\",\"caption\":\"ADD_es_admin\"},\"sameAs\":[\"https:\\\/\\\/resiplus.dagocreativo.com\"],\"url\":\"https:\\\/\\\/addinformatica.com\\\/ca\\\/author\\\/add_es_admin\\\/\"}]}<\/script>\n<!-- \/ Yoast SEO plugin. -->","yoast_head_json":{"title":"Jornada: Digitalitzaci\u00f3 Residencial - ResiPlus","robots":{"index":"index","follow":"follow","max-snippet":"max-snippet:-1","max-image-preview":"max-image-preview:large","max-video-preview":"max-video-preview:-1"},"canonical":"https:\/\/addinformatica.com\/ca\/conferencies\/jornada-digitalitzacio-residencial\/","og_locale":"ca_ES","og_type":"article","og_title":"Jornada: Digitalitzaci\u00f3 Residencial - ResiPlus","og_description":"Ens trobem en l&#8217;era de la digitalitzaci\u00f3, del maneig r\u00e0pid i intu\u00eftiu de les dades i el sector sociosanitari no pot ser ali\u00e8 a aquesta tend\u00e8ncia. \u00c9s per aix\u00f2 que les empreses tecnol\u00f2giques hem de dotar de mitjans al personal dels centres, tant auxiliars com a directius, perqu\u00e8 la introducci\u00f3 i gesti\u00f3 de la informaci\u00f3 [...]","og_url":"https:\/\/addinformatica.com\/ca\/conferencies\/jornada-digitalitzacio-residencial\/","og_site_name":"ResiPlus","article_published_time":"2021-02-16T10:23:03+00:00","article_modified_time":"2021-09-21T08:49:46+00:00","og_image":[{"width":1200,"height":720,"url":"https:\/\/addinformatica.com\/wp-content\/uploads\/2020\/02\/destacada-jornada-digitalizacion-residencial-es-1.jpg","type":"image\/jpeg"}],"author":"ADD_es_admin","twitter_card":"summary_large_image","twitter_misc":{"Escrit per":"ADD_es_admin","Temps estimat de lectura":"2 minuts"},"schema":{"@context":"https:\/\/schema.org","@graph":[{"@type":"Article","@id":"https:\/\/addinformatica.com\/ca\/conferencies\/jornada-digitalitzacio-residencial\/#article","isPartOf":{"@id":"https:\/\/addinformatica.com\/ca\/conferencies\/jornada-digitalitzacio-residencial\/"},"author":{"name":"ADD_es_admin","@id":"https:\/\/addinformatica.com\/#\/schema\/person\/063f1036d6af39f34b17382e1b7fdd24"},"headline":"Jornada: Digitalitzaci\u00f3 Residencial","datePublished":"2021-02-16T10:23:03+00:00","dateModified":"2021-09-21T08:49:46+00:00","mainEntityOfPage":{"@id":"https:\/\/addinformatica.com\/ca\/conferencies\/jornada-digitalitzacio-residencial\/"},"wordCount":234,"image":{"@id":"https:\/\/addinformatica.com\/ca\/conferencies\/jornada-digitalitzacio-residencial\/#primaryimage"},"thumbnailUrl":"https:\/\/addinformatica.com\/wp-content\/uploads\/2020\/02\/destacada-jornada-digitalizacion-residencial-es-1.jpg","articleSection":["Confer\u00e8ncies","Noticies"],"inLanguage":"ca"},{"@type":"WebPage","@id":"https:\/\/addinformatica.com\/ca\/conferencies\/jornada-digitalitzacio-residencial\/","url":"https:\/\/addinformatica.com\/ca\/conferencies\/jornada-digitalitzacio-residencial\/","name":"Jornada: Digitalitzaci\u00f3 Residencial - ResiPlus","isPartOf":{"@id":"https:\/\/addinformatica.com\/#website"},"primaryImageOfPage":{"@id":"https:\/\/addinformatica.com\/ca\/conferencies\/jornada-digitalitzacio-residencial\/#primaryimage"},"image":{"@id":"https:\/\/addinformatica.com\/ca\/conferencies\/jornada-digitalitzacio-residencial\/#primaryimage"},"thumbnailUrl":"https:\/\/addinformatica.com\/wp-content\/uploads\/2020\/02\/destacada-jornada-digitalizacion-residencial-es-1.jpg","datePublished":"2021-02-16T10:23:03+00:00","dateModified":"2021-09-21T08:49:46+00:00","author":{"@id":"https:\/\/addinformatica.com\/#\/schema\/person\/063f1036d6af39f34b17382e1b7fdd24"},"breadcrumb":{"@id":"https:\/\/addinformatica.com\/ca\/conferencies\/jornada-digitalitzacio-residencial\/#breadcrumb"},"inLanguage":"ca","potentialAction":[{"@type":"ReadAction","target":["https:\/\/addinformatica.com\/ca\/conferencies\/jornada-digitalitzacio-residencial\/"]}]},{"@type":"ImageObject","inLanguage":"ca","@id":"https:\/\/addinformatica.com\/ca\/conferencies\/jornada-digitalitzacio-residencial\/#primaryimage","url":"https:\/\/addinformatica.com\/wp-content\/uploads\/2020\/02\/destacada-jornada-digitalizacion-residencial-es-1.jpg","contentUrl":"https:\/\/addinformatica.com\/wp-content\/uploads\/2020\/02\/destacada-jornada-digitalizacion-residencial-es-1.jpg","width":1200,"height":720},{"@type":"BreadcrumbList","@id":"https:\/\/addinformatica.com\/ca\/conferencies\/jornada-digitalitzacio-residencial\/#breadcrumb","itemListElement":[{"@type":"ListItem","position":1,"name":"Portada","item":"https:\/\/addinformatica.com\/ca\/"},{"@type":"ListItem","position":2,"name":"Jornada: Digitalitzaci\u00f3 Residencial"}]},{"@type":"WebSite","@id":"https:\/\/addinformatica.com\/#website","url":"https:\/\/addinformatica.com\/","name":"ResiPlus","description":"Software de gesti\u00f3n de residencias, centros de d\u00eda y discapacitados | ResiPlus","potentialAction":[{"@type":"SearchAction","target":{"@type":"EntryPoint","urlTemplate":"https:\/\/addinformatica.com\/?s={search_term_string}"},"query-input":{"@type":"PropertyValueSpecification","valueRequired":true,"valueName":"search_term_string"}}],"inLanguage":"ca"},{"@type":"Person","@id":"https:\/\/addinformatica.com\/#\/schema\/person\/063f1036d6af39f34b17382e1b7fdd24","name":"ADD_es_admin","image":{"@type":"ImageObject","inLanguage":"ca","@id":"https:\/\/secure.gravatar.com\/avatar\/f24b1ca4e9d4f6821988e85d4d11d5a5a70c73477e7bd56eb713e4abc2e4ab23?s=96&d=mm&r=g","url":"https:\/\/secure.gravatar.com\/avatar\/f24b1ca4e9d4f6821988e85d4d11d5a5a70c73477e7bd56eb713e4abc2e4ab23?s=96&d=mm&r=g","contentUrl":"https:\/\/secure.gravatar.com\/avatar\/f24b1ca4e9d4f6821988e85d4d11d5a5a70c73477e7bd56eb713e4abc2e4ab23?s=96&d=mm&r=g","caption":"ADD_es_admin"},"sameAs":["https:\/\/resiplus.dagocreativo.com"],"url":"https:\/\/addinformatica.com\/ca\/author\/add_es_admin\/"}]}},"_links":{"self":[{"href":"https:\/\/addinformatica.com\/ca\/wp-json\/wp\/v2\/posts\/21567","targetHints":{"allow":["GET"]}}],"collection":[{"href":"https:\/\/addinformatica.com\/ca\/wp-json\/wp\/v2\/posts"}],"about":[{"href":"https:\/\/addinformatica.com\/ca\/wp-json\/wp\/v2\/types\/post"}],"author":[{"embeddable":true,"href":"https:\/\/addinformatica.com\/ca\/wp-json\/wp\/v2\/users\/1"}],"replies":[{"embeddable":true,"href":"https:\/\/addinformatica.com\/ca\/wp-json\/wp\/v2\/comments?post=21567"}],"version-history":[{"count":0,"href":"https:\/\/addinformatica.com\/ca\/wp-json\/wp\/v2\/posts\/21567\/revisions"}],"wp:featuredmedia":[{"embeddable":true,"href":"https:\/\/addinformatica.com\/ca\/wp-json\/wp\/v2\/media\/22937"}],"wp:attachment":[{"href":"https:\/\/addinformatica.com\/ca\/wp-json\/wp\/v2\/media?parent=21567"}],"wp:term":[{"taxonomy":"category","embeddable":true,"href":"https:\/\/addinformatica.com\/ca\/wp-json\/wp\/v2\/categories?post=21567"},{"taxonomy":"post_tag","embeddable":true,"href":"https:\/\/addinformatica.com\/ca\/wp-json\/wp\/v2\/tags?post=21567"},{"taxonomy":"video-cat","embeddable":true,"href":"https:\/\/addinformatica.com\/ca\/wp-json\/wp\/v2\/video-cat?post=21567"}],"curies":[{"name":"wp","href":"https:\/\/api.w.org\/{rel}","templated":true}]}}