{"id":21551,"date":"2021-02-16T10:22:51","date_gmt":"2021-02-16T10:22:51","guid":{"rendered":"https:\/\/resiplus.dagocreativo.com\/amese-al-pit-no-li-dones-lesquena\/"},"modified":"2021-09-21T08:54:40","modified_gmt":"2021-09-21T08:54:40","slug":"amese-al-pit-no-li-dones-lesquena","status":"publish","type":"post","link":"https:\/\/addinformatica.com\/ca\/noticies\/amese-al-pit-no-li-dones-lesquena\/","title":{"rendered":"AMESE: Al pit no li dones l&#8217;esquena"},"content":{"rendered":"\n<p>El proper 24\nd&#8217;Octubre comptarem amb la participaci\u00f3 d\u2019 AMESE, associaci\u00f3 colombiana de \u201cApoyo\na Mujeres con Enfermedades del Seno\u201d, en el seminari web \u201cAl pit no li dones\nl&#8217;esquena\u201d.<\/p>\n\n\n\n<p>En 2019\nL&#8217;associaci\u00f3 AMESE, compleix 13 anys de labors ininterrompudes, donant suport a\npersones amb malalties i educand la societat colombiana sobre la\nimport\u00e0ncia de l\u2019autoex\u00e0men com a m\u00e8tode de detecci\u00f3 primerenca. Durant aquest\ntemps AMESE ha aconseguit posicionar-se com una de les organitzacions m\u00e9s\nimportants que treballa en la sensibilitzaci\u00f3 de la poblaci\u00f3 colombiana sobre\nel c\u00e0ncer de mama com un problema de salut p\u00fablica que afecta a 13.000 persones\na l&#8217;any a Col\u00f2mbia. La seua missi\u00f3 a m\u00e9s de cridar l&#8217;atenci\u00f3 sobre la\nimport\u00e0ncia de l\u2019autoex\u00e0men com a m\u00e8tode de detecci\u00f3 primerenca \u00e9s promoure un\nestil de vida saludable que permeta disminuir els factors de risc i propiciar\nuna millor qualitat de vida.<\/p>\n\n\n\n<p>L&#8217;objectiu\nde les xarrades \u201cAl PIT NO LI DONES L&#8217;ESQUENA\u201d \u00e9s generar consci\u00e8ncia en homes\ni dones, sobre la import\u00e0ncia en el coneixement i autocura de la mama, per a\nminimitzar el diagn\u00f2stic tard\u00e0 d&#8217;aquest tipus de c\u00e0ncer. <\/p>\n\n\n\n<p>La xarrada\n\u201cAl PIT NO LI DONES L&#8217;ESQUENA\u201d preparada sota la direcci\u00f3 de metges\nespecialitzats i \u00e9s dictada per dones diagnosticades amb aquesta malaltia, que\nde manera pedag\u00f2gica i esperan\u00e7adora donen el seu testimoniatge de vida, \u00e9s\npatrocinada per empreses privades i institucions governamentals i que donen\nsuport per a aix\u00ed arribar als seus col\u00b7laboradors i a la poblaci\u00f3 en general.<\/p>\n\n\n\n<p>Gr\u00e0cies a\naquestes entitats durant l&#8217;any 2018 i a l&#8217;estructura de la xarrada aconseguiren\narribar per mitj\u00e0 de 65 jornades de sensibilitzaci\u00f3 a 15.645 persones\ninformades i 105 xarrades a 8.756 persones educades per a un total de\n24.401&nbsp; persones beneficiades. <\/p>\n\n\n\n<p>En la seua\np\u00e0gina web, Amese.org, presenten diferents programes d&#8217;intervenci\u00f3 dirigits a\npacients, voluntaris i fam\u00edlies, i s&#8217;ofereixen pautes dirigides a la prevenci\u00f3\ni autocura de les malalties del si.<\/p>\n\n\n\n<p>L&#8217;assist\u00e8ncia al seminari \u00e9s lliure i nom\u00e9s \u00e9s necessari registrar-se en el seg\u00fcent enlla\u00e7 per a participar: <a href=\"https:\/\/addinformatica.com\/ca\/cursos-formacion\/curso\/al-pit-no-li-dones-lesquena\/\">https:\/\/addinformatica.com\/ca\/cursos-formacion\/curso\/al-pit-no-li-dones-lesquena\/<\/a><\/p>\n","protected":false},"excerpt":{"rendered":"<p>El proper 24 d&#8217;Octubre comptarem amb la participaci\u00f3 d\u2019 AMESE, associaci\u00f3 colombiana de \u201cApoyo a Mujeres con Enfermedades del Seno\u201d, en el seminari web \u201cAl pit no li dones l&#8217;esquena\u201d. En 2019 L&#8217;associaci\u00f3 AMESE, compleix 13 anys de labors ininterrompudes, donant suport a persones amb malalties i educand la societat colombiana sobre la import\u00e0ncia de [&#8230;]\n","protected":false},"author":1,"featured_media":20312,"comment_status":"closed","ping_status":"closed","sticky":false,"template":"","format":"standard","meta":{"_acf_changed":false,"footnotes":""},"categories":[298],"tags":[],"video-cat":[],"class_list":["post-21551","post","type-post","status-publish","format-standard","has-post-thumbnail","hentry","category-noticies"],"acf":[],"yoast_head":"<!-- This site is optimized with the Yoast SEO plugin v27.2 - https:\/\/yoast.com\/product\/yoast-seo-wordpress\/ -->\n<title>AMESE: Al pit no li dones l&#039;esquena - ResiPlus<\/title>\n<meta name=\"robots\" content=\"index, follow, max-snippet:-1, max-image-preview:large, max-video-preview:-1\" \/>\n<link rel=\"canonical\" href=\"https:\/\/addinformatica.com\/ca\/noticies\/amese-al-pit-no-li-dones-lesquena\/\" \/>\n<meta property=\"og:locale\" content=\"ca_ES\" \/>\n<meta property=\"og:type\" content=\"article\" \/>\n<meta property=\"og:title\" content=\"AMESE: Al pit no li dones l&#039;esquena - ResiPlus\" \/>\n<meta property=\"og:description\" content=\"El proper 24 d&#8217;Octubre comptarem amb la participaci\u00f3 d\u2019 AMESE, associaci\u00f3 colombiana de \u201cApoyo a Mujeres con Enfermedades del Seno\u201d, en el seminari web \u201cAl pit no li dones l&#8217;esquena\u201d. En 2019 L&#8217;associaci\u00f3 AMESE, compleix 13 anys de labors ininterrompudes, donant suport a persones amb malalties i educand la societat colombiana sobre la import\u00e0ncia de [...]\" \/>\n<meta property=\"og:url\" content=\"https:\/\/addinformatica.com\/ca\/noticies\/amese-al-pit-no-li-dones-lesquena\/\" \/>\n<meta property=\"og:site_name\" content=\"ResiPlus\" \/>\n<meta property=\"article:published_time\" content=\"2021-02-16T10:22:51+00:00\" \/>\n<meta property=\"article:modified_time\" content=\"2021-09-21T08:54:40+00:00\" \/>\n<meta property=\"og:image\" content=\"https:\/\/addinformatica.com\/wp-content\/uploads\/2019\/10\/1.png\" \/>\n\t<meta property=\"og:image:width\" content=\"1577\" \/>\n\t<meta property=\"og:image:height\" content=\"917\" \/>\n\t<meta property=\"og:image:type\" content=\"image\/png\" \/>\n<meta name=\"author\" content=\"ADD_es_admin\" \/>\n<meta name=\"twitter:card\" content=\"summary_large_image\" \/>\n<meta name=\"twitter:label1\" content=\"Escrit per\" \/>\n\t<meta name=\"twitter:data1\" content=\"ADD_es_admin\" \/>\n\t<meta name=\"twitter:label2\" content=\"Temps estimat de lectura\" \/>\n\t<meta name=\"twitter:data2\" content=\"2 minuts\" \/>\n<script type=\"application\/ld+json\" class=\"yoast-schema-graph\">{\"@context\":\"https:\/\/schema.org\",\"@graph\":[{\"@type\":\"Article\",\"@id\":\"https:\/\/addinformatica.com\/ca\/noticies\/amese-al-pit-no-li-dones-lesquena\/#article\",\"isPartOf\":{\"@id\":\"https:\/\/addinformatica.com\/ca\/noticies\/amese-al-pit-no-li-dones-lesquena\/\"},\"author\":{\"name\":\"ADD_es_admin\",\"@id\":\"https:\/\/addinformatica.com\/#\/schema\/person\/063f1036d6af39f34b17382e1b7fdd24\"},\"headline\":\"AMESE: Al pit no li dones l&#8217;esquena\",\"datePublished\":\"2021-02-16T10:22:51+00:00\",\"dateModified\":\"2021-09-21T08:54:40+00:00\",\"mainEntityOfPage\":{\"@id\":\"https:\/\/addinformatica.com\/ca\/noticies\/amese-al-pit-no-li-dones-lesquena\/\"},\"wordCount\":379,\"image\":{\"@id\":\"https:\/\/addinformatica.com\/ca\/noticies\/amese-al-pit-no-li-dones-lesquena\/#primaryimage\"},\"thumbnailUrl\":\"https:\/\/addinformatica.com\/wp-content\/uploads\/2019\/10\/1.png\",\"articleSection\":[\"Noticies\"],\"inLanguage\":\"ca\"},{\"@type\":\"WebPage\",\"@id\":\"https:\/\/addinformatica.com\/ca\/noticies\/amese-al-pit-no-li-dones-lesquena\/\",\"url\":\"https:\/\/addinformatica.com\/ca\/noticies\/amese-al-pit-no-li-dones-lesquena\/\",\"name\":\"AMESE: Al pit no li dones l'esquena - ResiPlus\",\"isPartOf\":{\"@id\":\"https:\/\/addinformatica.com\/#website\"},\"primaryImageOfPage\":{\"@id\":\"https:\/\/addinformatica.com\/ca\/noticies\/amese-al-pit-no-li-dones-lesquena\/#primaryimage\"},\"image\":{\"@id\":\"https:\/\/addinformatica.com\/ca\/noticies\/amese-al-pit-no-li-dones-lesquena\/#primaryimage\"},\"thumbnailUrl\":\"https:\/\/addinformatica.com\/wp-content\/uploads\/2019\/10\/1.png\",\"datePublished\":\"2021-02-16T10:22:51+00:00\",\"dateModified\":\"2021-09-21T08:54:40+00:00\",\"author\":{\"@id\":\"https:\/\/addinformatica.com\/#\/schema\/person\/063f1036d6af39f34b17382e1b7fdd24\"},\"breadcrumb\":{\"@id\":\"https:\/\/addinformatica.com\/ca\/noticies\/amese-al-pit-no-li-dones-lesquena\/#breadcrumb\"},\"inLanguage\":\"ca\",\"potentialAction\":[{\"@type\":\"ReadAction\",\"target\":[\"https:\/\/addinformatica.com\/ca\/noticies\/amese-al-pit-no-li-dones-lesquena\/\"]}]},{\"@type\":\"ImageObject\",\"inLanguage\":\"ca\",\"@id\":\"https:\/\/addinformatica.com\/ca\/noticies\/amese-al-pit-no-li-dones-lesquena\/#primaryimage\",\"url\":\"https:\/\/addinformatica.com\/wp-content\/uploads\/2019\/10\/1.png\",\"contentUrl\":\"https:\/\/addinformatica.com\/wp-content\/uploads\/2019\/10\/1.png\",\"width\":1577,\"height\":917},{\"@type\":\"BreadcrumbList\",\"@id\":\"https:\/\/addinformatica.com\/ca\/noticies\/amese-al-pit-no-li-dones-lesquena\/#breadcrumb\",\"itemListElement\":[{\"@type\":\"ListItem\",\"position\":1,\"name\":\"Portada\",\"item\":\"https:\/\/addinformatica.com\/ca\/\"},{\"@type\":\"ListItem\",\"position\":2,\"name\":\"AMESE: Al pit no li dones l&#8217;esquena\"}]},{\"@type\":\"WebSite\",\"@id\":\"https:\/\/addinformatica.com\/#website\",\"url\":\"https:\/\/addinformatica.com\/\",\"name\":\"ResiPlus\",\"description\":\"Software de gesti\u00f3n de residencias, centros de d\u00eda y discapacitados | ResiPlus\",\"potentialAction\":[{\"@type\":\"SearchAction\",\"target\":{\"@type\":\"EntryPoint\",\"urlTemplate\":\"https:\/\/addinformatica.com\/?s={search_term_string}\"},\"query-input\":{\"@type\":\"PropertyValueSpecification\",\"valueRequired\":true,\"valueName\":\"search_term_string\"}}],\"inLanguage\":\"ca\"},{\"@type\":\"Person\",\"@id\":\"https:\/\/addinformatica.com\/#\/schema\/person\/063f1036d6af39f34b17382e1b7fdd24\",\"name\":\"ADD_es_admin\",\"image\":{\"@type\":\"ImageObject\",\"inLanguage\":\"ca\",\"@id\":\"https:\/\/secure.gravatar.com\/avatar\/f24b1ca4e9d4f6821988e85d4d11d5a5a70c73477e7bd56eb713e4abc2e4ab23?s=96&d=mm&r=g\",\"url\":\"https:\/\/secure.gravatar.com\/avatar\/f24b1ca4e9d4f6821988e85d4d11d5a5a70c73477e7bd56eb713e4abc2e4ab23?s=96&d=mm&r=g\",\"contentUrl\":\"https:\/\/secure.gravatar.com\/avatar\/f24b1ca4e9d4f6821988e85d4d11d5a5a70c73477e7bd56eb713e4abc2e4ab23?s=96&d=mm&r=g\",\"caption\":\"ADD_es_admin\"},\"sameAs\":[\"https:\/\/resiplus.dagocreativo.com\"],\"url\":\"https:\/\/addinformatica.com\/ca\/author\/add_es_admin\/\"}]}<\/script>\n<!-- \/ Yoast SEO plugin. -->","yoast_head_json":{"title":"AMESE: Al pit no li dones l'esquena - ResiPlus","robots":{"index":"index","follow":"follow","max-snippet":"max-snippet:-1","max-image-preview":"max-image-preview:large","max-video-preview":"max-video-preview:-1"},"canonical":"https:\/\/addinformatica.com\/ca\/noticies\/amese-al-pit-no-li-dones-lesquena\/","og_locale":"ca_ES","og_type":"article","og_title":"AMESE: Al pit no li dones l'esquena - ResiPlus","og_description":"El proper 24 d&#8217;Octubre comptarem amb la participaci\u00f3 d\u2019 AMESE, associaci\u00f3 colombiana de \u201cApoyo a Mujeres con Enfermedades del Seno\u201d, en el seminari web \u201cAl pit no li dones l&#8217;esquena\u201d. En 2019 L&#8217;associaci\u00f3 AMESE, compleix 13 anys de labors ininterrompudes, donant suport a persones amb malalties i educand la societat colombiana sobre la import\u00e0ncia de [...]","og_url":"https:\/\/addinformatica.com\/ca\/noticies\/amese-al-pit-no-li-dones-lesquena\/","og_site_name":"ResiPlus","article_published_time":"2021-02-16T10:22:51+00:00","article_modified_time":"2021-09-21T08:54:40+00:00","og_image":[{"width":1577,"height":917,"url":"https:\/\/addinformatica.com\/wp-content\/uploads\/2019\/10\/1.png","type":"image\/png"}],"author":"ADD_es_admin","twitter_card":"summary_large_image","twitter_misc":{"Escrit per":"ADD_es_admin","Temps estimat de lectura":"2 minuts"},"schema":{"@context":"https:\/\/schema.org","@graph":[{"@type":"Article","@id":"https:\/\/addinformatica.com\/ca\/noticies\/amese-al-pit-no-li-dones-lesquena\/#article","isPartOf":{"@id":"https:\/\/addinformatica.com\/ca\/noticies\/amese-al-pit-no-li-dones-lesquena\/"},"author":{"name":"ADD_es_admin","@id":"https:\/\/addinformatica.com\/#\/schema\/person\/063f1036d6af39f34b17382e1b7fdd24"},"headline":"AMESE: Al pit no li dones l&#8217;esquena","datePublished":"2021-02-16T10:22:51+00:00","dateModified":"2021-09-21T08:54:40+00:00","mainEntityOfPage":{"@id":"https:\/\/addinformatica.com\/ca\/noticies\/amese-al-pit-no-li-dones-lesquena\/"},"wordCount":379,"image":{"@id":"https:\/\/addinformatica.com\/ca\/noticies\/amese-al-pit-no-li-dones-lesquena\/#primaryimage"},"thumbnailUrl":"https:\/\/addinformatica.com\/wp-content\/uploads\/2019\/10\/1.png","articleSection":["Noticies"],"inLanguage":"ca"},{"@type":"WebPage","@id":"https:\/\/addinformatica.com\/ca\/noticies\/amese-al-pit-no-li-dones-lesquena\/","url":"https:\/\/addinformatica.com\/ca\/noticies\/amese-al-pit-no-li-dones-lesquena\/","name":"AMESE: Al pit no li dones l'esquena - ResiPlus","isPartOf":{"@id":"https:\/\/addinformatica.com\/#website"},"primaryImageOfPage":{"@id":"https:\/\/addinformatica.com\/ca\/noticies\/amese-al-pit-no-li-dones-lesquena\/#primaryimage"},"image":{"@id":"https:\/\/addinformatica.com\/ca\/noticies\/amese-al-pit-no-li-dones-lesquena\/#primaryimage"},"thumbnailUrl":"https:\/\/addinformatica.com\/wp-content\/uploads\/2019\/10\/1.png","datePublished":"2021-02-16T10:22:51+00:00","dateModified":"2021-09-21T08:54:40+00:00","author":{"@id":"https:\/\/addinformatica.com\/#\/schema\/person\/063f1036d6af39f34b17382e1b7fdd24"},"breadcrumb":{"@id":"https:\/\/addinformatica.com\/ca\/noticies\/amese-al-pit-no-li-dones-lesquena\/#breadcrumb"},"inLanguage":"ca","potentialAction":[{"@type":"ReadAction","target":["https:\/\/addinformatica.com\/ca\/noticies\/amese-al-pit-no-li-dones-lesquena\/"]}]},{"@type":"ImageObject","inLanguage":"ca","@id":"https:\/\/addinformatica.com\/ca\/noticies\/amese-al-pit-no-li-dones-lesquena\/#primaryimage","url":"https:\/\/addinformatica.com\/wp-content\/uploads\/2019\/10\/1.png","contentUrl":"https:\/\/addinformatica.com\/wp-content\/uploads\/2019\/10\/1.png","width":1577,"height":917},{"@type":"BreadcrumbList","@id":"https:\/\/addinformatica.com\/ca\/noticies\/amese-al-pit-no-li-dones-lesquena\/#breadcrumb","itemListElement":[{"@type":"ListItem","position":1,"name":"Portada","item":"https:\/\/addinformatica.com\/ca\/"},{"@type":"ListItem","position":2,"name":"AMESE: Al pit no li dones l&#8217;esquena"}]},{"@type":"WebSite","@id":"https:\/\/addinformatica.com\/#website","url":"https:\/\/addinformatica.com\/","name":"ResiPlus","description":"Software de gesti\u00f3n de residencias, centros de d\u00eda y discapacitados | ResiPlus","potentialAction":[{"@type":"SearchAction","target":{"@type":"EntryPoint","urlTemplate":"https:\/\/addinformatica.com\/?s={search_term_string}"},"query-input":{"@type":"PropertyValueSpecification","valueRequired":true,"valueName":"search_term_string"}}],"inLanguage":"ca"},{"@type":"Person","@id":"https:\/\/addinformatica.com\/#\/schema\/person\/063f1036d6af39f34b17382e1b7fdd24","name":"ADD_es_admin","image":{"@type":"ImageObject","inLanguage":"ca","@id":"https:\/\/secure.gravatar.com\/avatar\/f24b1ca4e9d4f6821988e85d4d11d5a5a70c73477e7bd56eb713e4abc2e4ab23?s=96&d=mm&r=g","url":"https:\/\/secure.gravatar.com\/avatar\/f24b1ca4e9d4f6821988e85d4d11d5a5a70c73477e7bd56eb713e4abc2e4ab23?s=96&d=mm&r=g","contentUrl":"https:\/\/secure.gravatar.com\/avatar\/f24b1ca4e9d4f6821988e85d4d11d5a5a70c73477e7bd56eb713e4abc2e4ab23?s=96&d=mm&r=g","caption":"ADD_es_admin"},"sameAs":["https:\/\/resiplus.dagocreativo.com"],"url":"https:\/\/addinformatica.com\/ca\/author\/add_es_admin\/"}]}},"_links":{"self":[{"href":"https:\/\/addinformatica.com\/ca\/wp-json\/wp\/v2\/posts\/21551","targetHints":{"allow":["GET"]}}],"collection":[{"href":"https:\/\/addinformatica.com\/ca\/wp-json\/wp\/v2\/posts"}],"about":[{"href":"https:\/\/addinformatica.com\/ca\/wp-json\/wp\/v2\/types\/post"}],"author":[{"embeddable":true,"href":"https:\/\/addinformatica.com\/ca\/wp-json\/wp\/v2\/users\/1"}],"replies":[{"embeddable":true,"href":"https:\/\/addinformatica.com\/ca\/wp-json\/wp\/v2\/comments?post=21551"}],"version-history":[{"count":0,"href":"https:\/\/addinformatica.com\/ca\/wp-json\/wp\/v2\/posts\/21551\/revisions"}],"wp:featuredmedia":[{"embeddable":true,"href":"https:\/\/addinformatica.com\/ca\/wp-json\/wp\/v2\/media\/20312"}],"wp:attachment":[{"href":"https:\/\/addinformatica.com\/ca\/wp-json\/wp\/v2\/media?parent=21551"}],"wp:term":[{"taxonomy":"category","embeddable":true,"href":"https:\/\/addinformatica.com\/ca\/wp-json\/wp\/v2\/categories?post=21551"},{"taxonomy":"post_tag","embeddable":true,"href":"https:\/\/addinformatica.com\/ca\/wp-json\/wp\/v2\/tags?post=21551"},{"taxonomy":"video-cat","embeddable":true,"href":"https:\/\/addinformatica.com\/ca\/wp-json\/wp\/v2\/video-cat?post=21551"}],"curies":[{"name":"wp","href":"https:\/\/api.w.org\/{rel}","templated":true}]}}