{"id":21468,"date":"2021-02-16T10:22:08","date_gmt":"2021-02-16T10:22:08","guid":{"rendered":"https:\/\/resiplus.dagocreativo.com\/gerotecnologia-i-gestio-asistencial\/"},"modified":"2021-09-21T09:02:44","modified_gmt":"2021-09-21T09:02:44","slug":"gerotecnologia-i-gestio-asistencial","status":"publish","type":"post","link":"https:\/\/addinformatica.com\/ca\/conferencies\/gerotecnologia-i-gestio-asistencial\/","title":{"rendered":"Gerotecnologia i gesti\u00f3 asistencial"},"content":{"rendered":"\n<img loading=\"lazy\" decoding=\"async\" src=\"https:\/\/addinformatica.com\/wp-content\/uploads\/2016\/02\/img_logo_geron.jpg\" alt=\"img_logo_geron\" width=\"1000\" height=\"167\" class=\"aligncenter size-full wp-image-14391\" srcset=\"https:\/\/addinformatica.com\/wp-content\/uploads\/2016\/02\/img_logo_geron.jpg 1000w, https:\/\/addinformatica.com\/wp-content\/uploads\/2016\/02\/img_logo_geron-300x50.jpg 300w, https:\/\/addinformatica.com\/wp-content\/uploads\/2016\/02\/img_logo_geron-768x128.jpg 768w\" sizes=\"auto, (max-width: 1000px) 100vw, 1000px\" \/>\nDimecres 16 de Mar\u00e7 el convidem a participar en un mat\u00ed diferent, a formar part d\u2019una jornada de Gerotecnologia i gesti\u00f3 asistencial en Nuevo Hogar de Ancianos Ledor Vador.\n\nEst\u00e0 destinat a Resid\u00e8ncies i Centres com el vostre amb ganes d\u2019assolir els seus objectius i aconseguir l\u2019\u00e8xit dels seus negocis de la m\u00e0 d\u2019empreses tecnol\u00f2giques que puguin cr\u00e9ixer amb vost\u00e8 de forma \u00e0gil i professional.\n\nCompartirem estrat\u00e8gies, visions i experi\u00e8ncies en un ambient dist\u00e8s, una experi\u00e8ncia original i positiva.<br><br>\n\n<h4>AGENDA<\/h4>\n09:00 \/ 09:30 <strong>Registre, esmorzar i networking.<\/strong><br><br>\n&nbsp;\n09:30 \/ 09:50 <strong>Atenci\u00f3 centrada en la persona.<\/strong><br>\n<em style=\"padding-left: 105px;\">Lic. Julieta Arroyo &#8211; Argentina.<\/em><br><br>\n&nbsp;\n09:50 \/ 11:00 <strong>Tecnologia al servei dels centres.<\/strong><br>\n<em style=\"padding-left: 105px;\">Beneficis del treball en xarxes: Hern\u00e1n Schuster, Red Gerontol\u00f3gica \u2013 Argentina.<\/em><br>\n<em style=\"padding-left: 105px;\">Software: Silvana Orio, Add inform\u00e1tica \u2013 Espa\u00f1a.<\/em><br>\n<em style=\"padding-left: 105px;\">Dom\u00f2tica: Roberto Tortorella, Neat group \u2013 Espa\u00f1a.<\/em><br><br>\n&nbsp;\n11:00 \/ 11:15 <strong>Coffe break.<\/strong><br><br>\n&nbsp;\n11:15 \/ 11:45 <strong>Gerotecnologia.<\/strong><br>\n<em style=\"padding-left: 105px;\">Dr. Jose Ricardo Jauregui, President SAGG Societat Argentina de Gerontologia i Geriatria \u2013 Argentina.<\/em><br><br>\n&nbsp;\n11:45 \/ 12:15 <strong>Resid\u00e8ncies a Xile, aposta per un servei integral.<\/strong><br>\n<em style=\"padding-left: 105px;\">Darinka Aguirre \u2013 Assistent social, especialitzada en Gerontologia \u2013 Ex directora Senama \u2013 Chile.<\/em><br><br>\n&nbsp;\n12:15 \/ 12:45 <strong>Preguntes, intercanvi d\u2019idees. Conclusions.<\/strong><br><br>\n&nbsp;\n12:45 \/ 13:00 <strong>Clausura de l\u2019esdeveniment i sortejos.<\/strong><br>\n<em style=\"padding-left: 105px;\">Entre els assistents al congr\u00e9s sortejarem una Tablet Samsung Tab 4 i altres dispositius.[\/list_item]<\/em><br><br>\n&nbsp;\n13:00 \/ 13:30 <strong>Visita guiada Hogar Ledor Vador<\/strong><br><br>\n&nbsp;\n<strong>Localitzaci\u00f3:<\/strong><br>\nNuevo Hogar de Ancianos Ledor Vador<br>\nC\/ Guevarra 447 (1427) Chacarita \u2013 Ciudad Aut\u00f3noma de Buenos Aires<br><br>\n\nRecordi, l\u2019esdeveniment \u00e9s gratu\u00eft i les places s\u00f3n limitades.<br>\n\nEsperem poder veure\u2019ls a Buenos Aires.\n","protected":false},"excerpt":{"rendered":"<p>Dimecres 16 de Mar\u00e7 el convidem a participar en un mat\u00ed diferent, a formar part d\u2019una jornada de Gerotecnologia i gesti\u00f3 asistencial en Nuevo Hogar de Ancianos Ledor Vador. Est\u00e0 destinat a Resid\u00e8ncies i Centres com el vostre amb ganes d\u2019assolir els seus objectius i aconseguir l\u2019\u00e8xit dels seus negocis de la m\u00e0 d\u2019empreses tecnol\u00f2giques [&#8230;]\n","protected":false},"author":1,"featured_media":20192,"comment_status":"closed","ping_status":"closed","sticky":false,"template":"","format":"standard","meta":{"_acf_changed":false,"footnotes":""},"categories":[297,298],"tags":[],"video-cat":[],"class_list":["post-21468","post","type-post","status-publish","format-standard","has-post-thumbnail","hentry","category-conferencies","category-noticies"],"acf":[],"yoast_head":"<!-- This site is optimized with the Yoast SEO plugin v27.4 - https:\/\/yoast.com\/product\/yoast-seo-wordpress\/ -->\n<title>Gerotecnologia i gesti\u00f3 asistencial - ResiPlus<\/title>\n<meta name=\"robots\" content=\"index, follow, max-snippet:-1, max-image-preview:large, max-video-preview:-1\" \/>\n<link rel=\"canonical\" href=\"https:\/\/addinformatica.com\/ca\/conferencies\/gerotecnologia-i-gestio-asistencial\/\" \/>\n<meta property=\"og:locale\" content=\"ca_ES\" \/>\n<meta property=\"og:type\" content=\"article\" \/>\n<meta property=\"og:title\" content=\"Gerotecnologia i gesti\u00f3 asistencial - ResiPlus\" \/>\n<meta property=\"og:description\" content=\"Dimecres 16 de Mar\u00e7 el convidem a participar en un mat\u00ed diferent, a formar part d\u2019una jornada de Gerotecnologia i gesti\u00f3 asistencial en Nuevo Hogar de Ancianos Ledor Vador. Est\u00e0 destinat a Resid\u00e8ncies i Centres com el vostre amb ganes d\u2019assolir els seus objectius i aconseguir l\u2019\u00e8xit dels seus negocis de la m\u00e0 d\u2019empreses tecnol\u00f2giques [...]\" \/>\n<meta property=\"og:url\" content=\"https:\/\/addinformatica.com\/ca\/conferencies\/gerotecnologia-i-gestio-asistencial\/\" \/>\n<meta property=\"og:site_name\" content=\"ResiPlus\" \/>\n<meta property=\"article:published_time\" content=\"2021-02-16T10:22:08+00:00\" \/>\n<meta property=\"article:modified_time\" content=\"2021-09-21T09:02:44+00:00\" \/>\n<meta property=\"og:image\" content=\"https:\/\/addinformatica.com\/wp-content\/uploads\/2016\/02\/img_gerotecnologia.jpg\" \/>\n\t<meta property=\"og:image:width\" content=\"1000\" \/>\n\t<meta property=\"og:image:height\" content=\"611\" \/>\n\t<meta property=\"og:image:type\" content=\"image\/jpeg\" \/>\n<meta name=\"author\" content=\"ADD_es_admin\" \/>\n<meta name=\"twitter:card\" content=\"summary_large_image\" \/>\n<meta name=\"twitter:label1\" content=\"Escrit per\" \/>\n\t<meta name=\"twitter:data1\" content=\"ADD_es_admin\" \/>\n\t<meta name=\"twitter:label2\" content=\"Temps estimat de lectura\" \/>\n\t<meta name=\"twitter:data2\" content=\"2 minuts\" \/>\n<script type=\"application\/ld+json\" class=\"yoast-schema-graph\">{\"@context\":\"https:\\\/\\\/schema.org\",\"@graph\":[{\"@type\":\"Article\",\"@id\":\"https:\\\/\\\/addinformatica.com\\\/ca\\\/conferencies\\\/gerotecnologia-i-gestio-asistencial\\\/#article\",\"isPartOf\":{\"@id\":\"https:\\\/\\\/addinformatica.com\\\/ca\\\/conferencies\\\/gerotecnologia-i-gestio-asistencial\\\/\"},\"author\":{\"name\":\"ADD_es_admin\",\"@id\":\"https:\\\/\\\/addinformatica.com\\\/#\\\/schema\\\/person\\\/063f1036d6af39f34b17382e1b7fdd24\"},\"headline\":\"Gerotecnologia i gesti\u00f3 asistencial\",\"datePublished\":\"2021-02-16T10:22:08+00:00\",\"dateModified\":\"2021-09-21T09:02:44+00:00\",\"mainEntityOfPage\":{\"@id\":\"https:\\\/\\\/addinformatica.com\\\/ca\\\/conferencies\\\/gerotecnologia-i-gestio-asistencial\\\/\"},\"wordCount\":253,\"image\":{\"@id\":\"https:\\\/\\\/addinformatica.com\\\/ca\\\/conferencies\\\/gerotecnologia-i-gestio-asistencial\\\/#primaryimage\"},\"thumbnailUrl\":\"https:\\\/\\\/addinformatica.com\\\/wp-content\\\/uploads\\\/2016\\\/02\\\/img_gerotecnologia.jpg\",\"articleSection\":[\"Confer\u00e8ncies\",\"Noticies\"],\"inLanguage\":\"ca\"},{\"@type\":\"WebPage\",\"@id\":\"https:\\\/\\\/addinformatica.com\\\/ca\\\/conferencies\\\/gerotecnologia-i-gestio-asistencial\\\/\",\"url\":\"https:\\\/\\\/addinformatica.com\\\/ca\\\/conferencies\\\/gerotecnologia-i-gestio-asistencial\\\/\",\"name\":\"Gerotecnologia i gesti\u00f3 asistencial - ResiPlus\",\"isPartOf\":{\"@id\":\"https:\\\/\\\/addinformatica.com\\\/#website\"},\"primaryImageOfPage\":{\"@id\":\"https:\\\/\\\/addinformatica.com\\\/ca\\\/conferencies\\\/gerotecnologia-i-gestio-asistencial\\\/#primaryimage\"},\"image\":{\"@id\":\"https:\\\/\\\/addinformatica.com\\\/ca\\\/conferencies\\\/gerotecnologia-i-gestio-asistencial\\\/#primaryimage\"},\"thumbnailUrl\":\"https:\\\/\\\/addinformatica.com\\\/wp-content\\\/uploads\\\/2016\\\/02\\\/img_gerotecnologia.jpg\",\"datePublished\":\"2021-02-16T10:22:08+00:00\",\"dateModified\":\"2021-09-21T09:02:44+00:00\",\"author\":{\"@id\":\"https:\\\/\\\/addinformatica.com\\\/#\\\/schema\\\/person\\\/063f1036d6af39f34b17382e1b7fdd24\"},\"breadcrumb\":{\"@id\":\"https:\\\/\\\/addinformatica.com\\\/ca\\\/conferencies\\\/gerotecnologia-i-gestio-asistencial\\\/#breadcrumb\"},\"inLanguage\":\"ca\",\"potentialAction\":[{\"@type\":\"ReadAction\",\"target\":[\"https:\\\/\\\/addinformatica.com\\\/ca\\\/conferencies\\\/gerotecnologia-i-gestio-asistencial\\\/\"]}]},{\"@type\":\"ImageObject\",\"inLanguage\":\"ca\",\"@id\":\"https:\\\/\\\/addinformatica.com\\\/ca\\\/conferencies\\\/gerotecnologia-i-gestio-asistencial\\\/#primaryimage\",\"url\":\"https:\\\/\\\/addinformatica.com\\\/wp-content\\\/uploads\\\/2016\\\/02\\\/img_gerotecnologia.jpg\",\"contentUrl\":\"https:\\\/\\\/addinformatica.com\\\/wp-content\\\/uploads\\\/2016\\\/02\\\/img_gerotecnologia.jpg\",\"width\":1000,\"height\":611},{\"@type\":\"BreadcrumbList\",\"@id\":\"https:\\\/\\\/addinformatica.com\\\/ca\\\/conferencies\\\/gerotecnologia-i-gestio-asistencial\\\/#breadcrumb\",\"itemListElement\":[{\"@type\":\"ListItem\",\"position\":1,\"name\":\"Portada\",\"item\":\"https:\\\/\\\/addinformatica.com\\\/ca\\\/\"},{\"@type\":\"ListItem\",\"position\":2,\"name\":\"Gerotecnologia i gesti\u00f3 asistencial\"}]},{\"@type\":\"WebSite\",\"@id\":\"https:\\\/\\\/addinformatica.com\\\/#website\",\"url\":\"https:\\\/\\\/addinformatica.com\\\/\",\"name\":\"ResiPlus\",\"description\":\"Software de gesti\u00f3n de residencias, centros de d\u00eda y discapacitados | ResiPlus\",\"potentialAction\":[{\"@type\":\"SearchAction\",\"target\":{\"@type\":\"EntryPoint\",\"urlTemplate\":\"https:\\\/\\\/addinformatica.com\\\/?s={search_term_string}\"},\"query-input\":{\"@type\":\"PropertyValueSpecification\",\"valueRequired\":true,\"valueName\":\"search_term_string\"}}],\"inLanguage\":\"ca\"},{\"@type\":\"Person\",\"@id\":\"https:\\\/\\\/addinformatica.com\\\/#\\\/schema\\\/person\\\/063f1036d6af39f34b17382e1b7fdd24\",\"name\":\"ADD_es_admin\",\"image\":{\"@type\":\"ImageObject\",\"inLanguage\":\"ca\",\"@id\":\"https:\\\/\\\/secure.gravatar.com\\\/avatar\\\/f24b1ca4e9d4f6821988e85d4d11d5a5a70c73477e7bd56eb713e4abc2e4ab23?s=96&d=mm&r=g\",\"url\":\"https:\\\/\\\/secure.gravatar.com\\\/avatar\\\/f24b1ca4e9d4f6821988e85d4d11d5a5a70c73477e7bd56eb713e4abc2e4ab23?s=96&d=mm&r=g\",\"contentUrl\":\"https:\\\/\\\/secure.gravatar.com\\\/avatar\\\/f24b1ca4e9d4f6821988e85d4d11d5a5a70c73477e7bd56eb713e4abc2e4ab23?s=96&d=mm&r=g\",\"caption\":\"ADD_es_admin\"},\"sameAs\":[\"https:\\\/\\\/resiplus.dagocreativo.com\"],\"url\":\"https:\\\/\\\/addinformatica.com\\\/ca\\\/author\\\/add_es_admin\\\/\"}]}<\/script>\n<!-- \/ Yoast SEO plugin. -->","yoast_head_json":{"title":"Gerotecnologia i gesti\u00f3 asistencial - ResiPlus","robots":{"index":"index","follow":"follow","max-snippet":"max-snippet:-1","max-image-preview":"max-image-preview:large","max-video-preview":"max-video-preview:-1"},"canonical":"https:\/\/addinformatica.com\/ca\/conferencies\/gerotecnologia-i-gestio-asistencial\/","og_locale":"ca_ES","og_type":"article","og_title":"Gerotecnologia i gesti\u00f3 asistencial - ResiPlus","og_description":"Dimecres 16 de Mar\u00e7 el convidem a participar en un mat\u00ed diferent, a formar part d\u2019una jornada de Gerotecnologia i gesti\u00f3 asistencial en Nuevo Hogar de Ancianos Ledor Vador. Est\u00e0 destinat a Resid\u00e8ncies i Centres com el vostre amb ganes d\u2019assolir els seus objectius i aconseguir l\u2019\u00e8xit dels seus negocis de la m\u00e0 d\u2019empreses tecnol\u00f2giques [...]","og_url":"https:\/\/addinformatica.com\/ca\/conferencies\/gerotecnologia-i-gestio-asistencial\/","og_site_name":"ResiPlus","article_published_time":"2021-02-16T10:22:08+00:00","article_modified_time":"2021-09-21T09:02:44+00:00","og_image":[{"width":1000,"height":611,"url":"https:\/\/addinformatica.com\/wp-content\/uploads\/2016\/02\/img_gerotecnologia.jpg","type":"image\/jpeg"}],"author":"ADD_es_admin","twitter_card":"summary_large_image","twitter_misc":{"Escrit per":"ADD_es_admin","Temps estimat de lectura":"2 minuts"},"schema":{"@context":"https:\/\/schema.org","@graph":[{"@type":"Article","@id":"https:\/\/addinformatica.com\/ca\/conferencies\/gerotecnologia-i-gestio-asistencial\/#article","isPartOf":{"@id":"https:\/\/addinformatica.com\/ca\/conferencies\/gerotecnologia-i-gestio-asistencial\/"},"author":{"name":"ADD_es_admin","@id":"https:\/\/addinformatica.com\/#\/schema\/person\/063f1036d6af39f34b17382e1b7fdd24"},"headline":"Gerotecnologia i gesti\u00f3 asistencial","datePublished":"2021-02-16T10:22:08+00:00","dateModified":"2021-09-21T09:02:44+00:00","mainEntityOfPage":{"@id":"https:\/\/addinformatica.com\/ca\/conferencies\/gerotecnologia-i-gestio-asistencial\/"},"wordCount":253,"image":{"@id":"https:\/\/addinformatica.com\/ca\/conferencies\/gerotecnologia-i-gestio-asistencial\/#primaryimage"},"thumbnailUrl":"https:\/\/addinformatica.com\/wp-content\/uploads\/2016\/02\/img_gerotecnologia.jpg","articleSection":["Confer\u00e8ncies","Noticies"],"inLanguage":"ca"},{"@type":"WebPage","@id":"https:\/\/addinformatica.com\/ca\/conferencies\/gerotecnologia-i-gestio-asistencial\/","url":"https:\/\/addinformatica.com\/ca\/conferencies\/gerotecnologia-i-gestio-asistencial\/","name":"Gerotecnologia i gesti\u00f3 asistencial - ResiPlus","isPartOf":{"@id":"https:\/\/addinformatica.com\/#website"},"primaryImageOfPage":{"@id":"https:\/\/addinformatica.com\/ca\/conferencies\/gerotecnologia-i-gestio-asistencial\/#primaryimage"},"image":{"@id":"https:\/\/addinformatica.com\/ca\/conferencies\/gerotecnologia-i-gestio-asistencial\/#primaryimage"},"thumbnailUrl":"https:\/\/addinformatica.com\/wp-content\/uploads\/2016\/02\/img_gerotecnologia.jpg","datePublished":"2021-02-16T10:22:08+00:00","dateModified":"2021-09-21T09:02:44+00:00","author":{"@id":"https:\/\/addinformatica.com\/#\/schema\/person\/063f1036d6af39f34b17382e1b7fdd24"},"breadcrumb":{"@id":"https:\/\/addinformatica.com\/ca\/conferencies\/gerotecnologia-i-gestio-asistencial\/#breadcrumb"},"inLanguage":"ca","potentialAction":[{"@type":"ReadAction","target":["https:\/\/addinformatica.com\/ca\/conferencies\/gerotecnologia-i-gestio-asistencial\/"]}]},{"@type":"ImageObject","inLanguage":"ca","@id":"https:\/\/addinformatica.com\/ca\/conferencies\/gerotecnologia-i-gestio-asistencial\/#primaryimage","url":"https:\/\/addinformatica.com\/wp-content\/uploads\/2016\/02\/img_gerotecnologia.jpg","contentUrl":"https:\/\/addinformatica.com\/wp-content\/uploads\/2016\/02\/img_gerotecnologia.jpg","width":1000,"height":611},{"@type":"BreadcrumbList","@id":"https:\/\/addinformatica.com\/ca\/conferencies\/gerotecnologia-i-gestio-asistencial\/#breadcrumb","itemListElement":[{"@type":"ListItem","position":1,"name":"Portada","item":"https:\/\/addinformatica.com\/ca\/"},{"@type":"ListItem","position":2,"name":"Gerotecnologia i gesti\u00f3 asistencial"}]},{"@type":"WebSite","@id":"https:\/\/addinformatica.com\/#website","url":"https:\/\/addinformatica.com\/","name":"ResiPlus","description":"Software de gesti\u00f3n de residencias, centros de d\u00eda y discapacitados | ResiPlus","potentialAction":[{"@type":"SearchAction","target":{"@type":"EntryPoint","urlTemplate":"https:\/\/addinformatica.com\/?s={search_term_string}"},"query-input":{"@type":"PropertyValueSpecification","valueRequired":true,"valueName":"search_term_string"}}],"inLanguage":"ca"},{"@type":"Person","@id":"https:\/\/addinformatica.com\/#\/schema\/person\/063f1036d6af39f34b17382e1b7fdd24","name":"ADD_es_admin","image":{"@type":"ImageObject","inLanguage":"ca","@id":"https:\/\/secure.gravatar.com\/avatar\/f24b1ca4e9d4f6821988e85d4d11d5a5a70c73477e7bd56eb713e4abc2e4ab23?s=96&d=mm&r=g","url":"https:\/\/secure.gravatar.com\/avatar\/f24b1ca4e9d4f6821988e85d4d11d5a5a70c73477e7bd56eb713e4abc2e4ab23?s=96&d=mm&r=g","contentUrl":"https:\/\/secure.gravatar.com\/avatar\/f24b1ca4e9d4f6821988e85d4d11d5a5a70c73477e7bd56eb713e4abc2e4ab23?s=96&d=mm&r=g","caption":"ADD_es_admin"},"sameAs":["https:\/\/resiplus.dagocreativo.com"],"url":"https:\/\/addinformatica.com\/ca\/author\/add_es_admin\/"}]}},"_links":{"self":[{"href":"https:\/\/addinformatica.com\/ca\/wp-json\/wp\/v2\/posts\/21468","targetHints":{"allow":["GET"]}}],"collection":[{"href":"https:\/\/addinformatica.com\/ca\/wp-json\/wp\/v2\/posts"}],"about":[{"href":"https:\/\/addinformatica.com\/ca\/wp-json\/wp\/v2\/types\/post"}],"author":[{"embeddable":true,"href":"https:\/\/addinformatica.com\/ca\/wp-json\/wp\/v2\/users\/1"}],"replies":[{"embeddable":true,"href":"https:\/\/addinformatica.com\/ca\/wp-json\/wp\/v2\/comments?post=21468"}],"version-history":[{"count":0,"href":"https:\/\/addinformatica.com\/ca\/wp-json\/wp\/v2\/posts\/21468\/revisions"}],"wp:featuredmedia":[{"embeddable":true,"href":"https:\/\/addinformatica.com\/ca\/wp-json\/wp\/v2\/media\/20192"}],"wp:attachment":[{"href":"https:\/\/addinformatica.com\/ca\/wp-json\/wp\/v2\/media?parent=21468"}],"wp:term":[{"taxonomy":"category","embeddable":true,"href":"https:\/\/addinformatica.com\/ca\/wp-json\/wp\/v2\/categories?post=21468"},{"taxonomy":"post_tag","embeddable":true,"href":"https:\/\/addinformatica.com\/ca\/wp-json\/wp\/v2\/tags?post=21468"},{"taxonomy":"video-cat","embeddable":true,"href":"https:\/\/addinformatica.com\/ca\/wp-json\/wp\/v2\/video-cat?post=21468"}],"curies":[{"name":"wp","href":"https:\/\/api.w.org\/{rel}","templated":true}]}}